{"id":318551,"date":"2025-08-14T12:06:10","date_gmt":"2025-08-14T12:06:10","guid":{"rendered":"https:\/\/www.europesays.com\/fr\/318551\/"},"modified":"2025-08-14T12:06:10","modified_gmt":"2025-08-14T12:06:10","slug":"le-sm-caen-devra-faire-avec-sept-absents-face-a-quevilly-rouen-metropole","status":"publish","type":"post","link":"https:\/\/www.europesays.com\/fr\/318551\/","title":{"rendered":"Le SM Caen devra faire avec sept absents face \u00e0 Quevilly Rouen M\u00e9tropole"},"content":{"rendered":"<p>Large vainqueur d&rsquo;Aubagne (3-0) pour lancer son retour en National, le SM Caen se d\u00e9place chez Quevilly-Rouen ce vendredi lors de la 2e journ\u00e9e. Le Coach Maxime d&rsquo;Ornano doit composer avec une liste d&rsquo;absence de plus en plus cons\u00e9quente sans pour autant se r\u00e9fugier derri\u00e8re cette contrainte.<\/p>\n<p>Pour son deuxi\u00e8me match de National sur le banc du SM Caen, Maxime D&rsquo;Ornano va de nouveau de voir composer avec un groupe qui se r\u00e9duit comme une peau de chagrin. Le coach caennais <strong>devra se passer de quatre des onze titulaires<\/strong> qui ont battus Aubagne (3-0) lors de la premi\u00e8re journ\u00e9e.<\/p>\n<p>Aux absents de la semaine pass\u00e9e contre Aubagne (Les recrues\u00a0<strong>Samuel Noireau-Dauriat<\/strong>, touch\u00e9 aux quadriceps, <strong>Ronny Labonne<\/strong> et le milieu <strong>L\u00e9o Milliner<\/strong>) ce sont ajout\u00e9s les milieux de terrain <strong>Mohamed Hafid et No\u00e9 Lebreton<\/strong>. Le d\u00e9fenseur <strong>L\u00e9andro Morante<\/strong>, sorti en cours de match vendredi dernier est \u00e9galement \u00e0 l&rsquo;infirmerie. Quant \u00e0 <strong>Didi Gaucho<\/strong>, souvent avertis la saison pass\u00e9e (Dix jaunes en vingt-neuf matchs), il sera suspendu apr\u00e8s son expulsion contre Aubagne.<\/p>\n<p>\u00ab\u00a0Il y quelques absents reconna\u00eet avec le sens de la litote <strong>Maxime d&rsquo;Ornano<\/strong> mais quand on est coach on parle de l&rsquo;importance de la notion de groupe et d&rsquo;avoir tout le monde concern\u00e9. Il y a des joueurs qui n&rsquo;ont pas d\u00e9but\u00e9 la semaine pass\u00e9e . On a aussi des joueurs de la r\u00e9serve qui se sont entra\u00een\u00e9s avec nous cette semaine. C&rsquo;est le jeu de la saison, cela vient vite mais c&rsquo;est comme cela.\u00a0\u00bb<\/p>\n<p><img loading=\"lazy\" decoding=\"async\" class=\"VisualPreview svelte-1rldrkz\" src=\"data:image\/jpeg;base64,\/9j\/2wBDACgcHiMeGSgjISMtKygwPGRBPDc3PHtYXUlkkYCZlo+AjIqgtObDoKrarYqMyP\/L2u71\/\/\/\/m8H\/\/\/\/6\/+b9\/\/j\/2wBDASstLTw1PHZBQXb4pYyl+Pj4+Pj4+Pj4+Pj4+Pj4+Pj4+Pj4+Pj4+Pj4+Pj4+Pj4+Pj4+Pj4+Pj4+Pj4+Pj4+Pj\/wAARCAAfACoDASIAAhEBAxEB\/8QAFwABAQEBAAAAAAAAAAAAAAAAAwABAv\/EABgQAQEBAQEAAAAAAAAAAAAAAAASEQEC\/8QAFQEBAQAAAAAAAAAAAAAAAAAAAQD\/xAAVEQEBAAAAAAAAAAAAAAAAAAAAAf\/aAAwDAQACEQMRAD8AWmUOnPfRsRaVBpUEam6LnptECpnfQ6VKp3q0erQS89NoVKin\/9k=\" alt=\"Vinicius Gomez devrait conna\u00eetre sa premi\u00e8re titularisation avec le SM Caen\" width=\"600\" height=\"450\"\/>  Vinicius Gomez devrait conna\u00eetre sa premi\u00e8re titularisation avec le SM Caen \u00a9 Radio France &#8211; Olivier Duc<\/p>\n<p>Le SMC pourra heureusement compter sur des retours. Celui en d\u00e9fense de <strong>Brahim Traor\u00e9<\/strong> est plus que bienvenu. Il devrait postuler pour composer une charni\u00e8re in\u00e9dite avec la recrue <strong>Vinicius Gomez<\/strong> entr\u00e9 en cours de match la semaine pass\u00e9e.\u00a0\u00ab\u00a0C&rsquo;\u00e9tait un d\u00e9but important pour moi avec une victoire et un but mais l&rsquo;important c&rsquo;est l&rsquo;\u00e9quipe. On n&rsquo;a pas pris de but.\u00a0\u00bb Et\u00a0<strong>Belkacem Dali-Amar<\/strong> est apte \u00e0 revenir dans le groupe apr\u00e8s avoir manqu\u00e9 la premi\u00e8re journ\u00e9e.<\/p>\n<p>La semaine prochaine devrait voir heureusement des retours. <strong>Samuel Noirot-Doria, L\u00e9andro Morante et No\u00e9 Lebreton<\/strong> devraient pouvoir reprendre l&rsquo;entra\u00eenement.<\/p>\n","protected":false},"excerpt":{"rendered":"Large vainqueur d&rsquo;Aubagne (3-0) pour lancer son retour en National, le SM Caen se d\u00e9place chez Quevilly-Rouen ce&hellip;\n","protected":false},"author":2,"featured_media":318552,"comment_status":"","ping_status":"","sticky":false,"template":"","format":"standard","meta":{"footnotes":""},"categories":[9587],"tags":[1111,11,1777,674,1011,27,12,5161,25,9590],"class_list":{"0":"post-318551","1":"post","2":"type-post","3":"status-publish","4":"format-standard","5":"has-post-thumbnail","7":"category-rouen","8":"tag-actu","9":"tag-actualites","10":"tag-eu","11":"tag-europe","12":"tag-fr","13":"tag-france","14":"tag-news","15":"tag-normandie","16":"tag-republique-francaise","17":"tag-rouen"},"share_on_mastodon":{"url":"https:\/\/pubeurope.com\/@fr\/115027036360988667","error":""},"_links":{"self":[{"href":"https:\/\/www.europesays.com\/fr\/wp-json\/wp\/v2\/posts\/318551","targetHints":{"allow":["GET"]}}],"collection":[{"href":"https:\/\/www.europesays.com\/fr\/wp-json\/wp\/v2\/posts"}],"about":[{"href":"https:\/\/www.europesays.com\/fr\/wp-json\/wp\/v2\/types\/post"}],"author":[{"embeddable":true,"href":"https:\/\/www.europesays.com\/fr\/wp-json\/wp\/v2\/users\/2"}],"replies":[{"embeddable":true,"href":"https:\/\/www.europesays.com\/fr\/wp-json\/wp\/v2\/comments?post=318551"}],"version-history":[{"count":0,"href":"https:\/\/www.europesays.com\/fr\/wp-json\/wp\/v2\/posts\/318551\/revisions"}],"wp:featuredmedia":[{"embeddable":true,"href":"https:\/\/www.europesays.com\/fr\/wp-json\/wp\/v2\/media\/318552"}],"wp:attachment":[{"href":"https:\/\/www.europesays.com\/fr\/wp-json\/wp\/v2\/media?parent=318551"}],"wp:term":[{"taxonomy":"category","embeddable":true,"href":"https:\/\/www.europesays.com\/fr\/wp-json\/wp\/v2\/categories?post=318551"},{"taxonomy":"post_tag","embeddable":true,"href":"https:\/\/www.europesays.com\/fr\/wp-json\/wp\/v2\/tags?post=318551"}],"curies":[{"name":"wp","href":"https:\/\/api.w.org\/{rel}","templated":true}]}}