{"id":318553,"date":"2025-08-14T12:07:10","date_gmt":"2025-08-14T12:07:10","guid":{"rendered":"https:\/\/www.europesays.com\/fr\/318553\/"},"modified":"2025-08-14T12:07:10","modified_gmt":"2025-08-14T12:07:10","slug":"canicule-fin-de-la-vigilance-rouge-en-isere-mais-les-temperatures-vont-rester-etouffantes","status":"publish","type":"post","link":"https:\/\/www.europesays.com\/fr\/318553\/","title":{"rendered":"Canicule. Fin de la vigilance rouge en Is\u00e8re, mais les temp\u00e9ratures vont rester \u00e9touffantes"},"content":{"rendered":"<p>            Par<br \/>\n        <strong><br \/>\n            <a href=\"https:\/\/actu.fr\/auteur\/redaction-grenoble\" title=\"Consulter tous les articles de R\u00e9daction Grenoble\" target=\"_blank\" rel=\"noopener\">R\u00e9daction Grenoble<\/a><br \/>\n        <\/strong><\/p>\n<p>        Publi\u00e9 le<\/p>\n<p>            14 ao\u00fbt 2025 \u00e0 10h08        <\/p>\n<p>Depuis 6 heures jeudi 14 ao\u00fbt, l\u2019<a href=\"https:\/\/actu.fr\/auvergne-rhone-alpes\/isere_38\" target=\"_blank\" rel=\"noopener\">Is\u00e8re<\/a> est <strong>redescendue en vigilance orange canicule<\/strong>, tout comme le Rh\u00f4ne, la Dr\u00f4me et l\u2019Ard\u00e8che.<\/p>\n<p class=\" wall-content\">Apr\u00e8s une <a href=\"https:\/\/actu.fr\/meteo\/l-isere-et-grenoble-toujours-en-vigilance-rouge-canicule-des-records-de-chaleur-battus_63028432.html\" target=\"_blank\" rel=\"noopener\">journ\u00e9e de mercredi \u00e9touffante<\/a> o\u00f9 les temp\u00e9ratures maximales relev\u00e9es par M\u00e9t\u00e9o-France \u00e9taient comprises entre 37\u00b0C et 41\u00b0C, et malgr\u00e9 des averses orageuses dans la soir\u00e9e et la nuit, le mercure devrait rester \u00e9lev\u00e9 ce jeudi, ainsi qu\u2019une partie du long week-end du 15 ao\u00fbt.<\/p>\n<p>    <a href=\"https:\/\/www.facebook.com\/plugins\/post.php?href=https%3A%2F%2Fwww.facebook.com%2FPrefet38%2Fposts%2Fpfbid02Q2VGMjjLW8DyZfJNk8aEc2sSnBV4k299YtjnopjKKySwDSJGa2oCCEE9u4ESSPfUl&amp;show_text=true&amp;width=350\" title=\"Ouvrie le lien\" target=\"_blank\" rel=\"noopener\">Cliquez ici pour visualiser le contenu<\/a><\/p>\n<p class=\" wall-content\">Voici les pr\u00e9visions de M\u00e9t\u00e9o-France.<\/p>\n<p>Des orages annonc\u00e9s dans l\u2019apr\u00e8s-midi<\/p>\n<p class=\" wall-content\">Ce jeudi, \u00ab\u00a0<strong>l\u2019intensit\u00e9 de la canicule diminue<\/strong> un peu en journ\u00e9e mais se maintient \u00e0 des valeurs encore tr\u00e8s \u00e9lev\u00e9es\u00a0\u00bb, pr\u00e9vient le service public de m\u00e9t\u00e9orologie.\u00a0La barre des 30\u00b0C va \u00eatre franchie dans la matin\u00e9e \u00e0 <a href=\"https:\/\/actu.fr\/auvergne-rhone-alpes\/grenoble_38185\" target=\"_blank\" rel=\"noopener\">Grenoble<\/a> et en Nord-Is\u00e8re, avec des maximales \u00e0 37\u00b0C annonc\u00e9e pour la capitale des Alpes \u2013 contre 39,4\u00b0C mercredi \u2013 ou 38\u00b0C le long du Rh\u00f4ne.<\/p>\n<p class=\" wall-content\">Des <a href=\"https:\/\/actu.fr\/auvergne-rhone-alpes\/grenoble_38185\/en-pleine-canicule-des-orages-arrivent-sur-grenoble-et-en-isere-meteo-france-active-sa-vigilance_63030226.html\" target=\"_blank\" rel=\"noopener\">orages<\/a> devraient toutefois traverser une nouvelle fois le territoire dans l\u2019apr\u00e8s-midi, potentiellement accompagn\u00e9s d\u2019une petite pluie dans les massifs alpins is\u00e9rois et autour de l\u2019agglom\u00e9ration grenobloise. L\u2019Is\u00e8re est en <strong>vigilance jaune orages<\/strong> de 15 heures \u00e0 23 heures.<\/p>\n<p class=\" wall-content\">Pas de quoi rafra\u00eechir \u00e9norm\u00e9ment les organismes, puisque \u00ab\u00a0la nuit de jeudi \u00e0 vendredi reste tr\u00e8s chaude avec des temp\u00e9ratures minimales qui sont encore de l\u2019ordre de 19 \u00e0 23\u00b0C sur des larges secteurs de plaines, et plus particuli\u00e8rement dans les grandes agglom\u00e9rations comme <a href=\"https:\/\/actu.fr\/auvergne-rhone-alpes\/lyon_69123\" target=\"_blank\" rel=\"noopener\">Lyon<\/a> ou Grenoble\u00a0\u00bb, insiste M\u00e9t\u00e9o-France.<\/p>\n<p>\u00ab\u00a0Nouveau pic caniculaire\u00a0\u00bb dans le week-end<\/p>\n<p class=\" wall-content\">Comme annonc\u00e9 depuis plusieurs jours, \u00ab\u00a0<strong>la vague de chaleur devrait se poursuivre<\/strong> en fin de semaine\u00a0\u00bb avec \u00ab\u00a0un nouveau pic caniculaire\u00a0\u00bb attendu pour le d\u00e9but du week-end. En Is\u00e8re, le thermom\u00e8tre ne devrait pas descendre en dessous des 33\u00b0C en plaine \u2013 au plus bas- , selon les derni\u00e8res cartes publi\u00e9es par M\u00e9t\u00e9o-France.<\/p>\n<p class=\" wall-content\">La vigilance orange canicule est, pour le moment, maintenue jusqu\u2019\u00e0 vendredi 15 ao\u00fbt au soir.<\/p>\n<p class=\" wall-content\">Suivez toute l\u2019actualit\u00e9 de vos villes et m\u00e9dias favoris en vous inscrivant \u00e0 <a href=\"https:\/\/moncompte.actu.fr\" title=\"D\u00e9couvez Mon Actu\" rel=\"nofollow noopener\" data-trk=\"{&quot;cta&quot;:{&quot;action&quot;:&quot;https:\\\/\\\/moncompte.actu.fr&quot;,&quot;category&quot;:&quot;mon compte&quot;,&quot;from&quot;:&quot;article footer&quot;,&quot;name&quot;:&quot;Mon actu&quot;,&quot;type&quot;:&quot;cta&quot;}}\" target=\"_blank\">Mon Actu<\/a>.<\/p>\n","protected":false},"excerpt":{"rendered":"Par R\u00e9daction Grenoble Publi\u00e9 le 14 ao\u00fbt 2025 \u00e0 10h08 Depuis 6 heures jeudi 14 ao\u00fbt, l\u2019Is\u00e8re est&hellip;\n","protected":false},"author":2,"featured_media":318554,"comment_status":"","ping_status":"","sticky":false,"template":"","format":"standard","meta":{"footnotes":""},"categories":[9566],"tags":[1111,11,2430,6698,1777,674,1011,27,2731,2487,2357,12,25],"class_list":{"0":"post-318553","1":"post","2":"type-post","3":"status-publish","4":"format-standard","5":"has-post-thumbnail","7":"category-grenoble","8":"tag-actu","9":"tag-actualites","10":"tag-auvergne-rhone-alpes","11":"tag-canicule","12":"tag-eu","13":"tag-europe","14":"tag-fr","15":"tag-france","16":"tag-grenoble","17":"tag-meteo","18":"tag-meteo-france","19":"tag-news","20":"tag-republique-francaise"},"share_on_mastodon":{"url":"https:\/\/pubeurope.com\/@fr\/115027040222708070","error":""},"_links":{"self":[{"href":"https:\/\/www.europesays.com\/fr\/wp-json\/wp\/v2\/posts\/318553","targetHints":{"allow":["GET"]}}],"collection":[{"href":"https:\/\/www.europesays.com\/fr\/wp-json\/wp\/v2\/posts"}],"about":[{"href":"https:\/\/www.europesays.com\/fr\/wp-json\/wp\/v2\/types\/post"}],"author":[{"embeddable":true,"href":"https:\/\/www.europesays.com\/fr\/wp-json\/wp\/v2\/users\/2"}],"replies":[{"embeddable":true,"href":"https:\/\/www.europesays.com\/fr\/wp-json\/wp\/v2\/comments?post=318553"}],"version-history":[{"count":0,"href":"https:\/\/www.europesays.com\/fr\/wp-json\/wp\/v2\/posts\/318553\/revisions"}],"wp:featuredmedia":[{"embeddable":true,"href":"https:\/\/www.europesays.com\/fr\/wp-json\/wp\/v2\/media\/318554"}],"wp:attachment":[{"href":"https:\/\/www.europesays.com\/fr\/wp-json\/wp\/v2\/media?parent=318553"}],"wp:term":[{"taxonomy":"category","embeddable":true,"href":"https:\/\/www.europesays.com\/fr\/wp-json\/wp\/v2\/categories?post=318553"},{"taxonomy":"post_tag","embeddable":true,"href":"https:\/\/www.europesays.com\/fr\/wp-json\/wp\/v2\/tags?post=318553"}],"curies":[{"name":"wp","href":"https:\/\/api.w.org\/{rel}","templated":true}]}}