{"id":318556,"date":"2025-08-14T12:09:10","date_gmt":"2025-08-14T12:09:10","guid":{"rendered":"https:\/\/www.europesays.com\/fr\/318556\/"},"modified":"2025-08-14T12:09:10","modified_gmt":"2025-08-14T12:09:10","slug":"fete-du-15-aout-en-ille-et-vilaine-ou-voir-des-feux-dartifice","status":"publish","type":"post","link":"https:\/\/www.europesays.com\/fr\/318556\/","title":{"rendered":"F\u00eate du 15\u00a0ao\u00fbt en Ille-et-Vilaine\u00a0: o\u00f9 voir des feux d\u2019artifice\u00a0?"},"content":{"rendered":"<p>Comme lors de la F\u00eate Nationale du 14-Juillet, plusieurs festivit\u00e9s sont organis\u00e9es un peu partout en France, ce vendredi 15 ao\u00fbt 2025. En Ille-et-Vilaine, il y aura deux temps forts, \u00e0 l\u2019occasion de l\u2019Assomption.<\/p>\n<p>Deux feux d\u2019artifice<\/p>\n<p>Pr\u00e8s de Saint-Malo, plus pr\u00e9cis\u00e9ment au Minihic-sur-Rance, un concert du groupe Waraok de musique m\u00e9di\u00e9vale sera organis\u00e9 \u00e0 partir de 18 h, avant un feu d\u2019artifice et un embrasement de la cale de la Landrais, \u00e0 partir de 23 h.<\/p>\n<p>Saint-Briac-sur-Mer organise \u00e9galement son feu d\u2019artifice, sur la plage du Port Hue. Apr\u00e8s une journ\u00e9e riche en activit\u00e9s, entre une c\u00e9r\u00e9monie au monument aux Am\u00e9ricains puis un envol de cerfs-volants propos\u00e9 par l\u2019association Les L\u00e9zards Volants, le spectacle pyrotechnique sera propos\u00e9 d\u00e8s 23 h. Celui-ci sera visible depuis le balcon d\u2019\u00c9meraude, le jardin Armel-Beaufils ou encore la plage du B\u00e9chet.<\/p>\n","protected":false},"excerpt":{"rendered":"Comme lors de la F\u00eate Nationale du 14-Juillet, plusieurs festivit\u00e9s sont organis\u00e9es un peu partout en France, ce&hellip;\n","protected":false},"author":2,"featured_media":318557,"comment_status":"","ping_status":"","sticky":false,"template":"","format":"standard","meta":{"footnotes":""},"categories":[2821],"tags":[1111,11,829,24351,1777,674,1011,27,848,12,584,25,3728],"class_list":{"0":"post-318556","1":"post","2":"type-post","3":"status-publish","4":"format-standard","5":"has-post-thumbnail","7":"category-rennes","8":"tag-actu","9":"tag-actualites","10":"tag-bretagne","11":"tag-dinard","12":"tag-eu","13":"tag-europe","14":"tag-fr","15":"tag-france","16":"tag-ille-et-vilaine","17":"tag-news","18":"tag-rennes","19":"tag-republique-francaise","20":"tag-saint-malo"},"share_on_mastodon":{"url":"https:\/\/pubeurope.com\/@fr\/115027048234144861","error":""},"_links":{"self":[{"href":"https:\/\/www.europesays.com\/fr\/wp-json\/wp\/v2\/posts\/318556","targetHints":{"allow":["GET"]}}],"collection":[{"href":"https:\/\/www.europesays.com\/fr\/wp-json\/wp\/v2\/posts"}],"about":[{"href":"https:\/\/www.europesays.com\/fr\/wp-json\/wp\/v2\/types\/post"}],"author":[{"embeddable":true,"href":"https:\/\/www.europesays.com\/fr\/wp-json\/wp\/v2\/users\/2"}],"replies":[{"embeddable":true,"href":"https:\/\/www.europesays.com\/fr\/wp-json\/wp\/v2\/comments?post=318556"}],"version-history":[{"count":0,"href":"https:\/\/www.europesays.com\/fr\/wp-json\/wp\/v2\/posts\/318556\/revisions"}],"wp:featuredmedia":[{"embeddable":true,"href":"https:\/\/www.europesays.com\/fr\/wp-json\/wp\/v2\/media\/318557"}],"wp:attachment":[{"href":"https:\/\/www.europesays.com\/fr\/wp-json\/wp\/v2\/media?parent=318556"}],"wp:term":[{"taxonomy":"category","embeddable":true,"href":"https:\/\/www.europesays.com\/fr\/wp-json\/wp\/v2\/categories?post=318556"},{"taxonomy":"post_tag","embeddable":true,"href":"https:\/\/www.europesays.com\/fr\/wp-json\/wp\/v2\/tags?post=318556"}],"curies":[{"name":"wp","href":"https:\/\/api.w.org\/{rel}","templated":true}]}}