{"id":318558,"date":"2025-08-14T12:10:10","date_gmt":"2025-08-14T12:10:10","guid":{"rendered":"https:\/\/www.europesays.com\/fr\/318558\/"},"modified":"2025-08-14T12:10:10","modified_gmt":"2025-08-14T12:10:10","slug":"suivez-en-live-la-conference-de-presse-de-roberto-de-zerbi-et-leo-balerdi-avant-le-premier-match-de-la-saison-de-ligue-1","status":"publish","type":"post","link":"https:\/\/www.europesays.com\/fr\/318558\/","title":{"rendered":"suivez en live la conf\u00e9rence de presse de Roberto De Zerbi et Leo Balerdi avant le premier match de la saison de Ligue 1"},"content":{"rendered":"<p>14h08<\/p>\n<p>De Zerbi reste \u00e9vasif sur la piste Zhegrova<\/p>\n<p>Roberto De Zerbi: \u00ab\u00a0Ce n&rsquo;est pas un de mes joueurs. Je ne peux pas en parler. C&rsquo;est un joueur fort mais on le savait d\u00e9j\u00e0 tous. S&rsquo;il devient un joueur de l&rsquo;OM, je vous donnerai mon avis.\u00a0\u00bb<\/p>\n<p>14h07<\/p>\n<p>De Zerbi est relanc\u00e9 sur son slogan<\/p>\n<p>Roberto De Zerbi: \u00ab\u00a0Je sais ce que je dois faire dans le vestiaire. Ce que fait le stade, ce n&rsquo;est pas ma responsabilit\u00e9. Jouer dans ce stade, \u00e7a fait plaisir. Les joueurs se sentent engag\u00e9s, c&rsquo;est quelque chose qui unit. Je le disais l&rsquo;an dernier. Avant la technique, le physique, il y a l&rsquo;aspect humain.\u00a0\u00bb<\/p>\n<p>14h06<\/p>\n<p>Que serait une saison r\u00e9ussie pour l&rsquo;OM?<\/p>\n<p>Roberto De Zerbi: \u00ab\u00a0Je vous le dirai \u00e0 la fin du championnat.\u00a0\u00bb<\/p>\n<p>14h05<\/p>\n<p>De Zerbi parle de ce qu&rsquo;il attend de Gouiri<\/p>\n<p>Roberto De Zerbi: \u00ab\u00a0Les attentes, \u00e7a para\u00eet simple. Je lui demande de joeur comme un num\u00e9ro 10 et de marquer comme un num\u00e9ro 9. Ce n&rsquo;est pas facile mais il a les qualit\u00e9s. il doit encore travailler, il faut que je l&rsquo;aide \u00e0 \u00eatre un joueur qui marque tout le temps.\u00a0\u00bb<\/p>\n<p>\u00ab\u00a0Tout ce que fait Aubameyang pour \u00eatre l\u00e0, c&rsquo;est vraiment un grand champion, j&rsquo;aimerais qu&rsquo;il s&rsquo;inspire de \u00e7a.\u00a0\u00bb<\/p>\n<p>14h03<\/p>\n<p>De Zerbi parle de l&rsquo;aspect physique<\/p>\n<p>Roberto De Zerbi: \u00ab\u00a0On a voulu des matchs amicaux difficiles pour arriver physiquement en forme. On a vari\u00e9 un peu le temps de jeu, certains ont jou\u00e9 plus que d&rsquo;autres. On a aussi essay\u00e9 d&rsquo;avoir du temps de jeu pour ceux qui sont arriv\u00e9s un peu tard.\u00a0\u00bb<\/p>\n<p>14h02<\/p>\n<p>De Zerbi pr\u00e9dit un gros match Rennes-OM<\/p>\n<p>Roberto De Zerbi: \u00ab\u00a0Je ne sais pas si on fait des choses semblables. Ils sont tr\u00e8s organis\u00e9s, avec des joueurs forts. Il faut qu&rsquo;on soit ordonn\u00e9s, qu&rsquo;on sache quoi faire. On se pr\u00e9pare pour \u00e7a en sachant que le match sera tr\u00e8s difficile pour nous mais pour eux aussi.\u00a0\u00bb<\/p>\n<p>14h01<\/p>\n<p>De Zerbi explique son slogan \u00ab\u00a0Chi siamo? OM!\u00a0\u00bb<\/p>\n<p>Roberto De Zerbi: \u00ab\u00a0Moi \u00e7a me fait plaisir. Je n&rsquo;ai aucun secret dans la vie et dans le foot. Donc \u00e7a me fait plaisir que ce documentaire sorte. On est \u00e0 Marseille, on est unis avec les supporters, les dirigeants. Il y a des choses qui doivent rester dans le vestiaire. Mais on essaie de trouver notre identit\u00e9. Une fois que tu la trouves, \u00e7a doit rester en toi. Avant de savoir o\u00f9 tu veux aller, il faut comprendre qui tu es.\u00a0\u00bb<\/p>\n<p>13h59<\/p>\n<p>De Zerbi confirme deux absences<\/p>\n<p>Roberto De Zerbi: \u00ab\u00a0Paixao est encore bless\u00e9, il se remet. Medina est suspendu. Tous les autres sont en forme.\u00a0\u00bb<\/p>\n<p>13h59<\/p>\n<p>De Zerbi sur les joueurs anglais de l&rsquo;OM<\/p>\n<p>Roberto De Zerbi: \u00ab\u00a0J&rsquo;aime les joueurs forts, qu&rsquo;ils soient norv\u00e9giens ou australiens \u00e7a ne change pas. Eux sont forts.\u00a0\u00bb<\/p>\n<p>13h57<\/p>\n<p>De Zerbi pense garder ses cadres<\/p>\n<p>Roberto De Zerbi: \u00ab\u00a0Je ne pense pas qu&rsquo;ils partiront. Avoir gard\u00e9 Balerdi, Rulli, Rabiot Hojbjerg, Greenwood, c&rsquo;est important pour l&rsquo;OM et pour eux. C&rsquo;est facile de partir de Marseille mais difficile de trouver un endroit semblable.\u00a0\u00bb<\/p>\n<p>13h56<\/p>\n<p>De Zerbi se projette sur Rennes<\/p>\n<p>Roberto De Zerbi: \u00ab\u00a0Dans le foot, rien n&rsquo;est vraiment secret. Nous aussi on les conna\u00eet tr\u00e8s bien, on a beaucoup \u00e9tudi\u00e9 Rennes. Ce sera un match difficile. Des joueurs forts sont partis d&rsquo;ici pour Rennes.\u00a0\u00bb<\/p>\n<p>13h55<\/p>\n<p>De Zerbi fait le bilan du mercato&#8230; qui n&rsquo;est pas fini<\/p>\n<p>Roberto De Zerbi: \u00ab\u00a0On est plus comp\u00e9titifs je pense. Cette ann\u00e9e, on aura plus de matchs, on devra bien g\u00e9rer les charges de travail pour \u00e9viter de se retrouver avec d&rsquo;autres bless\u00e9s. Mais le mercato n&rsquo;est pas fini, en entr\u00e9es et en sorties. mais \u00e0 l&rsquo;heure actuelle, je suis tr\u00e8s content de mon \u00e9quipe.\u00a0\u00bb<\/p>\n<p>13h54<\/p>\n<p>De Zerbi sur l&rsquo;absence de Medina<\/p>\n<p>Roberto De Zerbi: \u00ab\u00a0On a des choix possibles avec Egan-Riley Cornelius, Kondogbia, Murillo, Garcia&#8230; j&rsquo;ai encore quelques doutes, je choisirai d&rsquo;ici demain.\u00a0\u00bb<\/p>\n<p>13h52<\/p>\n<p>De Zerbi fait le bilan de la pr\u00e9paration<\/p>\n<p>Roberto De Zerbi: \u00ab\u00a0On a bien travaill\u00e9, il n&rsquo;y a pas eu de blessure. On a fait un bon stage aux Pays-Bas et en Andorre, on a conclu avec deux matchs prestigieux, des matchs comp\u00e9titifs. Tout va bien mais on n&rsquo;a encore z\u00e9ro point. Demain c&rsquo;est le d\u00e9but de quelque chose de compl\u00e8tement diff\u00e9rent.\u00a0\u00bb<\/p>\n<p>13h50<\/p>\n<p>Balerdi sur les risques d\u00e9fensifs: \u00ab\u00a0On le d\u00e9cide\u00a0\u00bb<\/p>\n<p>Leonardo Balerdi: \u00ab\u00a0Avec les recrues, on va monter en puissance en d\u00e9fense. La d\u00e9cision de rester haut, d&rsquo;aider l&rsquo;\u00e9quipe \u00e0 presser fort, \u00e7a fait qu&rsquo;il y a toujours le risque de laisser beaucoup d&rsquo;espace. Mais on le d\u00e9cide. Barcelone le fait. C&rsquo;est notre d\u00e9cision, on travaille tous les jours pour am\u00e9liorer \u00e7a. Mais une des premi\u00e8res choses est de faire plus de clean-sheets.\u00a0\u00bb<\/p>\n<p>13h48<\/p>\n<p>Balerdi: \u00ab\u00a0R\u00e9duire l&rsquo;\u00e9cart avec le PSG le plus possible\u00a0\u00bb<\/p>\n<p>\u00ab\u00a0Les objectifs de l&rsquo;\u00e9quipe, de l&rsquo;OM, est de toujours s&rsquo;am\u00e9liorer. En premier lieu de se qualifier pour la Ligue des champions chaque ann\u00e9e. De faire une meilleure C1 que les derni\u00e8res ann\u00e9es, faire monter le club le plus haut possible et essayer de r\u00e9duire l&rsquo;\u00e9cart avec le PSG le plus possible.\u00a0\u00bb<\/p>\n<p>13h47<\/p>\n<p>Balerdi parle des retrouvailles avec Rongier<\/p>\n<p>\u00ab\u00a0\u00c7a m&rsquo;a touch\u00e9 quand il est parti. Quand je l&rsquo;ai vu avec le maillot de Rennes, \u00e7a m&rsquo;a fait bizarre. j&rsquo;ai connu l&rsquo;OM avec lui, pendant six ann\u00e9es. C&rsquo;\u00e9tait son moment pour partir, c&rsquo;\u00e9tait sa d\u00e9cision, je lui souhaite le meilleur. On est bons amis mais il msait que ce ne sera pas le cas demain.\u00a0\u00bb<\/p>\n<p>13h46<\/p>\n<p>Balerdi parle des demandes de De Zerbi pour jouer court<\/p>\n<p>Leonardo Balerdi: \u00ab\u00a0On essaie de contr\u00f4ler le jeu. Parfois \u00e9videmment j&rsquo;ai envie de jouer long parce que je vois les appels. Mais \u00e0 mon poste, c&rsquo;est un peu dur de les trouver, c&rsquo;est plus facile sur un c\u00f4t\u00e9. C&rsquo;est la d\u00e9cision du coach, \u00e0 moi de dire que je ne veux pas jeter le ballon. J&rsquo;aime contr\u00f4ler le jeu.\u00a0\u00bb<\/p>\n<p>13h44<\/p>\n<p>Balerdi impatient de jouer la Ligue des champions<\/p>\n<p>\u00ab\u00a0La premi\u00e8re saison de capitanat, il y a eu beaucoup de changements mais j&rsquo;ai appris beaucoup de choses, j&rsquo;ai tout donn\u00e9 pour que le club continue \u00e0 progresser. C&rsquo;est diff\u00e9rent cette ann\u00e9e, je connais le r\u00f4le et je vais continuer. Je me sens tr\u00e8s bien. En tant que capitaine, c&rsquo;est un plaisir de rester, la Ligue des champions est une de mes grandes ambitions. Chaque fois que j&rsquo;ai jou\u00e9 la Ligue des champions ici, on n&rsquo;a pas fait grand chose. J&rsquo;aimerais que ce soit diff\u00e9rent.\u00a0\u00bb<\/p>\n<p>13h43<\/p>\n<p>Balerdi parle de la concurrence Gouiri-Aubameyang<\/p>\n<p>Leonardo Balerdi: \u00ab\u00a0Avec Amine, j&rsquo;ai une tr\u00e8s bonne relation. il est tr\u00e8s professionnel, j&rsquo;aime comment il travail, sa mani\u00e8re de penser, ses ambitions. Je vais l&rsquo;aider \u00e0 \u00eatre calme, \u00e0 avoir confiance. Ce n&rsquo;est pas facile quand un attaquant comme Aubameyang arrive. Mais on va aussi aider Auba, Auba va l&rsquo;aider aussi. S&rsquo;il y a une saine comp\u00e9tition, \u00e7a va le faire grandir. On va lui parler, l&rsquo;aider.\u00a0\u00bb<\/p>\n<p>13h41<\/p>\n<p>Balerdi admet que \u00e7a discute de potentiels d\u00e9parts dans le vestiaire<\/p>\n<p>Leonardo Balerdi: \u00ab\u00a0On discute entre nous. Je pense que personne ne va partir mais c&rsquo;est le foot, on ne sait jamais. J&rsquo;ai parl\u00e9 avec les cadres, c&rsquo;est important qu&rsquo;ils restent, ce sont tous de bons joueurs et de bonnes personnes.\u00a0\u00bb<\/p>\n<p>13h40<\/p>\n<p>Balerdi sur l&rsquo;arbitrage: \u00ab\u00a0On ne doit pas se concentrer l\u00e0-dessus\u00a0\u00bb<\/p>\n<p>Leonardo Balerdi: \u00ab\u00a0On ne doit pas se concentrer l\u00e0-dessus mais sur notre jeu, \u00e7a va nous aider. C&rsquo;est vrai qu&rsquo;on en parle entre nous mais on est toujours concentr\u00e9s, l&rsquo;arbitre fait son r\u00f4le, je pense que tous les arbitres ont la bonne mentalit\u00e9 et la mani\u00e8re de nous aider sur le terrain.\u00a0\u00bb<\/p>\n<p>13h39<\/p>\n<p>Balerdi sur le fait de rester \u00e0 l&rsquo;OM cet \u00e9t\u00e9<\/p>\n<p>Leonardo Balerdi: \u00ab\u00a0Quand la saison s&rsquo;est termin\u00e9e, je ne savais pas. Quand j&rsquo;ai commenc\u00e9 \u00e0 r\u00e9fl\u00e9hir, je me suis dit qu&rsquo;il y avait beaucoup de choses qui me plaisaient, j&rsquo;aime le club et je me suis dit que je voulais sortir par la grande porte. Le club est en train de marcher sur le bon chemin et je me suis dit que je voulais rester. On a beaucoup d&rsquo;ambition.\u00a0\u00bb<\/p>\n<p>13h38<\/p>\n<p>Balerdi se projette sur Rennes<\/p>\n<p>Leonardo Balerdi: \u00ab\u00a0Ce sera un match tr\u00e8s dur, Rennes a de bonnes individualit\u00e9s, ils sont en train de construire un collectif. Avec aussi un bon coach. On a travaill\u00e9 toute la semaine sur les choses qu&rsquo;ils font bien. On a beaucoup travaill\u00e9 pendant toute la pr\u00e9paration et sp\u00e9cialement cette semaine pour Rennes.\u00a0\u00bb<\/p>\n<p>13h37<\/p>\n<p>Balerdi sur l&rsquo;int\u00e9gration de Medina et Egan-Riley<\/p>\n<p>Leonardo Balerdi: \u00ab\u00a0Avec Facundo, on a jou\u00e9 tous les matchs, on se connaissait d\u00e9j\u00e0. Egan, on a vu qu&rsquo;il comprenait les id\u00e9es du coach, il est pr\u00eat \u00e0 jouer. Toutes les recrues sont pr\u00eates \u00e0 jouer. Facundo, j&rsquo;aurais aim\u00e9 qu&rsquo;il joue mais \u00e7a va lui faire du bien de commencer la saison au V\u00e9lodrome.\u00a0\u00bb<\/p>\n<p>13h36<\/p>\n<p>Balerdi pense \u00eatre \u00e0 son meilleur niveau<\/p>\n<p>Leonardo Balerdi: \u00ab\u00a0Je pense que je suis \u00e0 mon meilleur niveau, plus grand, avec plus de caract\u00e8re. C&rsquo;est juste de la fiert\u00e9 de jouer ici et au V\u00e9lodrome.\u00a0\u00bb<\/p>\n<p>13h35<\/p>\n<p>Balerdi sur le maintien de De Zerbi<\/p>\n<p>Leonardo Balerdi: \u00ab\u00a0On sait que le coach continue, c&rsquo;est la premi\u00e8re fois que \u00e7a m&rsquo;arrive d&rsquo;avoir un coach pour une deuxi\u00e8me saison d&rsquo;affil\u00e9e. C&rsquo;est bien pour la continuit\u00e9, pour les joueurs. Cette ann\u00e9e, on va faire de belles choses avec lui. On est pr\u00eats.\u00a0\u00bb<\/p>\n<p>13h34<\/p>\n<p>Balerdi: \u00ab\u00a0L&rsquo;\u00e9quipe est pr\u00eate\u00a0\u00bb<\/p>\n<p>Leonardo Balerdi: \u00ab\u00a0Moi personnellement je suis pr\u00eat, l&rsquo;\u00e9quipe aussi. La pr\u00e9paration s&rsquo;est tr\u00e8s bien pass\u00e9e. On a fait diff\u00e9remment de l&rsquo;an pass\u00e9, on a voyag\u00e9, on a jou\u00e9 des matchs amicaux tr\u00e8s importants. Cela va nous servir toute la saison. Cela s&rsquo;est bien pass\u00e9 aussi avec les nouveaux joueurs.\u00a0\u00bb<\/p>\n<p>13h33<\/p>\n<p>On va commencer avec Balerdi<\/p>\n<p>Le capitaine se pr\u00e9sente face \u00e0 la presse.<\/p>\n<p>13h27<\/p>\n<p>Premier d\u00e9placement \u00e0 Rennes<\/p>\n<p>Apr\u00e8s une pr\u00e9paration plut\u00f4t convaincante dans le jeu, les Marseillais se rendent au Roazhon Park ce vendredi. Rennes-OM, c&rsquo;est le grand lancement de la saison de Ligue 1.<\/p>\n<p>Ce sera aussi une <a href=\"https:\/\/rmcsport.bfmtv.com\/football\/ligue-1\/leur-donner-le-maximum-de-visibilite-comment-beye-et-rennes-veulent-aider-la-chaine-ligue-1_AV-202508130402.html\" title=\"&quot;Leur donner le maximum de visibilit\u00e9&quot;, comment Beye et Rennes veulent aider la cha\u00eene Ligue 1+\" class=\"internal_link\" rel=\"nofollow noopener\" target=\"_blank\">premi\u00e8re pour la nouvelle cha\u00eene Ligue 1+<\/a>.<\/p>\n<p>13h15<\/p>\n<p>\u00ab\u00a0Chi siamo? OM!\u00a0\u00bb: le cri de guerre de De Zerbi en train de devenir un vrai slogan \u00e0 Marseille<\/p>\n<p>Dans le cadre d&rsquo;une s\u00e9rie-documentaire sur la derni\u00e8re saison de Marseille, l&rsquo;entra\u00eeneur Roberto De Zerbi est apparu \u00e0 plusieurs reprises en train d&rsquo;haranguer ses joueurs avec un cri de guerre lanc\u00e9 en italien. La communaut\u00e9 marseillaise veut s&#8217;emparer de ce \u00ab\u00a0Chi siamo\u00a0\u00bb euphorisant.<\/p>\n<p>&gt;&gt;&gt; <a href=\"https:\/\/rmcsport.bfmtv.com\/football\/ligue-1\/chi-siamo-om-le-cri-de-guerre-de-de-zerbi-en-train-de-devenir-un-vrai-slogan-a-marseille_AV-202508110078.html\" title=\"&quot;Chi siamo? OM!&quot;: le cri de guerre de De Zerbi en train de devenir un vrai slogan \u00e0 Marseille\" class=\"internal_link\" rel=\"nofollow noopener\" target=\"_blank\">les secrets du nouveau slogan de l&rsquo;OM<\/a><\/p>\n<p>12h54<\/p>\n<p>Qui pour occuper le poste de 9?<\/p>\n<p>L&rsquo;arriv\u00e9e de Pierre-Emerick Aubameyang dans la rotation pourrait rebattre des cartes.<\/p>\n<p>12h42<\/p>\n<p>On conna\u00eet le premier arbitre de la saison de Ligue 1<\/p>\n<p>L&rsquo;arbitre pour la premi\u00e8re rencontre de la nouvelle saison de Ligue 1 entre Rennes et Marseille, vendredi \u00e0 20h45, a \u00e9t\u00e9 d\u00e9sign\u00e9. C&rsquo;est celui qui avait d\u00e9j\u00e0 offici\u00e9 sur le m\u00eame match, cette fois au V\u00e9lodrome, lors de la derni\u00e8re journ\u00e9e de championnat la saison pass\u00e9e.<\/p>\n<p>&gt;&gt;&gt; <a href=\"https:\/\/rmcsport.bfmtv.com\/football\/ligue-1\/rennes-om-on-connait-le-premier-arbitre-de-la-saison-de-ligue-1_AV-202508130300.html\" title=\"Rennes-OM: on conna\u00eet le premier arbitre de la saison de Ligue 1\" class=\"internal_link\" rel=\"nofollow noopener\" target=\"_blank\">voici l&rsquo;arbitre de Rennes-OM<\/a><\/p>\n<p>12h26<\/p>\n<p>Bonjour \u00e0 tous et bienvenue dans ce live consacr\u00e9 \u00e0 l&rsquo;OM<\/p>\n<p>Veille de match pour l&rsquo;Olympique de Marseille, qui se d\u00e9place \u00e0 Rennes ce vendredi soir (20h45) pour le match d&rsquo;ouverture de la saison de Ligue 1. Ce jeudi, \u00e0 13h30, le club tient la traditionnel conf\u00e9rence de presse avec Roberto De Zerbi et Leo Balerdi.<\/p>\n","protected":false},"excerpt":{"rendered":"14h08 De Zerbi reste \u00e9vasif sur la piste Zhegrova Roberto De Zerbi: \u00ab\u00a0Ce n&rsquo;est pas un de mes&hellip;\n","protected":false},"author":2,"featured_media":104645,"comment_status":"","ping_status":"","sticky":false,"template":"","format":"standard","meta":{"footnotes":""},"categories":[2821],"tags":[1111,11,829,1777,674,1011,27,12,584,25],"class_list":{"0":"post-318558","1":"post","2":"type-post","3":"status-publish","4":"format-standard","5":"has-post-thumbnail","7":"category-rennes","8":"tag-actu","9":"tag-actualites","10":"tag-bretagne","11":"tag-eu","12":"tag-europe","13":"tag-fr","14":"tag-france","15":"tag-news","16":"tag-rennes","17":"tag-republique-francaise"},"share_on_mastodon":{"url":"https:\/\/pubeurope.com\/@fr\/115027052002503298","error":""},"_links":{"self":[{"href":"https:\/\/www.europesays.com\/fr\/wp-json\/wp\/v2\/posts\/318558","targetHints":{"allow":["GET"]}}],"collection":[{"href":"https:\/\/www.europesays.com\/fr\/wp-json\/wp\/v2\/posts"}],"about":[{"href":"https:\/\/www.europesays.com\/fr\/wp-json\/wp\/v2\/types\/post"}],"author":[{"embeddable":true,"href":"https:\/\/www.europesays.com\/fr\/wp-json\/wp\/v2\/users\/2"}],"replies":[{"embeddable":true,"href":"https:\/\/www.europesays.com\/fr\/wp-json\/wp\/v2\/comments?post=318558"}],"version-history":[{"count":0,"href":"https:\/\/www.europesays.com\/fr\/wp-json\/wp\/v2\/posts\/318558\/revisions"}],"wp:featuredmedia":[{"embeddable":true,"href":"https:\/\/www.europesays.com\/fr\/wp-json\/wp\/v2\/media\/104645"}],"wp:attachment":[{"href":"https:\/\/www.europesays.com\/fr\/wp-json\/wp\/v2\/media?parent=318558"}],"wp:term":[{"taxonomy":"category","embeddable":true,"href":"https:\/\/www.europesays.com\/fr\/wp-json\/wp\/v2\/categories?post=318558"},{"taxonomy":"post_tag","embeddable":true,"href":"https:\/\/www.europesays.com\/fr\/wp-json\/wp\/v2\/tags?post=318558"}],"curies":[{"name":"wp","href":"https:\/\/api.w.org\/{rel}","templated":true}]}}