{"id":318559,"date":"2025-08-14T12:11:11","date_gmt":"2025-08-14T12:11:11","guid":{"rendered":"https:\/\/www.europesays.com\/fr\/318559\/"},"modified":"2025-08-14T12:11:11","modified_gmt":"2025-08-14T12:11:11","slug":"strasbourg-ivre-il-vole-un-journal-dans-un-tabac-pour-incendier-une-voiture","status":"publish","type":"post","link":"https:\/\/www.europesays.com\/fr\/318559\/","title":{"rendered":"Strasbourg. Ivre, il vole un journal dans un tabac pour incendier une voiture"},"content":{"rendered":"<p>\u00c0 la barre du tribunal correctionnel de Strasbourg, le propri\u00e9taire de la voiture contient son exasp\u00e9ration. Pourtant, sa \u00ab voiture de collection \u00bb est partie en fum\u00e9e samedi 9 ao\u00fbt, en fin d\u2019apr\u00e8s-midi, \u00e0 proximit\u00e9 d\u2019un bar route de Schirmeck. \u00ab Ma pauvre 106 de 24 ans\u2026 Je n\u2019ai plus rien. J\u2019avais le mat\u00e9riel de mon entreprise dedans. \u00bb<\/p>\n<p>Manuel Loeb, un Strasbourgeois de 44 ans, l\u2019a d\u2019abord menac\u00e9 de mort : \u00ab Je rentre, je prends une Kalachnikov et je te tire une balle dans la&#8230;<\/p>\n","protected":false},"excerpt":{"rendered":"\u00c0 la barre du tribunal correctionnel de Strasbourg, le propri\u00e9taire de la voiture contient son exasp\u00e9ration. Pourtant, sa&hellip;\n","protected":false},"author":2,"featured_media":318560,"comment_status":"","ping_status":"","sticky":false,"template":"","format":"standard","meta":{"footnotes":""},"categories":[2820],"tags":[1111,11,271,272,2880,1777,674,274,107,1011,27,775,1310,12,25,640,2879],"class_list":{"0":"post-318559","1":"post","2":"type-post","3":"status-publish","4":"format-standard","5":"has-post-thumbnail","7":"category-strasbourg","8":"tag-actu","9":"tag-actualites","10":"tag-crime","11":"tag-delit-et-contravention","12":"tag-edition-strasbourg","13":"tag-eu","14":"tag-europe","15":"tag-faits-divers-justice","16":"tag-fil-info","17":"tag-fr","18":"tag-france","19":"tag-grand-est","20":"tag-incendie","21":"tag-news","22":"tag-republique-francaise","23":"tag-strasbourg","24":"tag-strasbourg-ville"},"share_on_mastodon":{"url":"https:\/\/pubeurope.com\/@fr\/115027055996723429","error":""},"_links":{"self":[{"href":"https:\/\/www.europesays.com\/fr\/wp-json\/wp\/v2\/posts\/318559","targetHints":{"allow":["GET"]}}],"collection":[{"href":"https:\/\/www.europesays.com\/fr\/wp-json\/wp\/v2\/posts"}],"about":[{"href":"https:\/\/www.europesays.com\/fr\/wp-json\/wp\/v2\/types\/post"}],"author":[{"embeddable":true,"href":"https:\/\/www.europesays.com\/fr\/wp-json\/wp\/v2\/users\/2"}],"replies":[{"embeddable":true,"href":"https:\/\/www.europesays.com\/fr\/wp-json\/wp\/v2\/comments?post=318559"}],"version-history":[{"count":0,"href":"https:\/\/www.europesays.com\/fr\/wp-json\/wp\/v2\/posts\/318559\/revisions"}],"wp:featuredmedia":[{"embeddable":true,"href":"https:\/\/www.europesays.com\/fr\/wp-json\/wp\/v2\/media\/318560"}],"wp:attachment":[{"href":"https:\/\/www.europesays.com\/fr\/wp-json\/wp\/v2\/media?parent=318559"}],"wp:term":[{"taxonomy":"category","embeddable":true,"href":"https:\/\/www.europesays.com\/fr\/wp-json\/wp\/v2\/categories?post=318559"},{"taxonomy":"post_tag","embeddable":true,"href":"https:\/\/www.europesays.com\/fr\/wp-json\/wp\/v2\/tags?post=318559"}],"curies":[{"name":"wp","href":"https:\/\/api.w.org\/{rel}","templated":true}]}}