{"id":318561,"date":"2025-08-14T12:12:10","date_gmt":"2025-08-14T12:12:10","guid":{"rendered":"https:\/\/www.europesays.com\/fr\/318561\/"},"modified":"2025-08-14T12:12:10","modified_gmt":"2025-08-14T12:12:10","slug":"un-appel-a-temoins-lance-par-la-brigade-des-violences-urbaines-de-strasbourg-suite-a-un-accident-sur-la-m35","status":"publish","type":"post","link":"https:\/\/www.europesays.com\/fr\/318561\/","title":{"rendered":"Un appel \u00e0 t\u00e9moins lanc\u00e9 par la brigade des violences urbaines de Strasbourg suite \u00e0 un accident sur la M35"},"content":{"rendered":"<p>La brigade des violences urbaines de Strasbourg a lanc\u00e9 un appel \u00e0 t\u00e9moins suite \u00e0 un accident de la route survenu le vendredi 8\u00a0ao\u00fbt sur la\u00a0M35. Toute personne s&rsquo;\u00e9tant trouv\u00e9e ce jour-l\u00e0 entre la prison de l&rsquo;Elsau et la sortie Baggersee vers\u00a021h55 est appel\u00e9e \u00e0 se manifester.<\/p>\n<p>\n      L\u2019actu des r\u00e9gions\n    <\/p>\n<p>\n      Chaque jour, un tour d\u2019horizon des principales infos de toutes les r\u00e9gions.\n    <\/p>\n<p>    France T\u00e9l\u00e9visions utilise votre adresse e-mail afin de vous envoyer la newsletter \u00ab\u00a0L\u2019actu des r\u00e9gions\u00a0\u00bb. Vous pouvez vous d\u00e9sinscrire \u00e0 tout moment via le lien en bas de cette newsletter. <a target=\"_blank\" href=\"https:\/\/www.francetelevisions.fr\/groupe\/confidentialite\/politique-de-confidentialite\/politique-de-confidentialite-de-france-televisions-6503\" rel=\"nofollow noopener\">Notre politique de confidentialit\u00e9<\/a><\/p>\n<p>Un appel \u00e0 t\u00e9moins a \u00e9t\u00e9 lanc\u00e9 \u00e0 la suite d&rsquo;un accident de la route survenu \u00e0 Strasbourg, le vendredi 8\u00a0ao\u00fbt vers\u00a021h55, sur la\u00a0M35. Une voiture Peugeot\u00a0207\u00a0SW a percut\u00e9 un v\u00e9hicule utilitaire (Citro\u00ebn\u00a0Berlingo de couleur blanche) entre la maison d&rsquo;arr\u00eat de l&rsquo;Elsau et la sortie Baggersee, dans le sens Strasbourg\/Colmar, avant de s&rsquo;arr\u00eater sur la bande d&rsquo;arr\u00eat d&rsquo;urgence.<\/p>\n<p>Toute personne ayant circul\u00e9 sur ce tron\u00e7on \u00e0 l&rsquo;heure de l&rsquo;accident et ayant vu la sc\u00e8ne est invit\u00e9e \u00e0 se manifester aupr\u00e8s des services de police au\u00a006\u00a080\u00a067\u00a023\u00a061.<\/p>\n<p>L&rsquo;appel \u00e0 t\u00e9moins a \u00e9t\u00e9 lanc\u00e9 par la brigade des violences urbaines de Strasbourg, qui \u00e9voque \u00ab\u00a0une histoire complexe\u00a0\u00bb.<\/p>\n","protected":false},"excerpt":{"rendered":"La brigade des violences urbaines de Strasbourg a lanc\u00e9 un appel \u00e0 t\u00e9moins suite \u00e0 un accident de&hellip;\n","protected":false},"author":2,"featured_media":318562,"comment_status":"","ping_status":"","sticky":false,"template":"","format":"standard","meta":{"footnotes":""},"categories":[2820],"tags":[1111,11,1777,674,1011,27,775,12,25,640],"class_list":{"0":"post-318561","1":"post","2":"type-post","3":"status-publish","4":"format-standard","5":"has-post-thumbnail","7":"category-strasbourg","8":"tag-actu","9":"tag-actualites","10":"tag-eu","11":"tag-europe","12":"tag-fr","13":"tag-france","14":"tag-grand-est","15":"tag-news","16":"tag-republique-francaise","17":"tag-strasbourg"},"share_on_mastodon":{"url":"https:\/\/pubeurope.com\/@fr\/115027059922340011","error":""},"_links":{"self":[{"href":"https:\/\/www.europesays.com\/fr\/wp-json\/wp\/v2\/posts\/318561","targetHints":{"allow":["GET"]}}],"collection":[{"href":"https:\/\/www.europesays.com\/fr\/wp-json\/wp\/v2\/posts"}],"about":[{"href":"https:\/\/www.europesays.com\/fr\/wp-json\/wp\/v2\/types\/post"}],"author":[{"embeddable":true,"href":"https:\/\/www.europesays.com\/fr\/wp-json\/wp\/v2\/users\/2"}],"replies":[{"embeddable":true,"href":"https:\/\/www.europesays.com\/fr\/wp-json\/wp\/v2\/comments?post=318561"}],"version-history":[{"count":0,"href":"https:\/\/www.europesays.com\/fr\/wp-json\/wp\/v2\/posts\/318561\/revisions"}],"wp:featuredmedia":[{"embeddable":true,"href":"https:\/\/www.europesays.com\/fr\/wp-json\/wp\/v2\/media\/318562"}],"wp:attachment":[{"href":"https:\/\/www.europesays.com\/fr\/wp-json\/wp\/v2\/media?parent=318561"}],"wp:term":[{"taxonomy":"category","embeddable":true,"href":"https:\/\/www.europesays.com\/fr\/wp-json\/wp\/v2\/categories?post=318561"},{"taxonomy":"post_tag","embeddable":true,"href":"https:\/\/www.europesays.com\/fr\/wp-json\/wp\/v2\/tags?post=318561"}],"curies":[{"name":"wp","href":"https:\/\/api.w.org\/{rel}","templated":true}]}}