{"id":318563,"date":"2025-08-14T12:13:09","date_gmt":"2025-08-14T12:13:09","guid":{"rendered":"https:\/\/www.europesays.com\/fr\/318563\/"},"modified":"2025-08-14T12:13:09","modified_gmt":"2025-08-14T12:13:09","slug":"le-rapport-du-bea-est-tombe","status":"publish","type":"post","link":"https:\/\/www.europesays.com\/fr\/318563\/","title":{"rendered":"le rapport du BEA est tomb\u00e9"},"content":{"rendered":"<p>            Par<br \/>\n        <strong><br \/>\n            <a href=\"https:\/\/actu.fr\/auteur\/ugo-maillard\" title=\"Consulter tous les articles de Ugo Maillard\" target=\"_blank\" rel=\"noopener\">Ugo Maillard<\/a><br \/>\n        <\/strong><\/p>\n<p>        Publi\u00e9 le<\/p>\n<p>            14 ao\u00fbt 2025 \u00e0 13h14        <\/p>\n<p>La th\u00e8se d\u2019un oiseau s\u2019envole. Le 18\u00a0ao\u00fbt 2023, un avion Airbus A380 qui effectue la liaison quotidienne entre Duba\u00ef (\u00c9mirats-Arabes-Unis) et Nice (<a href=\"https:\/\/actu.fr\/provence-alpes-cote-d-azur\/alpes-maritimes_06\" target=\"_blank\" rel=\"noopener\">Alpes-Maritimes<\/a>) est victime d\u2019importants d\u00e9g\u00e2ts.<\/p>\n<p class=\" wall-content\">L\u2019avion se trouvait aux abords du cap d\u2019Antibes, en phase d\u2019atterrissage, lorsqu\u2019un <strong>impact<\/strong> est entendu par les pilotes. Un bruit sourd suivi de vibration qui n\u2019a pas emp\u00each\u00e9 que l\u2019avion se pose sur le tarmac de l\u2019a\u00e9roport de <a href=\"https:\/\/actu.fr\/nice\/\" target=\"_blank\" rel=\"noopener\">Nice<\/a> C\u00f4te d\u2019Azur.<\/p>\n<p class=\" wall-content\">Suite \u00e0 cet incident, une <strong>investigation<\/strong> a \u00e9t\u00e9 lanc\u00e9e par le Bureau d\u2019enqu\u00eates et d\u2019analyses pour la s\u00e9curit\u00e9 de l\u2019aviation civile (BEA) pour d\u00e9terminer les circonstances exactes. Les informations ont \u00e9t\u00e9 rendues publiques ce mercredi 13\u00a0ao\u00fbt 2025.<\/p>\n<p>Les conclusions du BEA<\/p>\n<p class=\" wall-content\">Dans le rapport final du BEA, qu\u2019actu Nice a pu consulter, les experts indiquent qu\u2019une \u00ab\u2009inspection au sol a r\u00e9v\u00e9l\u00e9 des endommagements significatifs de la structure en composite m\u00e9tallique du bord de fuite du bec n\u00b02 de l\u2019aile droite\u2009\u00bb.<\/p>\n<p class=\" wall-content\">\u00ab\u2009L\u2019enqu\u00eate a \u00e9tabli que cet endommagement n\u2019est pas la cons\u00e9quence d\u2019une collision en vol. Il a \u00e9galement \u00e9t\u00e9 \u00e9tabli que des d\u00e9fauts de collage des rev\u00eatements sup\u00e9rieurs et inf\u00e9rieurs avec le noyau en nid d\u2019abeille pr\u00e9existaient. Ils ont pu fragiliser la structure\u2009\u00bb, explique les sp\u00e9cialistes du Bureau d\u2019enqu\u00eates et d\u2019analyses pour la s\u00e9curit\u00e9 de l\u2019aviation civile.<\/p>\n<p class=\" wall-content\">En janvier\u00a02026, Airbus publiera deux documents \u00e0 destination des compagnies a\u00e9riennes pour les inviter \u00e0 r\u00e9aliser des <strong>inspections pouss\u00e9es<\/strong> afin d\u2019identifier d\u2019\u00e9ventuelles fissures sur les appareils.<\/p>\n<p class=\" wall-content\">Suivez toute l\u2019actualit\u00e9 de vos villes et m\u00e9dias favoris en vous inscrivant \u00e0 <a href=\"https:\/\/moncompte.actu.fr\" title=\"D\u00e9couvez Mon Actu\" rel=\"nofollow noopener\" data-trk=\"{&quot;cta&quot;:{&quot;action&quot;:&quot;https:\\\/\\\/moncompte.actu.fr&quot;,&quot;category&quot;:&quot;mon compte&quot;,&quot;from&quot;:&quot;article footer&quot;,&quot;name&quot;:&quot;Mon actu&quot;,&quot;type&quot;:&quot;cta&quot;}}\" target=\"_blank\">Mon Actu<\/a>.<\/p>\n","protected":false},"excerpt":{"rendered":"Par Ugo Maillard Publi\u00e9 le 14 ao\u00fbt 2025 \u00e0 13h14 La th\u00e8se d\u2019un oiseau s\u2019envole. Le 18\u00a0ao\u00fbt 2023,&hellip;\n","protected":false},"author":2,"featured_media":22567,"comment_status":"","ping_status":"","sticky":false,"template":"","format":"standard","meta":{"footnotes":""},"categories":[2819],"tags":[1111,11,1777,674,1011,27,12,2401,2897,882,25,104],"class_list":{"0":"post-318563","1":"post","2":"type-post","3":"status-publish","4":"format-standard","5":"has-post-thumbnail","7":"category-nice","8":"tag-actu","9":"tag-actualites","10":"tag-eu","11":"tag-europe","12":"tag-fr","13":"tag-france","14":"tag-news","15":"tag-nice","16":"tag-nice-cote-dazur","17":"tag-provence-alpes-cote-dazur","18":"tag-republique-francaise","19":"tag-societe"},"share_on_mastodon":{"url":"https:\/\/pubeurope.com\/@fr\/115027063845737380","error":""},"_links":{"self":[{"href":"https:\/\/www.europesays.com\/fr\/wp-json\/wp\/v2\/posts\/318563","targetHints":{"allow":["GET"]}}],"collection":[{"href":"https:\/\/www.europesays.com\/fr\/wp-json\/wp\/v2\/posts"}],"about":[{"href":"https:\/\/www.europesays.com\/fr\/wp-json\/wp\/v2\/types\/post"}],"author":[{"embeddable":true,"href":"https:\/\/www.europesays.com\/fr\/wp-json\/wp\/v2\/users\/2"}],"replies":[{"embeddable":true,"href":"https:\/\/www.europesays.com\/fr\/wp-json\/wp\/v2\/comments?post=318563"}],"version-history":[{"count":0,"href":"https:\/\/www.europesays.com\/fr\/wp-json\/wp\/v2\/posts\/318563\/revisions"}],"wp:featuredmedia":[{"embeddable":true,"href":"https:\/\/www.europesays.com\/fr\/wp-json\/wp\/v2\/media\/22567"}],"wp:attachment":[{"href":"https:\/\/www.europesays.com\/fr\/wp-json\/wp\/v2\/media?parent=318563"}],"wp:term":[{"taxonomy":"category","embeddable":true,"href":"https:\/\/www.europesays.com\/fr\/wp-json\/wp\/v2\/categories?post=318563"},{"taxonomy":"post_tag","embeddable":true,"href":"https:\/\/www.europesays.com\/fr\/wp-json\/wp\/v2\/tags?post=318563"}],"curies":[{"name":"wp","href":"https:\/\/api.w.org\/{rel}","templated":true}]}}