{"id":318566,"date":"2025-08-14T12:15:12","date_gmt":"2025-08-14T12:15:12","guid":{"rendered":"https:\/\/www.europesays.com\/fr\/318566\/"},"modified":"2025-08-14T12:15:12","modified_gmt":"2025-08-14T12:15:12","slug":"la-police-de-nantes-recherche-une-femme-de-79-ans","status":"publish","type":"post","link":"https:\/\/www.europesays.com\/fr\/318566\/","title":{"rendered":"la police de Nantes recherche une femme de 79 ans"},"content":{"rendered":"<p>            Par<br \/>\n        <strong><br \/>\n            <a href=\"https:\/\/actu.fr\/auteur\/clemence-pays02-actu-fr\" title=\"Consulter tous les articles de Cl\u00e9mence Pays\" rel=\"nofollow noopener\" target=\"_blank\">Cl\u00e9mence Pays<\/a><br \/>\n        <\/strong><\/p>\n<p>        Publi\u00e9 le<\/p>\n<p>            14 ao\u00fbt 2025 \u00e0 12h28        <\/p>\n<p>Voil\u00e0 quatre jours que <strong>Christiane Gasse<\/strong> n\u2019a plus donn\u00e9 signe de vie. Ce jeudi 14\u00a0ao\u00fbt 2025, les enqu\u00eateurs de la Direction interd\u00e9partementale de la police nationale (DIPN 44) ont lanc\u00e9 un <strong>appel \u00e0 t\u00e9moins<\/strong> dans le cadre d\u2019une <strong>\u00ab\u2009disparition inqui\u00e9tante de personne majeure\u2009\u00bb.<\/strong><\/p>\n<p class=\" wall-content\">La septuag\u00e9naire est introuvable <strong>depuis dimanche 10\u00a0ao\u00fbt<\/strong> et a disparu dans le quartier de la Blordi\u00e8re, \u00e0 <a href=\"https:\/\/actu.fr\/pays-de-la-loire\/reze_44143\" rel=\"nofollow noopener\" target=\"_blank\">Rez\u00e9<\/a>, pr\u00e8s de Nantes.<\/p>\n<p>Comment reconna\u00eetre Christiane Gasse\u2009?<\/p>\n<p class=\" wall-content\">Christiane Gasse est \u00e2g\u00e9e de <strong>79\u00a0ans.<\/strong> Elle a les <strong>cheveux mi-longs<\/strong> et <strong>grisonnants.<\/strong> Ses yeux sont <strong>bleus.<\/strong>\u00a0Elle mesure <strong>1,65 m\u00e8tre<\/strong> et est de corpulence normale.<\/p>\n<p>    <img   decoding=\"async\" loading=\"lazy\" src=\"https:\/\/www.europesays.com\/fr\/wp-content\/uploads\/2025\/08\/disparition-de-madame-gasse-960x640.png\" alt=\"Christiane Gasse a disparu \u00e0 Rez\u00e9, dimanche 10 ao\u00fbt 2025.\" width=\"960\" height=\"640\"\/><br \/>\n    Christiane Gasse a disparu \u00e0 Rez\u00e9, dimanche 10\u00a0ao\u00fbt 2025. (\u00a9DIPN 44)<\/p>\n<p class=\" wall-content\">La police indique qu\u2019elle se d\u00e9place \u00ab\u2009avec un <strong>cabas fonc\u00e9<\/strong> sur roulettes\u2009\u00bb.<\/p>\n<p class=\" wall-content\">Toute personne ayant des informations est invit\u00e9e \u00e0 <strong>contacter l\u2019h\u00f4tel de Police de Nantes<\/strong> au 02\u200953\u200946\u200970\u200900 ou \u00e0 composer le 17.<\/p>\n<p class=\" wall-content\">Suivez toute l\u2019actualit\u00e9 de vos villes et m\u00e9dias favoris en vous inscrivant \u00e0 <a href=\"https:\/\/moncompte.actu.fr\" title=\"D\u00e9couvez Mon Actu\" rel=\"nofollow noopener\" data-trk=\"{&quot;cta&quot;:{&quot;action&quot;:&quot;https:\\\/\\\/moncompte.actu.fr&quot;,&quot;category&quot;:&quot;mon compte&quot;,&quot;from&quot;:&quot;article footer&quot;,&quot;name&quot;:&quot;Mon actu&quot;,&quot;type&quot;:&quot;cta&quot;}}\" target=\"_blank\">Mon Actu<\/a>.<\/p>\n","protected":false},"excerpt":{"rendered":"Par Cl\u00e9mence Pays Publi\u00e9 le 14 ao\u00fbt 2025 \u00e0 12h28 Voil\u00e0 quatre jours que Christiane Gasse n\u2019a plus&hellip;\n","protected":false},"author":2,"featured_media":295686,"comment_status":"","ping_status":"","sticky":false,"template":"","format":"standard","meta":{"footnotes":""},"categories":[2818],"tags":[1111,11,4260,3676,1777,674,118,1011,27,766,12,2636,1072,25],"class_list":{"0":"post-318566","1":"post","2":"type-post","3":"status-publish","4":"format-standard","5":"has-post-thumbnail","7":"category-nantes","8":"tag-actu","9":"tag-actualites","10":"tag-appel-a-temoins","11":"tag-disparition-inquietante","12":"tag-eu","13":"tag-europe","14":"tag-faits-divers","15":"tag-fr","16":"tag-france","17":"tag-nantes","18":"tag-news","19":"tag-pays-de-la-loire","20":"tag-police","21":"tag-republique-francaise"},"share_on_mastodon":{"url":"https:\/\/pubeurope.com\/@fr\/115027072065785630","error":""},"_links":{"self":[{"href":"https:\/\/www.europesays.com\/fr\/wp-json\/wp\/v2\/posts\/318566","targetHints":{"allow":["GET"]}}],"collection":[{"href":"https:\/\/www.europesays.com\/fr\/wp-json\/wp\/v2\/posts"}],"about":[{"href":"https:\/\/www.europesays.com\/fr\/wp-json\/wp\/v2\/types\/post"}],"author":[{"embeddable":true,"href":"https:\/\/www.europesays.com\/fr\/wp-json\/wp\/v2\/users\/2"}],"replies":[{"embeddable":true,"href":"https:\/\/www.europesays.com\/fr\/wp-json\/wp\/v2\/comments?post=318566"}],"version-history":[{"count":0,"href":"https:\/\/www.europesays.com\/fr\/wp-json\/wp\/v2\/posts\/318566\/revisions"}],"wp:featuredmedia":[{"embeddable":true,"href":"https:\/\/www.europesays.com\/fr\/wp-json\/wp\/v2\/media\/295686"}],"wp:attachment":[{"href":"https:\/\/www.europesays.com\/fr\/wp-json\/wp\/v2\/media?parent=318566"}],"wp:term":[{"taxonomy":"category","embeddable":true,"href":"https:\/\/www.europesays.com\/fr\/wp-json\/wp\/v2\/categories?post=318566"},{"taxonomy":"post_tag","embeddable":true,"href":"https:\/\/www.europesays.com\/fr\/wp-json\/wp\/v2\/tags?post=318566"}],"curies":[{"name":"wp","href":"https:\/\/api.w.org\/{rel}","templated":true}]}}