{"id":318569,"date":"2025-08-14T12:17:14","date_gmt":"2025-08-14T12:17:14","guid":{"rendered":"https:\/\/www.europesays.com\/fr\/318569\/"},"modified":"2025-08-14T12:17:14","modified_gmt":"2025-08-14T12:17:14","slug":"jeu-concours-linitial-festival-est-bientot-complet-gagnez-des-pass-2-jours-avec-actu-bordeaux","status":"publish","type":"post","link":"https:\/\/www.europesays.com\/fr\/318569\/","title":{"rendered":"JEU-CONCOURS. L&rsquo;Initial Festival est bient\u00f4t complet, gagnez des pass 2 jours avec actu Bordeaux"},"content":{"rendered":"<p>            Par<br \/>\n        <strong><br \/>\n            <a href=\"https:\/\/actu.fr\/auteur\/sports33\" title=\"Consulter tous les articles de Nicolas Gosselin\" rel=\"nofollow noopener\" target=\"_blank\">Nicolas Gosselin<\/a><br \/>\n        <\/strong><\/p>\n<p>        Publi\u00e9 le<\/p>\n<p>            14 ao\u00fbt 2025 \u00e0 13h22        <\/p>\n<p>L\u2019<strong>Initial Festival<\/strong> revient au parc des expositions de Bordeaux, les vendredi 29 et samedi 30 ao\u00fbt 2025, pour <strong>deux jours d\u2019\u00e9lectro et de house<\/strong>. Pour cette quatri\u00e8me \u00e9dition, l\u2019\u00e9v\u00e9nement s\u2019appuie sur une <strong>nouvelle identit\u00e9 visuelle<\/strong> et une sc\u00e9nographie, qui s\u2019articulent autour de l\u2019univers spatial. \u00ab\u00a0Nous souhaitons continuer \u00e0 faire grandir le festival, tout en restant fid\u00e8le \u00e0 son ADN musical et immersif. L\u2019objectif est d\u2019en faire un <strong>rendez-vous incontournable<\/strong> de la sc\u00e8ne \u00e9lectronique\u00a0\u00bb, annonce le responsable de l\u2019\u00e9v\u00e9nement, Tanguy Deleu. Et le public adh\u00e8re puisque <a href=\"https:\/\/initialfestival.com\/bordeaux\/\" rel=\"nofollow noopener\" target=\"_blank\">la billetterie affiche d\u00e9j\u00e0 quasi complet<\/a>. Heureusement, <a href=\"https:\/\/actu.fr\/bordeaux\/\" rel=\"nofollow noopener\" target=\"_blank\">actu Bordeaux<\/a> vous propose de remporter<strong> deux pass 2 jours<\/strong> \u2013 d\u2019une valeur de 149,90\u20ac \u2013 en participant \u00e0 notre <strong>jeu-concours<\/strong> (<a href=\"https:\/\/moncompte.actu.fr\/kiosque\/paywall\/actu-bordeaux_523ae9fb-a686-47f1-813e-28fdd588566f\" rel=\"nofollow noopener\" target=\"_blank\">voir en fin d\u2019article<\/a>).<\/p>\n<p class=\" wall-content\">Cette quatri\u00e8me \u00e9dition sera donc marqu\u00e9e par un d\u00e9cor spatial \u2013 \u00ab\u00a0Mission Saturne\u00a0\u00bb \u2013 mais aussi par un effort marqu\u00e9 sur le confort et les services. \u00ab\u00a0Nous avons agrandi le foodcourt et la chill zone, ainsi que le night market, qui rassemble des artisans locaux \u2013 tatoueurs, maquilleurs, cr\u00e9ateurs\u2026 Cela permet de vivre le festival aussi en dehors des sc\u00e8nes\u00a0\u00bb, explique Tanguy Deleu.<\/p>\n<p class=\" wall-content\"><a href=\"https:\/\/initialfestival.com\/bordeaux\/programmation\/?cp_landing=section_click&amp;cp_landing_term=section_click&amp;cp_landing_source=initialfestival&amp;utm_source=google&amp;utm_medium=organic\" rel=\"nofollow noopener\" target=\"_blank\">Programmation des deux jours<\/a> : 999999999 \u2013 \u00c2me DJ \u2013 Anetha (Present Exhibit) \u2013 Anxhela \u2013 Ben Bohmer (live) \u2013 The Blessed Madonna \u2013 Busy P \u2013 Cassie Raptor \u2013 Dana Montana \u2013 Eczodia (The Gate of Ether) \u2013 Funk Tribu \u2013 Justin Jay \u2013 KI\/KI \u2013 Kink (live) \u2013 Lilly Palmer \u2013 Maceo Plex \u2013 Marion Di Napoli \u2013 Myd \u2013 Panteros666 \u2013 Pawlowski \u2013 Pegassi \u2013 Per Pleks \u2013 Polo &amp; Pan (dj set) \u2013 Purple Disco Machine \u2013 Reinier Zonneveld (live) \u2013 SNTS \u2013 X Club ; Amour Social Club \u2013 Avtel \u2013 Laroze \u2013 Tars \u2013 Vitamlyn.<\/p>\n<p class=\" wall-content\">Pour participer \u00e0 notre jeu-concours et tenter de remporter deux pass 2 jours, il vous suffit de remplir et de nous renvoyer le formulaire ci-dessous en indiquant votre nom, pr\u00e9nom et vos coordonn\u00e9es. Le ou la gagnante sera tir\u00e9(e) au sort samedi 16 ao\u00fbt, en fin de journ\u00e9e, et recevra ses places par mail.<\/p>\n<p>Horaires du festival : Vendredi : 18h30-03h30. Samedi : 17h-03h30.\u00a0<\/p>\n<p class=\" wall-content\">Suivez toute l\u2019actualit\u00e9 de vos villes et m\u00e9dias favoris en vous inscrivant \u00e0 <a href=\"https:\/\/moncompte.actu.fr\" title=\"D\u00e9couvez Mon Actu\" rel=\"nofollow noopener\" data-trk=\"{&quot;cta&quot;:{&quot;action&quot;:&quot;https:\\\/\\\/moncompte.actu.fr&quot;,&quot;category&quot;:&quot;mon compte&quot;,&quot;from&quot;:&quot;article footer&quot;,&quot;name&quot;:&quot;Mon actu&quot;,&quot;type&quot;:&quot;cta&quot;}}\" target=\"_blank\">Mon Actu<\/a>.<\/p>\n","protected":false},"excerpt":{"rendered":"Par Nicolas Gosselin Publi\u00e9 le 14 ao\u00fbt 2025 \u00e0 13h22 L\u2019Initial Festival revient au parc des expositions de&hellip;\n","protected":false},"author":2,"featured_media":318570,"comment_status":"","ping_status":"","sticky":false,"template":"","format":"standard","meta":{"footnotes":""},"categories":[2817],"tags":[1111,11,1997,1777,674,849,1011,27,1652,873,12,2219,25],"class_list":{"0":"post-318569","1":"post","2":"type-post","3":"status-publish","4":"format-standard","5":"has-post-thumbnail","7":"category-bordeaux","8":"tag-actu","9":"tag-actualites","10":"tag-bordeaux","11":"tag-eu","12":"tag-europe","13":"tag-festival","14":"tag-fr","15":"tag-france","16":"tag-loisirs-culture","17":"tag-musique","18":"tag-news","19":"tag-nouvelle-aquitaine","20":"tag-republique-francaise"},"share_on_mastodon":{"url":"https:\/\/pubeurope.com\/@fr\/115027079603279877","error":""},"_links":{"self":[{"href":"https:\/\/www.europesays.com\/fr\/wp-json\/wp\/v2\/posts\/318569","targetHints":{"allow":["GET"]}}],"collection":[{"href":"https:\/\/www.europesays.com\/fr\/wp-json\/wp\/v2\/posts"}],"about":[{"href":"https:\/\/www.europesays.com\/fr\/wp-json\/wp\/v2\/types\/post"}],"author":[{"embeddable":true,"href":"https:\/\/www.europesays.com\/fr\/wp-json\/wp\/v2\/users\/2"}],"replies":[{"embeddable":true,"href":"https:\/\/www.europesays.com\/fr\/wp-json\/wp\/v2\/comments?post=318569"}],"version-history":[{"count":0,"href":"https:\/\/www.europesays.com\/fr\/wp-json\/wp\/v2\/posts\/318569\/revisions"}],"wp:featuredmedia":[{"embeddable":true,"href":"https:\/\/www.europesays.com\/fr\/wp-json\/wp\/v2\/media\/318570"}],"wp:attachment":[{"href":"https:\/\/www.europesays.com\/fr\/wp-json\/wp\/v2\/media?parent=318569"}],"wp:term":[{"taxonomy":"category","embeddable":true,"href":"https:\/\/www.europesays.com\/fr\/wp-json\/wp\/v2\/categories?post=318569"},{"taxonomy":"post_tag","embeddable":true,"href":"https:\/\/www.europesays.com\/fr\/wp-json\/wp\/v2\/tags?post=318569"}],"curies":[{"name":"wp","href":"https:\/\/api.w.org\/{rel}","templated":true}]}}