{"id":318571,"date":"2025-08-14T12:18:12","date_gmt":"2025-08-14T12:18:12","guid":{"rendered":"https:\/\/www.europesays.com\/fr\/318571\/"},"modified":"2025-08-14T12:18:12","modified_gmt":"2025-08-14T12:18:12","slug":"un-accident-de-voiture-sur-lautoroute-a10-paralyse-la-circulation-a-lentree-de-la-rocade-de-bordeaux","status":"publish","type":"post","link":"https:\/\/www.europesays.com\/fr\/318571\/","title":{"rendered":"Un accident de voiture sur l&rsquo;autoroute A10 paralyse la circulation \u00e0 l&rsquo;entr\u00e9e de la rocade de Bordeaux"},"content":{"rendered":"<p>            Par<br \/>\n        <strong><br \/>\n            <a href=\"https:\/\/actu.fr\/auteur\/sports33\" title=\"Consulter tous les articles de Nicolas Gosselin\" target=\"_blank\" rel=\"noopener\">Nicolas Gosselin<\/a><br \/>\n        <\/strong><\/p>\n<p>        Publi\u00e9 le<\/p>\n<p>            14 ao\u00fbt 2025 \u00e0 13h41        <\/p>\n<p>Il est pr\u00e9f\u00e9rable d\u2019\u00e9viter l\u2019<a href=\"https:\/\/actu.fr\/tag\/autoroute-10-a10\" target=\"_blank\" rel=\"noopener\">autoroute A10<\/a> \u00e0 l\u2019approche de la <a href=\"https:\/\/actu.fr\/tag\/rocade-de-bordeaux\" target=\"_blank\" rel=\"noopener\">rocade de Bordeaux<\/a>, ce jeudi 14 ao\u00fbt 2025 en d\u00e9but d\u2019apr\u00e8s-midi. En effet, un <a href=\"https:\/\/actu.fr\/tag\/accident\" target=\"_blank\" rel=\"noopener\">accident<\/a> est survenu vers 11h30 au niveau de <strong>Sainte-Eulalie<\/strong> (Gironde).<\/p>\n<p class=\" wall-content\">Selon <a href=\"https:\/\/actu.fr\/tag\/bison-fute\" target=\"_blank\" rel=\"noopener\">Bison Fut\u00e9<\/a>, la collision concerne trois v\u00e9hicules l\u00e9gers et engendre plus de 10 km de bouchons en amont, dans la direction de Bordeaux, vers 13 heures.<\/p>\n<p class=\" wall-content\">On ne conna\u00eet pas encore le nombre de victimes, ni leur \u00e9tat de sant\u00e9, suite \u00e0 cet accident.<\/p>\n<p class=\" wall-content\">Pour rappel, cette journ\u00e9e du 14 ao\u00fbt n\u2019est class\u00e9e rouge en Gironde par Bison Fut\u00e9 ; contrairement au 16 ao\u00fbt o\u00f9 <a href=\"https:\/\/actu.fr\/nouvelle-aquitaine\/bordeaux_33063\/week-end-du-15-aout-bison-fute-annonce-une-journee-rouge-en-gironde-et-sur-la-rocade-de-bordeaux_63021949.html\" target=\"_blank\" rel=\"noopener\">la circulation devrait \u00eatre satur\u00e9e dans le sens des retours<\/a>.<\/p>\n<p class=\" wall-content\">Suivez toute l\u2019actualit\u00e9 de vos villes et m\u00e9dias favoris en vous inscrivant \u00e0 <a href=\"https:\/\/moncompte.actu.fr\" title=\"D\u00e9couvez Mon Actu\" rel=\"nofollow noopener\" data-trk=\"{&quot;cta&quot;:{&quot;action&quot;:&quot;https:\\\/\\\/moncompte.actu.fr&quot;,&quot;category&quot;:&quot;mon compte&quot;,&quot;from&quot;:&quot;article footer&quot;,&quot;name&quot;:&quot;Mon actu&quot;,&quot;type&quot;:&quot;cta&quot;}}\" target=\"_blank\">Mon Actu<\/a>.<\/p>\n","protected":false},"excerpt":{"rendered":"Par Nicolas Gosselin Publi\u00e9 le 14 ao\u00fbt 2025 \u00e0 13h41 Il est pr\u00e9f\u00e9rable d\u2019\u00e9viter l\u2019autoroute A10 \u00e0 l\u2019approche&hellip;\n","protected":false},"author":2,"featured_media":207697,"comment_status":"","ping_status":"","sticky":false,"template":"","format":"standard","meta":{"footnotes":""},"categories":[2817],"tags":[119,1111,11,4697,1997,1777,674,118,1011,27,12,2219,25,13229],"class_list":{"0":"post-318571","1":"post","2":"type-post","3":"status-publish","4":"format-standard","5":"has-post-thumbnail","7":"category-bordeaux","8":"tag-accident","9":"tag-actu","10":"tag-actualites","11":"tag-autoroute-10-a10","12":"tag-bordeaux","13":"tag-eu","14":"tag-europe","15":"tag-faits-divers","16":"tag-fr","17":"tag-france","18":"tag-news","19":"tag-nouvelle-aquitaine","20":"tag-republique-francaise","21":"tag-rocade-de-bordeaux"},"share_on_mastodon":{"url":"https:\/\/pubeurope.com\/@fr\/115027083513067353","error":""},"_links":{"self":[{"href":"https:\/\/www.europesays.com\/fr\/wp-json\/wp\/v2\/posts\/318571","targetHints":{"allow":["GET"]}}],"collection":[{"href":"https:\/\/www.europesays.com\/fr\/wp-json\/wp\/v2\/posts"}],"about":[{"href":"https:\/\/www.europesays.com\/fr\/wp-json\/wp\/v2\/types\/post"}],"author":[{"embeddable":true,"href":"https:\/\/www.europesays.com\/fr\/wp-json\/wp\/v2\/users\/2"}],"replies":[{"embeddable":true,"href":"https:\/\/www.europesays.com\/fr\/wp-json\/wp\/v2\/comments?post=318571"}],"version-history":[{"count":0,"href":"https:\/\/www.europesays.com\/fr\/wp-json\/wp\/v2\/posts\/318571\/revisions"}],"wp:featuredmedia":[{"embeddable":true,"href":"https:\/\/www.europesays.com\/fr\/wp-json\/wp\/v2\/media\/207697"}],"wp:attachment":[{"href":"https:\/\/www.europesays.com\/fr\/wp-json\/wp\/v2\/media?parent=318571"}],"wp:term":[{"taxonomy":"category","embeddable":true,"href":"https:\/\/www.europesays.com\/fr\/wp-json\/wp\/v2\/categories?post=318571"},{"taxonomy":"post_tag","embeddable":true,"href":"https:\/\/www.europesays.com\/fr\/wp-json\/wp\/v2\/tags?post=318571"}],"curies":[{"name":"wp","href":"https:\/\/api.w.org\/{rel}","templated":true}]}}