{"id":318572,"date":"2025-08-14T12:19:10","date_gmt":"2025-08-14T12:19:10","guid":{"rendered":"https:\/\/www.europesays.com\/fr\/318572\/"},"modified":"2025-08-14T12:19:10","modified_gmt":"2025-08-14T12:19:10","slug":"pres-de-toulouse-le-cambrioleur-grimpe-dans-la-maison-par-une-echelle-mais-son-aventure-tourne-court","status":"publish","type":"post","link":"https:\/\/www.europesays.com\/fr\/318572\/","title":{"rendered":"Pr\u00e8s de Toulouse. Le cambrioleur grimpe dans la maison par une \u00e9chelle, mais son aventure tourne court"},"content":{"rendered":"<p>            Par<br \/>\n        <strong><br \/>\n            <a href=\"https:\/\/actu.fr\/auteur\/guillaume-laurens\" title=\"Consulter tous les articles de Guillaume Laurens\" rel=\"nofollow noopener\" target=\"_blank\">Guillaume Laurens<\/a><br \/>\n        <\/strong><\/p>\n<p>        Publi\u00e9 le<\/p>\n<p>            14 ao\u00fbt 2025 \u00e0 13h21        <\/p>\n<p>Il pensait s\u2019en tirer \u00e0 bon compte, et s\u2019imaginait m\u00eame que les propri\u00e9taires lui avaient fait <strong>la courte-\u00e9chelle<\/strong>\u2026 mais les gendarmes ont mis fin \u00e0 la razzia que ce\u00a0<strong>cambrioleur<\/strong> comptait faire dans une maison d\u2019<strong><a href=\"https:\/\/actu.fr\/occitanie\/auzeville-tolosane_31035\" rel=\"nofollow noopener\" target=\"_blank\">Auzeville-Tolosane<\/a><\/strong>, au sud de <strong>Toulouse<\/strong>, ce mardi 12 ao\u00fbt 2025. L\u2019histoire.<\/p>\n<p>Le cambrioleur s\u2019invite par une \u00e9chelle laiss\u00e9e sur place<\/p>\n<p class=\" wall-content\">Dans la torpeur de l\u2019\u00e9t\u00e9, nombre d\u2019habitants du coin sont en vacances, ou partent se mettre au frais le temps d\u2019une journ\u00e9e. Les cambrioleurs le savent et esp\u00e8rent s\u2019en donner \u00e0 c\u0153ur joie pendant ce temps-l\u00e0. C\u2019est ainsi qu\u2019en milieu d\u2019apr\u00e8s-midi, ce mardi, un individu s\u2019est invit\u00e9 au <strong>premier \u00e9tage<\/strong> d\u2019une habitation d\u2019Auzeville, \u00ab\u00a0en se servant d\u2019une <strong>\u00e9chelle qui \u00e9tait sur place\u00a0\u00bb<\/strong>, raconte une source proche de l\u2019enqu\u00eate.<\/p>\n<p>Arm\u00e9 de marteau et pied de biche<\/p>\n<p class=\" wall-content\">Du haut de l\u2019\u00e9chelle, le malfrat <strong>fracture une fen\u00eatre<\/strong> \u00e0 coups de marteau et de pierre et p\u00e9n\u00e8tre dans l\u2019habitation. Nombre de pi\u00e8ces sont ferm\u00e9es \u00e0 cl\u00e9s ? Il empoigne son <strong>pied de biche<\/strong> et fait sauter les verrous. Enfin le jackpot ? Pas vraiment.\u00a0<\/p>\n<p>Interpell\u00e9 \u00ab\u00a0moins de 15 minutes apr\u00e8s l\u2019alerte<\/p>\n<p class=\" wall-content\">Inform\u00e9s de l\u2019intrusion par leur syst\u00e8me d\u2019alarme, les propri\u00e9taires avaient tr\u00e8s rapidement alert\u00e9 les gendarmes\u2026 Pris <strong>en flagrant d\u00e9lit<\/strong>, le cambrioleur n\u2019a pas eu le temps de voler quoi que ce soit. Il tentera bien de se dissimuler \u00e0 l\u2019arriv\u00e9e de la patrouille, mais il en fallait plus pour berner les militaires de la communaut\u00e9 de brigades de Castanet-Tolosan, charg\u00e9s de l\u2019enqu\u00eate, qui l\u2019ont finalement interpell\u00e9<strong> \u00ab\u00a0moins de 15 minutes apr\u00e8s l\u2019alerte\u00a0\u00bb<\/strong>.<\/p>\n<p>Vid\u00e9os : en ce moment sur Actu\u00c2g\u00e9 de 62 ans, il a reconnu les faits<\/p>\n<p class=\" wall-content\">\u00c0 l\u2019issue de sa garde \u00e0 vue pour tentative de vol par effraction, cet <strong>homme de 62 ans<\/strong>\u00a0a \u00e9t\u00e9 <strong>d\u00e9f\u00e9r\u00e9<\/strong> devant le parquet de Toulouse et fera prochainement l\u2019objet d\u2019une audience en comparution sur <strong>reconnaissance pr\u00e9alable de culpabilit\u00e9<\/strong> (CRPC), le fameux \u00ab\u00a0plaider-coupable\u00a0\u00bb \u00e0 la fran\u00e7aise.<\/p>\n<p>    <a href=\"https:\/\/www.google.com\/maps\/embed?pb=!1m18!1m12!1m3!1d40912.88222260347!2d1.4650045032005716!3d43.564963921137256!2m3!1f0!2f0!3f0!3m2!1i1024!2i768!4f13.1!3m3!1m2!1s0x12aebe5cf1517569%3A0x406f69c2f413070!2s31320%20Auzeville-Tolosane!5e0!3m2!1sfr!2sfr!4v1755169307384!5m2!1sfr!2sfr\" title=\"Ouvrie le lien\" rel=\"nofollow noopener\" target=\"_blank\">Cliquez ici pour visualiser le contenu<\/a><\/p>\n<p><strong>Comment s\u2019inscrire \u00e0 Tranquillit\u00e9 Vacances ?<\/strong><br \/>\nPour rappel, pour toute absence prolong\u00e9e, il est possible de d\u00e9clarer que son domicile est ponctuellement inoccup\u00e9 en s\u2019inscrivant \u00e0 <strong>l\u2019op\u00e9ration Tranquillit\u00e9 Vacances<\/strong>, en brigade de gendarmerie, poste de police, mais aussi<a href=\"https:\/\/www.service-public.fr\/particuliers\/vosdroits\/R43241\" rel=\"nofollow noopener\" target=\"_blank\"> directement sur service-public.fr.<\/a> Les services de police ou de gendarmerie se chargent alors de surveiller le logement. Des patrouilles sont organis\u00e9es pour passer aux abords du domicile et les forces de l\u2019ordre pr\u00e9viennent les habitants en cas d\u2019anomalies (d\u00e9gradations, cambriolage\u2026).<\/p>\n<p class=\" wall-content\">Suivez toute l\u2019actualit\u00e9 de vos villes et m\u00e9dias favoris en vous inscrivant \u00e0 <a href=\"https:\/\/moncompte.actu.fr\" title=\"D\u00e9couvez Mon Actu\" rel=\"nofollow noopener\" data-trk=\"{&quot;cta&quot;:{&quot;action&quot;:&quot;https:\\\/\\\/moncompte.actu.fr&quot;,&quot;category&quot;:&quot;mon compte&quot;,&quot;from&quot;:&quot;article footer&quot;,&quot;name&quot;:&quot;Mon actu&quot;,&quot;type&quot;:&quot;cta&quot;}}\" target=\"_blank\">Mon Actu<\/a>.<\/p>\n","protected":false},"excerpt":{"rendered":"Par Guillaume Laurens Publi\u00e9 le 14 ao\u00fbt 2025 \u00e0 13h21 Il pensait s\u2019en tirer \u00e0 bon compte, et&hellip;\n","protected":false},"author":2,"featured_media":318573,"comment_status":"","ping_status":"","sticky":false,"template":"","format":"standard","meta":{"footnotes":""},"categories":[2816],"tags":[1111,11,1174,1777,674,118,1011,27,12,2680,25,2312],"class_list":{"0":"post-318572","1":"post","2":"type-post","3":"status-publish","4":"format-standard","5":"has-post-thumbnail","7":"category-toulouse","8":"tag-actu","9":"tag-actualites","10":"tag-cambriolage","11":"tag-eu","12":"tag-europe","13":"tag-faits-divers","14":"tag-fr","15":"tag-france","16":"tag-news","17":"tag-occitanie","18":"tag-republique-francaise","19":"tag-toulouse"},"share_on_mastodon":{"url":"https:\/\/pubeurope.com\/@fr\/115027088098053231","error":""},"_links":{"self":[{"href":"https:\/\/www.europesays.com\/fr\/wp-json\/wp\/v2\/posts\/318572","targetHints":{"allow":["GET"]}}],"collection":[{"href":"https:\/\/www.europesays.com\/fr\/wp-json\/wp\/v2\/posts"}],"about":[{"href":"https:\/\/www.europesays.com\/fr\/wp-json\/wp\/v2\/types\/post"}],"author":[{"embeddable":true,"href":"https:\/\/www.europesays.com\/fr\/wp-json\/wp\/v2\/users\/2"}],"replies":[{"embeddable":true,"href":"https:\/\/www.europesays.com\/fr\/wp-json\/wp\/v2\/comments?post=318572"}],"version-history":[{"count":0,"href":"https:\/\/www.europesays.com\/fr\/wp-json\/wp\/v2\/posts\/318572\/revisions"}],"wp:featuredmedia":[{"embeddable":true,"href":"https:\/\/www.europesays.com\/fr\/wp-json\/wp\/v2\/media\/318573"}],"wp:attachment":[{"href":"https:\/\/www.europesays.com\/fr\/wp-json\/wp\/v2\/media?parent=318572"}],"wp:term":[{"taxonomy":"category","embeddable":true,"href":"https:\/\/www.europesays.com\/fr\/wp-json\/wp\/v2\/categories?post=318572"},{"taxonomy":"post_tag","embeddable":true,"href":"https:\/\/www.europesays.com\/fr\/wp-json\/wp\/v2\/tags?post=318572"}],"curies":[{"name":"wp","href":"https:\/\/api.w.org\/{rel}","templated":true}]}}