{"id":318580,"date":"2025-08-14T12:23:15","date_gmt":"2025-08-14T12:23:15","guid":{"rendered":"https:\/\/www.europesays.com\/fr\/318580\/"},"modified":"2025-08-14T12:23:15","modified_gmt":"2025-08-14T12:23:15","slug":"journees-europeennes-du-patrimoine-les-20-et-21-septembre-2025-redecouvrez-marseille-gratuitement","status":"publish","type":"post","link":"https:\/\/www.europesays.com\/fr\/318580\/","title":{"rendered":"Journ\u00e9es Europ\u00e9ennes du Patrimoine les 20 et 21 septembre 2025 : red\u00e9couvrez Marseille gratuitement !"},"content":{"rendered":"<p><strong>Comme tous les ans, les Journ\u00e9es Europ\u00e9ennes du Patrimoine sont l\u2019occasion pour les Marseillais et les visiteurs de d\u00e9couvrir ou de red\u00e9couvrir les beaut\u00e9s secr\u00e8tes d\u2019une ville unique. Dans tous les quartiers, des dizaines de lieux insolites, singuliers, souvent ferm\u00e9s au public le reste de l\u2019ann\u00e9e, ouvrent leurs portes pour le plus grand bonheur des passionn\u00e9s et des curieux.<\/strong><\/p>\n<p><strong>De la Cit\u00e9 radieuse, utopie moderne des villes nouvelles, au mythique chaudron de l\u2019Estaque, en passant par le mar\u00e9graphe, les \u00e9difices religieux ou la m\u00e9connue et pourtant extraordinaire Villa Santa Lucia, c\u2019est Marseille tout enti\u00e8re qui se d\u00e9couvre et qui donne \u00e0 voir ses plus intimes secrets.<\/strong><\/p>\n<p>\u00a0<\/p>\n<p>\u00a0<\/p>\n<p>Zoom sur le patrimoine architectural<\/p>\n<p>Depuis sa cr\u00e9ation en 600 avant notre \u00e8re, Marseille s\u2019est construite, d\u00e9velopp\u00e9e au-del\u00e0 de ses murailles, urbanis\u00e9e, embellie, mais aussi reconstruite parfois dans l\u2019urgence ou de mani\u00e8re concert\u00e9e, offrant ainsi aux Marseillais et aux visiteurs <strong>un \u00e9ventail d\u2019\u00e9difices \u00e0 d\u00e9couvrir ou \u00e0 red\u00e9couvrir<\/strong> lors de ces Journ\u00e9es Europ\u00e9ennes du Patrimoine.<\/p>\n<p><strong>Monuments embl\u00e9matiques gr\u00e2ce \u00e0 la protection des monuments historiques, des fouilles arch\u00e9ologiques, des usages ou de la volont\u00e9 des habitants, des associations et autres collectifs<\/strong>, ils t\u00e9moignent aujourd\u2019hui de l\u2019histoire de la ville mais aussi et surtout de l\u2019attachement d\u2019une communaut\u00e9 \u00e0 son patrimoine.<\/p>\n<p><strong>Pour cette 42e \u00e9dition des Journ\u00e9es Europ\u00e9ennes du Patrimoine<\/strong>, vous pourrez notamment :<\/p>\n<ul class=\"list-disclosure-closed\">\n<li>contempler les vestiges du port antique au <strong>Mus\u00e9e d\u2019Histoire de Marseille<\/strong>,<\/li>\n<li>comprendre l\u2019importance de l\u2019<strong>H\u00f4pital Caroline<\/strong> au d\u00e9but du XIXe si\u00e8cle,<\/li>\n<li>vous projeter dans la vie mondaine de la fin du XIXe si\u00e8cle en visitant le <strong>Ch\u00e2teau Pastr\u00e9<\/strong> ou le <strong>Ch\u00e2teau Bor\u00e9ly<\/strong>,<\/li>\n<li>appr\u00e9hender l\u2019architecture de l\u2019apr\u00e8s-guerre \u00e0 la <strong>Cit\u00e9 Radieuse<\/strong>,<\/li>\n<li>d\u00e9couvrir le c\u0153ur des projets de restauration du patrimoine \u00e0 la <strong>Bastide de la Magalone<\/strong> (voir photo) alliant hier et aujourd\u2019hui.<\/li>\n<\/ul>\n<p>\u00a0<\/p>\n<p>\u00a0<\/p>\n<p class=\"text-align-center\"><a class=\"btn btn-primary\" href=\"https:\/\/www.marseille.fr\/sites\/default\/files\/contenu\/culture\/pdf\/jep-2025-web.pdf\" target=\"_blank\" rel=\"nofollow noopener\">Consulter le programme complet (PDF)<\/a><\/p>\n<p>\u00a0<\/p>\n<p>\u00a0<\/p>\n<p><a href=\"https:\/\/www.marseille.fr\/sites\/default\/files\/contenu\/culture\/pdf\/jep-2025-web.pdf\" rel=\"nofollow noopener\" target=\"_blank\"><img decoding=\"async\" src=\"https:\/\/www.europesays.com\/fr\/wp-content\/uploads\/2025\/08\/v2-a5-couvprogramme.jpg\" data-entity-uuid=\"9d91d9cc-348a-4ff4-8cf7-870785e5be71\" data-entity-type=\"file\" alt=\"\" width=\"1878\" height=\"1780\" class=\"align-center\" loading=\"lazy\"\/><\/a><\/p>\n<p>\u00a0<\/p>\n<p>\u00a0<\/p>\n<p>Entr\u00e9e gratuite et programme dans les Mus\u00e9es de Marseille<\/p>\n<p>Le 20 et 21 septembre, toutes <strong>les expositions temporaires et les collections permanentes<\/strong> des Mus\u00e9es de la Ville de Marseille sont accessibles gratuitement. <strong>Un programme<\/strong> est \u00e9galement propos\u00e9.<\/p>\n<p>\u00a0<\/p>\n<p class=\"text-align-center\"><a class=\"btn btn-primary\" href=\"https:\/\/musees.marseille.fr\/les-journees-europeennes-du-patrimoine-2025-dans-les-musees\" target=\"_blank\" rel=\"nofollow noopener\">Consulter le programme des Mus\u00e9es<\/a><\/p>\n<p>\u00a0<\/p>\n<p>\u00a0<\/p>\n<p>\u00a0<\/p>\n","protected":false},"excerpt":{"rendered":"Comme tous les ans, les Journ\u00e9es Europ\u00e9ennes du Patrimoine sont l\u2019occasion pour les Marseillais et les visiteurs de&hellip;\n","protected":false},"author":2,"featured_media":318581,"comment_status":"","ping_status":"","sticky":false,"template":"","format":"standard","meta":{"footnotes":""},"categories":[2814],"tags":[1111,11,1777,674,1011,27,884,12,882,25,6150],"class_list":{"0":"post-318580","1":"post","2":"type-post","3":"status-publish","4":"format-standard","5":"has-post-thumbnail","7":"category-marseille","8":"tag-actu","9":"tag-actualites","10":"tag-eu","11":"tag-europe","12":"tag-fr","13":"tag-france","14":"tag-marseille","15":"tag-news","16":"tag-provence-alpes-cote-dazur","17":"tag-republique-francaise","18":"tag-rss"},"share_on_mastodon":{"url":"https:\/\/pubeurope.com\/@fr\/115027103329124891","error":""},"_links":{"self":[{"href":"https:\/\/www.europesays.com\/fr\/wp-json\/wp\/v2\/posts\/318580","targetHints":{"allow":["GET"]}}],"collection":[{"href":"https:\/\/www.europesays.com\/fr\/wp-json\/wp\/v2\/posts"}],"about":[{"href":"https:\/\/www.europesays.com\/fr\/wp-json\/wp\/v2\/types\/post"}],"author":[{"embeddable":true,"href":"https:\/\/www.europesays.com\/fr\/wp-json\/wp\/v2\/users\/2"}],"replies":[{"embeddable":true,"href":"https:\/\/www.europesays.com\/fr\/wp-json\/wp\/v2\/comments?post=318580"}],"version-history":[{"count":0,"href":"https:\/\/www.europesays.com\/fr\/wp-json\/wp\/v2\/posts\/318580\/revisions"}],"wp:featuredmedia":[{"embeddable":true,"href":"https:\/\/www.europesays.com\/fr\/wp-json\/wp\/v2\/media\/318581"}],"wp:attachment":[{"href":"https:\/\/www.europesays.com\/fr\/wp-json\/wp\/v2\/media?parent=318580"}],"wp:term":[{"taxonomy":"category","embeddable":true,"href":"https:\/\/www.europesays.com\/fr\/wp-json\/wp\/v2\/categories?post=318580"},{"taxonomy":"post_tag","embeddable":true,"href":"https:\/\/www.europesays.com\/fr\/wp-json\/wp\/v2\/tags?post=318580"}],"curies":[{"name":"wp","href":"https:\/\/api.w.org\/{rel}","templated":true}]}}