{"id":318582,"date":"2025-08-14T12:24:15","date_gmt":"2025-08-14T12:24:15","guid":{"rendered":"https:\/\/www.europesays.com\/fr\/318582\/"},"modified":"2025-08-14T12:24:15","modified_gmt":"2025-08-14T12:24:15","slug":"marseille-lancien-directeur-de-greffe-decore-de-la-legion-dhonneur","status":"publish","type":"post","link":"https:\/\/www.europesays.com\/fr\/318582\/","title":{"rendered":"Marseille : l\u2019ancien directeur de greffe d\u00e9cor\u00e9 de la L\u00e9gion d\u2019honneur"},"content":{"rendered":"<p class=\"items\"><a aria-label=\"Denis Trossero : consulter ses articles\" class=\"author-link\" href=\"http:\/\/mesinfos.fr\/auteur\/denis-trossero\" title=\"Denis Trossero : consulter ses articles\" rel=\"nofollow noopener\" target=\"_blank\">Denis Trossero<\/a>, le jeudi 14 ao\u00fbt 2025 <\/p>\n<p> <img loading=\"lazy\" decoding=\"async\" alt=\"\u00a9 Denis Trossero - Jean-Marc Arnaud ( ici \u00e0 droite), aux c\u00f4t\u00e9s de l'ancienne procureure de Marseille Dominique Laurens (\u00e0 gauche) et de l'ex-pr\u00e9sidente du tribunal Isabelle Gorce (au centre).\" data-zoom-src=\"https:\/\/www.europesays.com\/fr\/wp-content\/uploads\/2025\/08\/initial-jean-marc-arnaud.jpg\" data-zoomable=\"\" height=\"702\" src=\"https:\/\/www.europesays.com\/fr\/wp-content\/uploads\/2025\/08\/initial-jean-marc-arnaud.jpg\" width=\"1248\"\/>  <\/p>\n<p class=\"article-desc\">\u00a9 Denis Trossero &#8211; Jean-Marc Arnaud ( ici \u00e0 droite), aux c\u00f4t\u00e9s de l&rsquo;ancienne procureure de Marseille Dominique Laurens (\u00e0 gauche) et de l&rsquo;ex-pr\u00e9sidente du tribunal Isabelle Gorce (au centre). <\/p>\n<p>C\u2019est une distinction rare chez les <strong>directeurs de greffe<\/strong>.<a href=\"https:\/\/www.linkedin.com\/in\/jean-marc-arnaud-27164173\/?originalSubdomain=fr\" rel=\"noopener nofollow\" target=\"_blank\"> Jean-Marc Arnaud <\/a>vient d\u2019\u00eatre \u00e9lev\u00e9, le 14 juillet dernier, au grade de <a href=\"https:\/\/mesinfos.fr\/13000-marseille\/legion-d-honneur-des-marseillais-decores-mais-a-quoi-sert-elle-214804.html\" rel=\"noopener nofollow\" target=\"_blank\">chevalier de la L\u00e9gion d\u2019honneur<\/a> au titre du minist\u00e8re de la Justice. Celui qui fut pendant plus de douze ann\u00e9es le directeur de greffe du <strong>tribunal judiciaire de Marseille<\/strong> laisse dans la cit\u00e9 phoc\u00e9enne l\u2019image d\u2019un professionnel du droit, appr\u00e9ci\u00e9 pour son c\u00f4t\u00e9 humain, toujours \u00e0 l\u2019\u00e9coute de ses personnels, les quelque 400 fonctionnaires de justice, directeurs et directrices des services de greffe, greffiers, secr\u00e9taires administratifs, adjoints administratifs, secr\u00e9taires et contractuels plac\u00e9s sous son autorit\u00e9, mais aussi pour sa discr\u00e9tion autant que pour son \u00e9norme capacit\u00e9 de travail. <\/p>\n<p dir=\"auto\">Il \u00e9tait fort commun, en effet, de le croiser entre 7 heures et 21 heures au cinqui\u00e8me \u00e9tage du palais de justice, affair\u00e9 \u00e0 quelque t\u00e2che d\u00e9licate. <strong>Il a su en toutes circonstances respecter la confiance qu\u2019il pla\u00e7ait en ses chefs de service<\/strong> et se faisait un devoir de faire avancer la justice avec les deux chefs de juridiction que sont le pr\u00e9sident du tribunal et le procureur de la R\u00e9publique. <\/p>\n<p> Jean-Marc Arnaud, un homme de caract\u00e8re qui savait s&rsquo;entourer <\/p>\n<p dir=\"auto\">Jean-Marc Arnaud est n\u00e9 sous le signe\u00a0astrologique du B\u00e9lier.\u00a0Leader n\u00e9, le\u00a0B\u00e9lier\u00a0inspire par son charisme et sa force de\u00a0caract\u00e8re. Il aime ouvrir la voie, prendre des d\u00e9cisions rapides et motiver son entourage \u00e0 donner le meilleur de lui-m\u00eame.<\/p>\n<p> <img decoding=\"async\" alt=\"\" class=\"img-align-center\" data-zoomable=\"\" height=\"1500\" loading=\"lazy\" src=\"https:\/\/www.europesays.com\/fr\/wp-content\/uploads\/2025\/08\/arnaud-bis.jpg\" width=\"2000\"\/> \u00a9 D.T. Jean-Marc Arnaud, en compagnie des cheffes de juridiction, en mai 2020. <\/p>\n<p dir=\"auto\">Jean-Marc Arnaud a pr\u00e9c\u00e9demment \u00e9t\u00e9 en poste au\u00a0Service administratif r\u00e9gional (SAR) d\u2019Aix-en-Provence,\u00a0devenu le<strong> Service administratif interr\u00e9gional judiciaire <\/strong>(SAIJ), avant de diriger le\u00a0greffe du tribunal de grande instance de Toulon (Var). <\/p>\n<p>\u00c2g\u00e9 de 65 ans, il a fait valoir ses droits \u00e0 la retraite en d\u00e9cembre 2024. Pascale Darras,\u00a0jusque-l\u00e0 directrice de greffe du tribunal de Grasse (Alpes-Maritimes), vient de lui succ\u00e9der \u00e0 Marseille. Jean-Marc Arnaud a su impulser la n\u00e9cessaire adaptation des services de greffe aux exigences modernes d\u2019une justice devenue omnipr\u00e9sente. Ce fan de marche \u00e0 pied sait ce que course de fond veut dire. <\/p>\n<p>            Partager cet article <\/p>\n","protected":false},"excerpt":{"rendered":"Denis Trossero, le jeudi 14 ao\u00fbt 2025 \u00a9 Denis Trossero &#8211; Jean-Marc Arnaud ( ici \u00e0 droite), aux&hellip;\n","protected":false},"author":2,"featured_media":318583,"comment_status":"","ping_status":"","sticky":false,"template":"","format":"standard","meta":{"footnotes":""},"categories":[2814],"tags":[1111,11,1777,674,1011,27,12197,45681,45682,884,45683,12,882,25],"class_list":{"0":"post-318582","1":"post","2":"type-post","3":"status-publish","4":"format-standard","5":"has-post-thumbnail","7":"category-marseille","8":"tag-actu","9":"tag-actualites","10":"tag-eu","11":"tag-europe","12":"tag-fr","13":"tag-france","14":"tag-greffe","15":"tag-greffiers","16":"tag-lu00e9gion-du2019honneur","17":"tag-marseille","18":"tag-ministu00e8re-de-la-justice","19":"tag-news","20":"tag-provence-alpes-cote-dazur","21":"tag-republique-francaise"},"share_on_mastodon":{"url":"https:\/\/pubeurope.com\/@fr\/115027107279489249","error":""},"_links":{"self":[{"href":"https:\/\/www.europesays.com\/fr\/wp-json\/wp\/v2\/posts\/318582","targetHints":{"allow":["GET"]}}],"collection":[{"href":"https:\/\/www.europesays.com\/fr\/wp-json\/wp\/v2\/posts"}],"about":[{"href":"https:\/\/www.europesays.com\/fr\/wp-json\/wp\/v2\/types\/post"}],"author":[{"embeddable":true,"href":"https:\/\/www.europesays.com\/fr\/wp-json\/wp\/v2\/users\/2"}],"replies":[{"embeddable":true,"href":"https:\/\/www.europesays.com\/fr\/wp-json\/wp\/v2\/comments?post=318582"}],"version-history":[{"count":0,"href":"https:\/\/www.europesays.com\/fr\/wp-json\/wp\/v2\/posts\/318582\/revisions"}],"wp:featuredmedia":[{"embeddable":true,"href":"https:\/\/www.europesays.com\/fr\/wp-json\/wp\/v2\/media\/318583"}],"wp:attachment":[{"href":"https:\/\/www.europesays.com\/fr\/wp-json\/wp\/v2\/media?parent=318582"}],"wp:term":[{"taxonomy":"category","embeddable":true,"href":"https:\/\/www.europesays.com\/fr\/wp-json\/wp\/v2\/categories?post=318582"},{"taxonomy":"post_tag","embeddable":true,"href":"https:\/\/www.europesays.com\/fr\/wp-json\/wp\/v2\/tags?post=318582"}],"curies":[{"name":"wp","href":"https:\/\/api.w.org\/{rel}","templated":true}]}}