{"id":318584,"date":"2025-08-14T12:25:09","date_gmt":"2025-08-14T12:25:09","guid":{"rendered":"https:\/\/www.europesays.com\/fr\/318584\/"},"modified":"2025-08-14T12:25:09","modified_gmt":"2025-08-14T12:25:09","slug":"pres-de-lyon-les-gendarmes-arretent-un-chauffard-suisse-sur-la42-sa-vitesse-est-effrayante","status":"publish","type":"post","link":"https:\/\/www.europesays.com\/fr\/318584\/","title":{"rendered":"Pr\u00e8s de Lyon. Les gendarmes arr\u00eatent un chauffard Suisse sur l&rsquo;A42, sa vitesse est effrayante"},"content":{"rendered":"<p>            Par<br \/>\n        <strong><br \/>\n            <a href=\"https:\/\/actu.fr\/auteur\/redaction-lyon\" title=\"Consulter tous les articles de R\u00e9daction Lyon\" target=\"_blank\" rel=\"noopener\">R\u00e9daction Lyon<\/a><br \/>\n        <\/strong><\/p>\n<p>        Publi\u00e9 le<\/p>\n<p>            14 ao\u00fbt 2025 \u00e0 14h13        <\/p>\n<p>C\u2019est un \u00ab\u00a0champion\u00a0\u00bb de l\u2019exc\u00e8s de vitesse dangereux hors cat\u00e9gorie : un conducteur d\u2019un v\u00e9hicule immatricul\u00e9 en Suisse a \u00e9t\u00e9 arr\u00eat\u00e9 par les gendarmes de l\u2019Ain sur l\u2019<strong>A42<\/strong> mercredi 13 ao\u00fbt 2025 \u00e0 hauteur de Dagneux, pr\u00e8s de <a href=\"https:\/\/actu.fr\/auvergne-rhone-alpes\/lyon_69123\" target=\"_blank\" rel=\"noopener\">Lyon<\/a>, alors qu\u2019il circulait \u00e0 une vitesse fr\u00f4lant les 300 km\/h dans le sens M\u00e2con-Lyon.<\/p>\n<p class=\" wall-content\">Les gendarmes de l\u2019escadron d\u00e9partemental de s\u00e9curit\u00e9 routi\u00e8re de l\u2019Ain ont intercept\u00e9 un chauffard roulant au volant d\u2019une puissante <strong>Audi RS6<\/strong> \u00e0 une <strong>vitesse impressionnante de 282 km\/h<\/strong>, a appris actu Lyon jeudi confirmant <a href=\"https:\/\/www.leprogres.fr\/faits-divers-justice\/2025\/08\/14\/il-roulait-a-282-km-h-sur-l-autoroute-un-automobiliste-interpelle\" target=\"_blank\" rel=\"noopener\">Le Progr\u00e8s<\/a>.<\/p>\n<p>    <a href=\"https:\/\/www.google.com\/maps\/embed?pb=!1m18!1m12!1m3!1d240186.18858613505!2d4.972678403222305!3d45.78991460636007!2m3!1f0!2f0!3f0!3m2!1i1024!2i768!4f13.1!3m3!1m2!1s0x47f4b741718f4c43%3A0xb198f120c21331dc!2s01120%20Dagneux!5e1!3m2!1sfr!2sfr!4v1755171760645!5m2!1sfr!2sfr\" title=\"Ouvrie le lien\" target=\"_blank\" rel=\"noopener\">Cliquez ici pour visualiser le contenu<\/a><\/p>\n<p>Son v\u00e9hicule en fourri\u00e8re et son permis retir\u00e9<\/p>\n<p class=\" wall-content\">La gendarmerie nationale a ouvert une enqu\u00eate. Son v\u00e9hicule a \u00e9t\u00e9 imm\u00e9diatement plac\u00e9 en fourri\u00e8re et son permis de conduire retir\u00e9.<\/p>\n<p class=\" wall-content\">Il a \u00e9t\u00e9 plac\u00e9 en garde \u00e0 vue et sera jug\u00e9 par la justice en France.\u00a0<\/p>\n<p class=\" wall-content\">Suivez toute l\u2019actualit\u00e9 de vos villes et m\u00e9dias favoris en vous inscrivant \u00e0 <a href=\"https:\/\/moncompte.actu.fr\" title=\"D\u00e9couvez Mon Actu\" rel=\"nofollow noopener\" data-trk=\"{&quot;cta&quot;:{&quot;action&quot;:&quot;https:\\\/\\\/moncompte.actu.fr&quot;,&quot;category&quot;:&quot;mon compte&quot;,&quot;from&quot;:&quot;article footer&quot;,&quot;name&quot;:&quot;Mon actu&quot;,&quot;type&quot;:&quot;cta&quot;}}\" target=\"_blank\">Mon Actu<\/a>.<\/p>\n<ul class=\"ac-article-tag wall-content\">\n<li><a href=\"https:\/\/actu.fr\/tag\/gendarmerie\" data-trk=\"{&quot;cta&quot;:{&quot;action&quot;:&quot;Gendarmerie&quot;,&quot;category&quot;:&quot;tag&quot;,&quot;from&quot;:&quot;article footer&quot;,&quot;name&quot;:&quot;Gendarmerie&quot;,&quot;type&quot;:&quot;cta&quot;}}\" target=\"_blank\" rel=\"noopener\">#Gendarmerie<\/a><\/li>\n<li><a href=\"https:\/\/actu.fr\/tag\/securite-routiere\" data-trk=\"{&quot;cta&quot;:{&quot;action&quot;:&quot;S\\u00e9curit\\u00e9 routi\\u00e8re&quot;,&quot;category&quot;:&quot;tag&quot;,&quot;from&quot;:&quot;article footer&quot;,&quot;name&quot;:&quot;S\\u00e9curit\\u00e9 routi\\u00e8re&quot;,&quot;type&quot;:&quot;cta&quot;}}\" target=\"_blank\" rel=\"noopener\">#S\u00e9curit\u00e9 routi\u00e8re<\/a><\/li>\n<\/ul>\n","protected":false},"excerpt":{"rendered":"Par R\u00e9daction Lyon Publi\u00e9 le 14 ao\u00fbt 2025 \u00e0 14h13 C\u2019est un \u00ab\u00a0champion\u00a0\u00bb de l\u2019exc\u00e8s de vitesse dangereux&hellip;\n","protected":false},"author":2,"featured_media":318585,"comment_status":"","ping_status":"","sticky":false,"template":"","format":"standard","meta":{"footnotes":""},"categories":[1889],"tags":[1111,11,2430,1777,674,118,1011,27,3381,2428,12,25,5009],"class_list":{"0":"post-318584","1":"post","2":"type-post","3":"status-publish","4":"format-standard","5":"has-post-thumbnail","7":"category-lyon","8":"tag-actu","9":"tag-actualites","10":"tag-auvergne-rhone-alpes","11":"tag-eu","12":"tag-europe","13":"tag-faits-divers","14":"tag-fr","15":"tag-france","16":"tag-gendarmerie","17":"tag-lyon","18":"tag-news","19":"tag-republique-francaise","20":"tag-securite-routiere"},"share_on_mastodon":{"url":"https:\/\/pubeurope.com\/@fr\/115027111121562966","error":""},"_links":{"self":[{"href":"https:\/\/www.europesays.com\/fr\/wp-json\/wp\/v2\/posts\/318584","targetHints":{"allow":["GET"]}}],"collection":[{"href":"https:\/\/www.europesays.com\/fr\/wp-json\/wp\/v2\/posts"}],"about":[{"href":"https:\/\/www.europesays.com\/fr\/wp-json\/wp\/v2\/types\/post"}],"author":[{"embeddable":true,"href":"https:\/\/www.europesays.com\/fr\/wp-json\/wp\/v2\/users\/2"}],"replies":[{"embeddable":true,"href":"https:\/\/www.europesays.com\/fr\/wp-json\/wp\/v2\/comments?post=318584"}],"version-history":[{"count":0,"href":"https:\/\/www.europesays.com\/fr\/wp-json\/wp\/v2\/posts\/318584\/revisions"}],"wp:featuredmedia":[{"embeddable":true,"href":"https:\/\/www.europesays.com\/fr\/wp-json\/wp\/v2\/media\/318585"}],"wp:attachment":[{"href":"https:\/\/www.europesays.com\/fr\/wp-json\/wp\/v2\/media?parent=318584"}],"wp:term":[{"taxonomy":"category","embeddable":true,"href":"https:\/\/www.europesays.com\/fr\/wp-json\/wp\/v2\/categories?post=318584"},{"taxonomy":"post_tag","embeddable":true,"href":"https:\/\/www.europesays.com\/fr\/wp-json\/wp\/v2\/tags?post=318584"}],"curies":[{"name":"wp","href":"https:\/\/api.w.org\/{rel}","templated":true}]}}