{"id":318588,"date":"2025-08-14T12:27:11","date_gmt":"2025-08-14T12:27:11","guid":{"rendered":"https:\/\/www.europesays.com\/fr\/318588\/"},"modified":"2025-08-14T12:27:11","modified_gmt":"2025-08-14T12:27:11","slug":"pourquoi-ce-nest-pas-une-bonne-nouvelle","status":"publish","type":"post","link":"https:\/\/www.europesays.com\/fr\/318588\/","title":{"rendered":"pourquoi ce n\u2019est pas une bonne nouvelle"},"content":{"rendered":"<p>      <img fetchpriority=\"high\" decoding=\"async\" class=\"mx-auto\" src=\"data:image\/svg+xml,%3Csvg%20xmlns%3D%27http%3A%2F%2Fwww.w3.org%2F2000%2Fsvg%27%20fill%3D%22%23e4e4e4%22%20viewBox%3D%270%200%20510%20340%27%20width%3D%22510%22%20height%3D%22340%22%3E%3Cpath%20d%3D%27M0%200h510v340H0z%27%2F%3E%3C%2Fsvg%3E\"  loading=\"eager\" width=\"510\" height=\"340\" data-oncrawl-image-size=\"510x340\" alt=\"Une cigale \u00e0 Berlin, le 16\u00a0juin 2025.\"\/>      <\/p>\n<p class=\"latino-100m text-grey-600\">\n            Une cigale \u00e0 Berlin, le 16\u00a0juin 2025.\u00a0WOLFRAM STEINBERG\/DPA\/SIPA        <\/p>\n<p>        Lire\u00a0plus\u00a0tard      <\/p>\n<p><a aria-label=\"Nous suivre sur Google News\" href=\"https:\/\/news.google.com\/publications\/CAAqBwgKMJe4nQkw3dFs?hl=fr&amp;gl=FR&amp;ceid=FR%3Afr\" target=\"_blank\" data-piano=\"Page_Article,Sous_date_publi,Nous_suivre_sur_google_news,1er_clic,action\" class=\"btn btn--small btn--tertiary btn--icon-only\" rel=\"noopener\"><\/p>\n<p>      Google Actualit\u00e9s<br \/>\n  <\/a><\/p>\n<p>  Partager<\/p>\n<p>        Facebook<\/p>\n<p>        Bluesky<\/p>\n<p>        E-mail<\/p>\n<p>        Copier le lien<\/p>\n<p>      Envoyer<\/p>\n<p>      S\u2019abonner    <\/p>\n<p class=\"node__paragraphe antonia-750r text-grey-800 pb-24 pb-md-30\">\nDans les rues de la capitale flotterait (presque) comme un air de Provence. Au rythme du\u00a0r\u00e9chauffement climatique, alors que les temp\u00e9ratures moyennes \u00e0 Paris pourraient atteindre <a href=\"https:\/\/www.nouvelobs.com\/ecologie\/20241210.OBS97615\/paris-pourrait-connaitre-les-temperatures-de-montpellier-d-ici-2100-revele-meteo-france.html\" target=\"_blank\" rel=\"noopener\">celles actuelles de Montpellier<\/a> d\u2019ici la fin du si\u00e8cle selon un rapport de M\u00e9t\u00e9o-France publi\u00e9 en d\u00e9cembre\u00a02024, on peut d\u00e9sormais y entendre quelques cigales cymbaliser.<\/p>\n<p class=\"latino-500b text-grey-600 pb-16\">A lire aussi<\/p>\n<p><a href=\"https:\/\/www.nouvelobs.com\/ecologie\/20221207.OBS66836\/biodiversite-le-rechauffement-climatique-va-beaucoup-trop-vite-toutes-les-especes-ne-pourront-pas-s-adapter.html\" data-article-key=\"20221207.OBS66836\" class=\"link--box flex-grow-1\" data-piano=\"Page_Article,Lire_aussi,,Lien1,navigation\" target=\"_blank\" rel=\"noopener\"><\/p>\n<p>                <img decoding=\"async\" src=\"data:image\/svg+xml,%3Csvg%20xmlns%3D%27http%3A%2F%2Fwww.w3.org%2F2000%2Fsvg%27%20fill%3D%22%23e4e4e4%22%20viewBox%3D%270%200%20120%2080%27%20width%3D%22120%22%20height%3D%2280%22%3E%3Cpath%20d%3D%27M0%200h120v80H0z%27%2F%3E%3C%2Fsvg%3E\"  width=\"120\" height=\"79\" loading=\"lazy\" alt=\"Les trois biodiversit\u00e9s\"\/><\/p>\n<p class=\"latino-300r latino-lg-600m text-grey-800\">\n                    Biodiversit\u00e9 : \u00ab\u00a0Le r\u00e9chauffement climatique va beaucoup trop vite, toutes les esp\u00e8ces ne pourront pas s\u2019adapter\u00a0\u00bb        <\/p>\n<p><\/a><\/p>\n<p class=\"node__paragraphe antonia-750r text-grey-800 pb-24 pb-md-30\">\nSelon l\u2019Agence r\u00e9gionale de la Biodiversit\u00e9 d\u2019\u00cele-de-France (ARB), les cigales sont observ\u00e9es dans la capitale depuis une dizaine d\u2019ann\u00e9es, apport\u00e9es sous forme de larves par le transport de v\u00e9g\u00e9tation depuis le sud de la France. \u00ab\u00a0Elles ont \u00e9t\u00e9 transport\u00e9es dans des cageots de fruits du sud de la France. Elles arrivent \u00e0 Paris avec les march\u00e9s\u00a0\u00bb, explique au \u00ab\u00a0<a target=\"_blank\" href=\"https:\/\/www.leparisien.fr\/info-paris-ile-de-france-oise\/mais-oui-les-cigales-chantent-aussi-en-ile-de-france-11-08-2018-7849896.php\" rel=\"noopener\">Parisien<\/a>\u00a0\u00bb J\u00e9r\u00f4me Sueur, ma\u00eetre de conf\u00e9rences au Mus\u00e9um national d\u2019Histoire naturelle de Paris.<\/p>\n<p class=\"node__paragraphe antonia-750r text-grey-800 pb-24 pb-md-30\">\nSi ces insectes se sont retrouv\u00e9s \u00e0 700\u00a0kilom\u00e8tres de chez eux par \u00ab\u00a0accident\u00a0\u00bb, ils se sont adapt\u00e9s aux arbres parisiens \u00e0 cause du r\u00e9chauffement climatique. P\u00e9riodes hivernales de moins en moins intenses, \u00e9t\u00e9s de plus en plus chauds\u2026 \u00ab\u00a0Avec ce\u00a0climat-l\u00e0, les cigales seront en mesure de survivre et de faire leur cycle complet et donc de prosp\u00e9rer dans Paris\u00a0\u00bb, explique \u00e0 <a target=\"_blank\" href=\"https:\/\/www.tf1info.fr\/environnement-ecologie\/video-pourquoi-entend-on-des-bruits-de-cigale-a-paris-2388469.html\" rel=\"noopener\">TF1<\/a>\u00a0Hemminki Johan, charg\u00e9 d\u2019\u00e9tudes naturalistes \u00e0 l\u2019ARB\u00a0; la cigale s\u2019\u00e9panouit et stridule \u00e0 partir de 25 degr\u00e9s. Elle souffre n\u00e9anmoins quand les temp\u00e9ratures sont trop hautes et arr\u00eate de chanter lorsqu\u2019on approche les 40 degr\u00e9s.<\/p>\n<p>D\u00e9placement de la zone de r\u00e9partition<\/p>\n<p class=\"node__paragraphe antonia-750r text-grey-800 pb-24 pb-md-30\">\nSi le \u00ab\u00a0chant\u00a0\u00bb des cigales m\u00e2les, \u00e9mis\u00a0par le claquement de petites membranes situ\u00e9es \u00e0 la naissance des ailes, se fait d\u00e9sormais entendre \u00e0 Paris ou \u00e0 Lyon, il pourrait dispara\u00eetre du sud de la France. En effet, la zone de r\u00e9partition de l\u2019esp\u00e8ce se d\u00e9place, car l\u00e0 o\u00f9 il fait trop chaud, elles ne survivront pas.<\/p>\n<p class=\"node__paragraphe antonia-750r text-grey-800 pb-24 pb-md-30\">\n\u00ab\u00a0On a constat\u00e9 que les cigales ne chantent pratiquement plus l\u2019apr\u00e8s-midi quand le mercure d\u00e9passe 36\u00a0\u00b0C \u00e0 l\u2019ombre, il fait trop chaud pour elles\u00a0\u00bb, souligne aupr\u00e8s de\u00a0<a target=\"_blank\" href=\"https:\/\/france3-regions.francetvinfo.fr\/provence-alpes-cote-d-azur\/bouches-du-rhone\/cigales-l-impact-de-la-chaleur-et-la-secheresse-sur-leurs-chants-et-leurs-habitudes-2595956.html\" rel=\"noopener\">France\u00a03 Paca<\/a>\u00a0l\u2019agroclimatologue Serge Zaka. Selon le sp\u00e9cialiste, les cigales n\u2019arriveraient plus \u00e0 r\u00e9guler leur temp\u00e9rature sous de trop fortes chaleurs. \u00ab\u00a0C\u2019est la r\u00e9action biologique \u00e0 un stress thermique\u00a0\u00bb, indique le chercheur. Quand les temp\u00e9ratures sont trop \u00e9lev\u00e9es, les cigales se taisent instinctivement\u00a0et donc ne se reproduisent plus.<\/p>\n<p class=\"latino-500b text-grey-600 pb-16\">A lire aussi<\/p>\n<p><a href=\"https:\/\/www.nouvelobs.com\/sciences\/20250728.OBS106278\/des-milliers-d-especes-disparaissent-chaque-annee-mais-y-a-t-il-aussi-des-especes-qui-apparaissent.html\" data-article-key=\"20250728.OBS106278\" class=\"link--box flex-grow-1\" data-piano=\"Page_Article,Lire_aussi,,Lien2,navigation\" target=\"_blank\" rel=\"noopener\"><\/p>\n<p>                <img decoding=\"async\" src=\"data:image\/svg+xml,%3Csvg%20xmlns%3D%27http%3A%2F%2Fwww.w3.org%2F2000%2Fsvg%27%20fill%3D%22%23e4e4e4%22%20viewBox%3D%270%200%20120%2080%27%20width%3D%22120%22%20height%3D%2280%22%3E%3Cpath%20d%3D%27M0%200h120v80H0z%27%2F%3E%3C%2Fsvg%3E\"  width=\"120\" height=\"79\" loading=\"lazy\" alt=\"Des \u00e9l\u00e9phants dans la r\u00e9serve de Masa\u00ef Mara, au Kenya, en janvier 2024. \"\/><\/p>\n<p class=\"latino-300r latino-lg-600m text-grey-800\">\n                      <strong class=\"latino-300b latino-lg-600m text-grey-500\">D\u00e9cryptage\u00a0<\/strong><br \/>\n                    Des milliers d\u2019esp\u00e8ces disparaissent chaque ann\u00e9e, mais y a-t-il aussi des esp\u00e8ces qui apparaissent\u00a0?        <\/p>\n<p><\/a><\/p>\n<p class=\"node__paragraphe antonia-750r text-grey-800 pb-24 pb-md-30\">\nHabituellement, les cigales\u00a0cymbalisent de fin juin \u00e0 mi-septembre, mais il n\u2019est plus rare de ne pas entendre leur chant d\u00e8s la fin ao\u00fbt en Provence. Au micro de <a target=\"_blank\" href=\"https:\/\/www.bfmtv.com\/marseille\/pourquoi-les-cigales-ne-chantent-presque-plus-avant-meme-la-fin-de-l-ete_AV-202208160179.html\" rel=\"noopener\">BFM Marseille Provence<\/a>, Serge Zaka explique\u00a0: \u00ab\u00a0le cycle des cigales d\u00e9marre et s\u2019arr\u00eate plus t\u00f4t dans l\u2019ann\u00e9e. Avec le changement climatique il faudra m\u00eame, d\u2019ici 2050, s\u2019attendre \u00e0 ce que les cigales commencent \u00e0 chanter fin mai et qu\u2019elles s\u2019arr\u00eatent fin juillet\u00a0\u00bb. Et de conclure\u00a0: \u00ab\u00a0Ce sera normal dans un climat futur.\u00a0\u00bb<\/p>\n","protected":false},"excerpt":{"rendered":"Une cigale \u00e0 Berlin, le 16\u00a0juin 2025.\u00a0WOLFRAM STEINBERG\/DPA\/SIPA Lire\u00a0plus\u00a0tard Google Actualit\u00e9s Partager Facebook Bluesky E-mail Copier le lien&hellip;\n","protected":false},"author":2,"featured_media":318589,"comment_status":"","ping_status":"","sticky":false,"template":"","format":"standard","meta":{"footnotes":""},"categories":[1592],"tags":[17,1111,11,1130,11690,45684,45685,32636,1777,674,1011,27,4323,662,12,2043,626,25],"class_list":{"0":"post-318588","1":"post","2":"type-post","3":"status-publish","4":"format-standard","5":"has-post-thumbnail","7":"category-ile-de-france","8":"tag-17","9":"tag-actu","10":"tag-actualites","11":"tag-biodiversite","12":"tag-bonne","13":"tag-cigales","14":"tag-cymbalisent","15":"tag-ecoloobs","16":"tag-eu","17":"tag-europe","18":"tag-fr","19":"tag-france","20":"tag-ile","21":"tag-ile-de-france","22":"tag-news","23":"tag-nouvelle","24":"tag-paris","25":"tag-republique-francaise"},"share_on_mastodon":{"url":"https:\/\/pubeurope.com\/@fr\/115027119339140876","error":""},"_links":{"self":[{"href":"https:\/\/www.europesays.com\/fr\/wp-json\/wp\/v2\/posts\/318588","targetHints":{"allow":["GET"]}}],"collection":[{"href":"https:\/\/www.europesays.com\/fr\/wp-json\/wp\/v2\/posts"}],"about":[{"href":"https:\/\/www.europesays.com\/fr\/wp-json\/wp\/v2\/types\/post"}],"author":[{"embeddable":true,"href":"https:\/\/www.europesays.com\/fr\/wp-json\/wp\/v2\/users\/2"}],"replies":[{"embeddable":true,"href":"https:\/\/www.europesays.com\/fr\/wp-json\/wp\/v2\/comments?post=318588"}],"version-history":[{"count":0,"href":"https:\/\/www.europesays.com\/fr\/wp-json\/wp\/v2\/posts\/318588\/revisions"}],"wp:featuredmedia":[{"embeddable":true,"href":"https:\/\/www.europesays.com\/fr\/wp-json\/wp\/v2\/media\/318589"}],"wp:attachment":[{"href":"https:\/\/www.europesays.com\/fr\/wp-json\/wp\/v2\/media?parent=318588"}],"wp:term":[{"taxonomy":"category","embeddable":true,"href":"https:\/\/www.europesays.com\/fr\/wp-json\/wp\/v2\/categories?post=318588"},{"taxonomy":"post_tag","embeddable":true,"href":"https:\/\/www.europesays.com\/fr\/wp-json\/wp\/v2\/tags?post=318588"}],"curies":[{"name":"wp","href":"https:\/\/api.w.org\/{rel}","templated":true}]}}