{"id":318590,"date":"2025-08-14T12:28:12","date_gmt":"2025-08-14T12:28:12","guid":{"rendered":"https:\/\/www.europesays.com\/fr\/318590\/"},"modified":"2025-08-14T12:28:12","modified_gmt":"2025-08-14T12:28:12","slug":"virus-du-nil-occidental-en-ile-de-france-les-gestes-cles-pour-sen-proteger","status":"publish","type":"post","link":"https:\/\/www.europesays.com\/fr\/318590\/","title":{"rendered":"Virus du Nil occidental en \u00cele-de-France, les gestes cl\u00e9s pour s&rsquo;en prot\u00e9ger"},"content":{"rendered":"<p><p>Sommaire<\/p>\n<\/p>\n<p>Le <a href=\"https:\/\/www.doctissimo.fr\/famille\/vacances\/piqure-dinsecte\/virus-du-nil-occidental-premier-cas-dinfection-en-gironde\/b26301_ar.html\" rel=\"nofollow noopener\" target=\"_blank\">virus du Nil occidental<\/a> est d\u00e9sormais pr\u00e9sent en plein c\u0153ur de l\u2019\u00cele-de-France. Pour la premi\u00e8re fois, deux cas ont \u00e9t\u00e9 recens\u00e9s chez des personnes n\u2019ayant pas voyag\u00e9 dans une zone d\u00e9j\u00e0 touch\u00e9e. Une alerte sanitaire qui surprend, y compris les autorit\u00e9s.<\/p>\n<p>Selon l\u2019ARS d\u2019\u00cele-de-France, \u00ab\u00a0le premier cas, identifi\u00e9 fin juillet, avait (&#8230;) s\u00e9journ\u00e9 dans le d\u00e9partement du Jura (Bourgogne-Franche-Comt\u00e9) durant la p\u00e9riode possible d\u2019exposition \u00e0 risque. Le second cas, confirm\u00e9 le 6 ao\u00fbt, n\u2019a pas quitt\u00e9 l\u2019\u00cele-de-France dans les 15 jours pr\u00e9c\u00e9dant l\u2019apparition des sympt\u00f4mes\u00a0\u00bb.<\/p>\n<p> Sept cas confirm\u00e9s, au total, en France m\u00e9tropolitaine <\/p>\n<p>Au total, \u00ab\u00a0sept cas autochtones d\u2019infection \u00e0 virus West Nile ont \u00e9t\u00e9 identifi\u00e9s en France hexagonale\u00a0\u00bb, pr\u00e9cise Sant\u00e9 publique France dans son dernier bulletin.\u00a0Le premier patient avait \u00e9t\u00e9 d\u00e9tect\u00e9 dans la r\u00e9gion Provence-Alpes-C\u00f4te d\u2019Azur, o\u00f9 la pr\u00e9sence du virus est d\u00e9j\u00e0 connue. Mais cette apparition en r\u00e9gion parisienne change la donne pour la surveillance \u00e9pid\u00e9miologique.<\/p>\n<p>Face \u00e0 une situation sans pr\u00e9c\u00e9dent en \u00cele-de-France, l\u00a0\u00bbARS renforce sa collaboration avec divers partenaires pour \u00e9valuer le risque sanitaire, freiner sa propagation et garantir une r\u00e9ponse coordonn\u00e9e dans la r\u00e9gion affect\u00e9e :<\/p>\n<ul>\n<li>R\u00e9alisation d&rsquo;une enqu\u00eate \u00e9pid\u00e9miologique avec la cellule r\u00e9gionale de Sant\u00e9 publique France pour localiser les potentiels sites de contamination ;<\/li>\n<li>Mise en s\u00e9curit\u00e9 temporaire des produits biologiques humains d\u00e8s l&rsquo;alerte, incluant les produits sanguins labiles ainsi que les dons d&rsquo;organes, tissus, cellules et gam\u00e8tes, en collaboration avec l&rsquo;\u00c9tablissement fran\u00e7ais du sang (EFS) et l&rsquo;Agence de biom\u00e9decine (ABM), en partenariat avec Sant\u00e9 Publique France ;<\/li>\n<li>Sensibilisation des \u00e9tablissements de sant\u00e9 en \u00cele-de-France susceptibles de traiter des cas graves de la maladie ;<\/li>\n<li>Intensification de la surveillance entomologique autour des cas humains confirm\u00e9s et des zones \u00e0 risque de transmission par les oiseaux ;<\/li>\n<li>Mobilisation des professionnels de la sant\u00e9 animale pour accro\u00eetre la surveillance des oiseaux et des chevaux en \u00cele-de-France.<\/li>\n<\/ul>\n<p> Un virus transmis par les moustiques communs <\/p>\n<p>Le virus West Nile est transmis par les moustiques du genre Culex, surnomm\u00e9s \u00ab\u00a0moustiques communs\u00a0\u00bb, qui se contaminent uniquement au contact d\u2019oiseaux infect\u00e9s.<\/p>\n<p>Sch\u00e9matiquement, l\u2019insecte pique un oiseau porteur du virus, puis un \u00eatre humain. Le virus West Nile ne se transmet pas d\u2019homme \u00e0 homme, ni de l\u2019homme au moustique.<\/p>\n<p>Dans 80 % des cas, l\u2019infection passe inaper\u00e7ue. Sinon, elle peut se manifester par de la <a href=\"https:\/\/www.doctissimo.fr\/sante\/diaporamas\/reaction-corps-fievre\" rel=\"nofollow noopener\" target=\"_blank\">fi\u00e8vre<\/a>, des douleurs, des <a href=\"https:\/\/www.doctissimo.fr\/sante\/sante-au-quotidien\/douleur\/maux-de-tete-les-10-causes-principales-et-celles-qui-doivent-vous-amener-a-consulter\/3ee857_ar.html\" rel=\"nofollow noopener\" target=\"_blank\">maux de t\u00eate<\/a> et parfois une \u00e9ruption cutan\u00e9e, rapporte le site de l\u2019Institut Pasteur. Moins de 1 % des malades d\u00e9veloppent des complications neurologiques, surtout les <a href=\"https:\/\/www.doctissimo.fr\/sante\/maladies\/maladies-auto-immunes\/immunodeprime-definition-causes-et-consequences\/b2e1c7_ar.html\" rel=\"nofollow noopener\" target=\"_blank\">personnes immunod\u00e9prim\u00e9es.<\/a><\/p>\n<p>    Les gestes pour limiter les piq\u00fbres et freiner le virus <\/p>\n<p>Contrairement aux moustiques tigres, les Culex piquent surtout au coucher du soleil et durant la nuit. Pour r\u00e9duire le risque, il est important d\u2019adopter les gestes suivants :<\/p>\n<ul>\n<li>Porter des v\u00eatements amples et couvrants ;<\/li>\n<li>Utiliser un r\u00e9pulsif cutan\u00e9 adapt\u00e9 le soir sur les zones expos\u00e9es ;<\/li>\n<li>Installer moustiquaires ou grillages aux fen\u00eatres ;<\/li>\n<li>Dormir sous une moustiquaire, impr\u00e9gn\u00e9e d\u2019insecticide si n\u00e9cessaire ;<\/li>\n<li>Limiter les points d\u2019eau stagnante autour de chez soi, comme les soucoupes de pots de fleurs ou les r\u00e9servoirs mal couverts.<\/li>\n<\/ul>\n<p>Ces gestes simples, combin\u00e9s \u00e0 une vigilance accrue des autorit\u00e9s sanitaires, restent aujourd\u2019hui la meilleure arme pour contenir le virus du Nil occidental en \u00cele-de-France.<\/p>\n<p><strong>l&rsquo;ARS Ile-de-France conseille de consulter rapidement un m\u00e9decin en cas de sympt\u00f4mes \u00e9vocateurs :<\/strong>\u00a0 apparition brutale d\u2019une fi\u00e8vre importante accompagn\u00e9e de maux de t\u00eate et de dos, de douleurs musculaires, d\u2019une toux, d\u2019un gonflement des ganglions du cou, et souvent d\u2019une \u00e9ruption cutan\u00e9e, de naus\u00e9es, de douleurs abdominales, de diarrh\u00e9es et de sympt\u00f4mes respiratoires.<\/p>\n","protected":false},"excerpt":{"rendered":"Sommaire Le virus du Nil occidental est d\u00e9sormais pr\u00e9sent en plein c\u0153ur de l\u2019\u00cele-de-France. Pour la premi\u00e8re fois,&hellip;\n","protected":false},"author":2,"featured_media":318591,"comment_status":"","ping_status":"","sticky":false,"template":"","format":"standard","meta":{"footnotes":""},"categories":[1592],"tags":[1111,11,1777,674,1011,27,662,12,626,25],"class_list":{"0":"post-318590","1":"post","2":"type-post","3":"status-publish","4":"format-standard","5":"has-post-thumbnail","7":"category-ile-de-france","8":"tag-actu","9":"tag-actualites","10":"tag-eu","11":"tag-europe","12":"tag-fr","13":"tag-france","14":"tag-ile-de-france","15":"tag-news","16":"tag-paris","17":"tag-republique-francaise"},"share_on_mastodon":{"url":"https:\/\/pubeurope.com\/@fr\/115027123067554407","error":""},"_links":{"self":[{"href":"https:\/\/www.europesays.com\/fr\/wp-json\/wp\/v2\/posts\/318590","targetHints":{"allow":["GET"]}}],"collection":[{"href":"https:\/\/www.europesays.com\/fr\/wp-json\/wp\/v2\/posts"}],"about":[{"href":"https:\/\/www.europesays.com\/fr\/wp-json\/wp\/v2\/types\/post"}],"author":[{"embeddable":true,"href":"https:\/\/www.europesays.com\/fr\/wp-json\/wp\/v2\/users\/2"}],"replies":[{"embeddable":true,"href":"https:\/\/www.europesays.com\/fr\/wp-json\/wp\/v2\/comments?post=318590"}],"version-history":[{"count":0,"href":"https:\/\/www.europesays.com\/fr\/wp-json\/wp\/v2\/posts\/318590\/revisions"}],"wp:featuredmedia":[{"embeddable":true,"href":"https:\/\/www.europesays.com\/fr\/wp-json\/wp\/v2\/media\/318591"}],"wp:attachment":[{"href":"https:\/\/www.europesays.com\/fr\/wp-json\/wp\/v2\/media?parent=318590"}],"wp:term":[{"taxonomy":"category","embeddable":true,"href":"https:\/\/www.europesays.com\/fr\/wp-json\/wp\/v2\/categories?post=318590"},{"taxonomy":"post_tag","embeddable":true,"href":"https:\/\/www.europesays.com\/fr\/wp-json\/wp\/v2\/tags?post=318590"}],"curies":[{"name":"wp","href":"https:\/\/api.w.org\/{rel}","templated":true}]}}