{"id":318597,"date":"2025-08-14T12:32:24","date_gmt":"2025-08-14T12:32:24","guid":{"rendered":"https:\/\/www.europesays.com\/fr\/318597\/"},"modified":"2025-08-14T12:32:24","modified_gmt":"2025-08-14T12:32:24","slug":"la-clim-du-train-tombe-en-panne-le-voyage-devient-infernal","status":"publish","type":"post","link":"https:\/\/www.europesays.com\/fr\/318597\/","title":{"rendered":"la clim du train tombe en panne, le voyage devient infernal"},"content":{"rendered":"<p>            Par<br \/>\n        <strong><br \/>\n            <a href=\"https:\/\/actu.fr\/auteur\/redaction-paris\" title=\"Consulter tous les articles de R\u00e9daction Paris\" target=\"_blank\" rel=\"noopener\">R\u00e9daction Paris<\/a><br \/>\n        <\/strong><\/p>\n<p>        Publi\u00e9 le<\/p>\n<p>            14 ao\u00fbt 2025 \u00e0 12h32        <\/p>\n<p>Le trajet restera en m\u00e9moire des voyageurs. Mercredi 13\u00a0ao\u00fbt 2025, le train au d\u00e9part de Paris \u00e0 14h42 depuis la <a href=\"https:\/\/actu.fr\/tag\/gare-de-lyon\" target=\"_blank\" rel=\"noopener\">gare de Lyon<\/a>, et en direction de Perpignan (Pyr\u00e9n\u00e9es-Orientales), a manqu\u00e9 d\u2019air alors que <a href=\"https:\/\/actu.fr\/ile-de-france\/paris_75056\/meteo-apres-une-accalmie-de-la-canicule-les-temperatures-vont-remonter-en-fleche-a-paris-et-ile-de-france_63035989.html\" target=\"_blank\" rel=\"noopener\">la canicule<\/a> frappe le pays depuis une semaine. Face \u00e0 l\u2019absence de climatisation dans plusieurs wagons et pendant des heures, il faut prendre son mal en patience. \u00ab<strong>\u2009Certains tol\u00e8rent et d\u2019autres r\u00e2lent\u2026<\/strong> Moi je fais un peu des deux. J\u2019ai \u00e9t\u00e9 dans le wagon bar pour essayer d\u2019avoir un peu frais. Je fais la navette\u2009\u00bb, a expliqu\u00e9 George, l\u2019un des passagers aupr\u00e8s de <a href=\"https:\/\/www.franceinfo.fr\/environnement\/evenements-meteorologiques-extremes\/vagues-de-chaleur-canicules\/reportage-j-ai-cru-que-j-allais-tomber-dans-les-pommes-on-etait-a-bord-d-un-tgv-sans-climatisation-en-pleine-canicule_7433956.html\" target=\"_blank\" rel=\"noopener\">Franceinfo<\/a>.<\/p>\n<p>Le wagon bar climatis\u00e9<\/p>\n<p class=\" wall-content\">La situation a \u00e9t\u00e9 compliqu\u00e9e \u00e0 g\u00e9rer pour ces derniers. Surtout, pour les enfants, les personnes \u00e2g\u00e9es et les animaux. \u00ab\u2009Je me remercie d\u2019avoir eu l\u2019id\u00e9e de ne pas prendre mon chien avec moi parce que <strong>j\u2019aurais eu peur pour sa vie, en fait<\/strong>\u2009\u00bb, a t\u00e9moign\u00e9 C\u00e9cile aupr\u00e8s de nos confr\u00e8res qui ont pu constater l\u2019affluence dans le wagon bistro, prise d\u2019assaut pour se rafra\u00eechir sous sa climatisation.<\/p>\n<p class=\" wall-content\">Des bouteilles d\u2019eau ont \u00e9t\u00e9 distribu\u00e9es par personnel de la SNCF. L\u2019entreprise ferroviaire assure que les pannes de climatisation ne sont pas li\u00e9es aux canicules. Elles ne sont donc pas plus nombreuses en ce type de p\u00e9riode. Elles sont toutefois plus douloureuses.<\/p>\n<p class=\" wall-content\">Suivez toute l\u2019actualit\u00e9 de vos villes et m\u00e9dias favoris en vous inscrivant \u00e0 <a href=\"https:\/\/moncompte.actu.fr\" title=\"D\u00e9couvez Mon Actu\" rel=\"nofollow noopener\" data-trk=\"{&quot;cta&quot;:{&quot;action&quot;:&quot;https:\\\/\\\/moncompte.actu.fr&quot;,&quot;category&quot;:&quot;mon compte&quot;,&quot;from&quot;:&quot;article footer&quot;,&quot;name&quot;:&quot;Mon actu&quot;,&quot;type&quot;:&quot;cta&quot;}}\" target=\"_blank\">Mon Actu<\/a>.<\/p>\n","protected":false},"excerpt":{"rendered":"Par R\u00e9daction Paris Publi\u00e9 le 14 ao\u00fbt 2025 \u00e0 12h32 Le trajet restera en m\u00e9moire des voyageurs. Mercredi&hellip;\n","protected":false},"author":2,"featured_media":318598,"comment_status":"","ping_status":"","sticky":false,"template":"","format":"standard","meta":{"footnotes":""},"categories":[1888],"tags":[11,6698,1777,674,1011,27,12,626,25,2215,104,2803],"class_list":{"0":"post-318597","1":"post","2":"type-post","3":"status-publish","4":"format-standard","5":"has-post-thumbnail","7":"category-paris","8":"tag-actualites","9":"tag-canicule","10":"tag-eu","11":"tag-europe","12":"tag-fr","13":"tag-france","14":"tag-news","15":"tag-paris","16":"tag-republique-francaise","17":"tag-sncf","18":"tag-societe","19":"tag-transport"},"share_on_mastodon":{"url":"https:\/\/pubeurope.com\/@fr\/115027138654128035","error":""},"_links":{"self":[{"href":"https:\/\/www.europesays.com\/fr\/wp-json\/wp\/v2\/posts\/318597","targetHints":{"allow":["GET"]}}],"collection":[{"href":"https:\/\/www.europesays.com\/fr\/wp-json\/wp\/v2\/posts"}],"about":[{"href":"https:\/\/www.europesays.com\/fr\/wp-json\/wp\/v2\/types\/post"}],"author":[{"embeddable":true,"href":"https:\/\/www.europesays.com\/fr\/wp-json\/wp\/v2\/users\/2"}],"replies":[{"embeddable":true,"href":"https:\/\/www.europesays.com\/fr\/wp-json\/wp\/v2\/comments?post=318597"}],"version-history":[{"count":0,"href":"https:\/\/www.europesays.com\/fr\/wp-json\/wp\/v2\/posts\/318597\/revisions"}],"wp:featuredmedia":[{"embeddable":true,"href":"https:\/\/www.europesays.com\/fr\/wp-json\/wp\/v2\/media\/318598"}],"wp:attachment":[{"href":"https:\/\/www.europesays.com\/fr\/wp-json\/wp\/v2\/media?parent=318597"}],"wp:term":[{"taxonomy":"category","embeddable":true,"href":"https:\/\/www.europesays.com\/fr\/wp-json\/wp\/v2\/categories?post=318597"},{"taxonomy":"post_tag","embeddable":true,"href":"https:\/\/www.europesays.com\/fr\/wp-json\/wp\/v2\/tags?post=318597"}],"curies":[{"name":"wp","href":"https:\/\/api.w.org\/{rel}","templated":true}]}}