{"id":318599,"date":"2025-08-14T12:33:11","date_gmt":"2025-08-14T12:33:11","guid":{"rendered":"https:\/\/www.europesays.com\/fr\/318599\/"},"modified":"2025-08-14T12:33:11","modified_gmt":"2025-08-14T12:33:11","slug":"la-russie-et-lukraine-ont-echange-84-prisonniers-annonce-moscou","status":"publish","type":"post","link":"https:\/\/www.europesays.com\/fr\/318599\/","title":{"rendered":"La Russie et l\u2019Ukraine ont \u00e9chang\u00e9 84 prisonniers, annonce Moscou"},"content":{"rendered":"<p>Les \u00e9changes de prisonniers et de corps de soldats tu\u00e9s sont l\u2019un des derniers domaines o\u00f9 Moscou et Kiev continuent de coop\u00e9rer.<\/p>\n<p class=\"fig-paragraph\">La Russie et l&rsquo;Ukraine ont \u00e9chang\u00e9 jeudi 84 prisonniers de guerre, a annonc\u00e9 le minist\u00e8re russe de la D\u00e9fense, \u00e0 la veille d&rsquo;un\u00a0<a href=\"http:\/\/www.lefigaro.fr\/international\/sommet-trump-poutine-sept-ans-apres-le-scandale-d-helsinki-ravive-par-la-rencontre-prevue-en-alaska-vendredi-20250814\" target=\"_blank\" data-fig-type=\"Article\" rel=\"noopener\" data-gtm-custom-categorie=\"navigation\" data-gtm-custom-action=\"crossclick\" data-gtm-custom-label=\"Contextuel\" data-gtm-event=\"customEventSPE\" data-fig-domain=\"LEFIGARO\">sommet tr\u00e8s attendu<\/a>\u00a0entre le pr\u00e9sident russe, Vladimir Poutine, et son homologue am\u00e9ricain, Donald Trump. Selon le minist\u00e8re russe, \u00ab84 militaires russes sont revenus du territoire contr\u00f4l\u00e9 par le r\u00e9gime de Kiev. En \u00e9change, 84 prisonniers de guerre des forces arm\u00e9es ukrainiennes ont \u00e9t\u00e9 remis\u00bb.<\/p>\n<p class=\"fig-paragraph\">Les \u00e9changes de prisonniers et de corps de soldats tu\u00e9s sont l&rsquo;un des derniers domaines o\u00f9 Moscou et Kiev continuent de coop\u00e9rer, plus de trois ans et demi apr\u00e8s le d\u00e9but de l&rsquo;assaut russe contre l&rsquo;Ukraine. Les deux camps ont \u00e9chang\u00e9 cette ann\u00e9e des milliers de prisonniers, conform\u00e9ment \u00e0 des accords trouv\u00e9s lors de trois sessions de\u00a0<a href=\"http:\/\/www.lefigaro.fr\/international\/pourparlers-a-istanbul-pas-de-treve-en-vue-mais-un-nouvel-echange-de-prisonniers-entre-kiev-et-moscou-20250602\" target=\"_blank\" data-fig-type=\"Article\" rel=\"noopener\" data-gtm-custom-categorie=\"navigation\" data-gtm-custom-action=\"crossclick\" data-gtm-custom-label=\"Contextuel\" data-gtm-event=\"customEventSPE\" data-fig-domain=\"LEFIGARO\">pourparlers directs \u00e0 Istanbul<\/a>\u00a0de mai \u00e0 juillet.<\/p>\n<p>                                    <a class=\"fig-a11y-skip a11y-hidden\" href=\"#fig-a11y-skip-main-inarticle\"><br \/>\n        Passer la publicit\u00e9<br \/>\n    <\/a><\/p>\n<p class=\"fig-paragraph\">Ces \u00e9changes sont le seul r\u00e9sultat concret de ces r\u00e9unions. Lors de la derni\u00e8re rencontre sous ce format en juillet, les deux d\u00e9l\u00e9gations n&rsquo;ont pu que constater \u00abl&rsquo;\u00e9loignement\u00bb de leurs positions pour mettre fin au conflit.<\/p>\n<p class=\"fig-paragraph\">L&rsquo;\u00e9change de jeudi intervient \u00e0 la veille d&rsquo;une rencontre entre Vladimir Poutine et Donald Trump en Alaska, qui abordera surtout les possibilit\u00e9s de paix en Ukraine, mais a priori en l&rsquo;absence du pr\u00e9sident ukrainien,\u00a0<a href=\"http:\/\/www.lefigaro.fr\/international\/guerre-en-ukraine-keir-starmer-recoit-volodymyr-zelensky-a-londres-ce-jeudi-20250814\" target=\"_blank\" data-fig-type=\"NewsFlash\" rel=\"noopener\" data-gtm-custom-categorie=\"navigation\" data-gtm-custom-action=\"crossclick\" data-gtm-custom-label=\"Contextuel\" data-gtm-event=\"customEventSPE\" data-fig-domain=\"LEFIGARO\">Volodymyr Zelensky<\/a>.<\/p>\n","protected":false},"excerpt":{"rendered":"Les \u00e9changes de prisonniers et de corps de soldats tu\u00e9s sont l\u2019un des derniers domaines o\u00f9 Moscou et&hellip;\n","protected":false},"author":2,"featured_media":318600,"comment_status":"","ping_status":"","sticky":false,"template":"","format":"standard","meta":{"footnotes":""},"categories":[1591],"tags":[11,1887,131,12,1885,1886,132,220],"class_list":{"0":"post-318599","1":"post","2":"type-post","3":"status-publish","4":"format-standard","5":"has-post-thumbnail","7":"category-russie","8":"tag-actualites","9":"tag-federation-de-russie","10":"tag-guerre-en-ukraine","11":"tag-news","12":"tag-russia","13":"tag-russian-federation","14":"tag-russie","15":"tag-ukraine"},"share_on_mastodon":{"url":"https:\/\/pubeurope.com\/@fr\/115027142718001324","error":""},"_links":{"self":[{"href":"https:\/\/www.europesays.com\/fr\/wp-json\/wp\/v2\/posts\/318599","targetHints":{"allow":["GET"]}}],"collection":[{"href":"https:\/\/www.europesays.com\/fr\/wp-json\/wp\/v2\/posts"}],"about":[{"href":"https:\/\/www.europesays.com\/fr\/wp-json\/wp\/v2\/types\/post"}],"author":[{"embeddable":true,"href":"https:\/\/www.europesays.com\/fr\/wp-json\/wp\/v2\/users\/2"}],"replies":[{"embeddable":true,"href":"https:\/\/www.europesays.com\/fr\/wp-json\/wp\/v2\/comments?post=318599"}],"version-history":[{"count":0,"href":"https:\/\/www.europesays.com\/fr\/wp-json\/wp\/v2\/posts\/318599\/revisions"}],"wp:featuredmedia":[{"embeddable":true,"href":"https:\/\/www.europesays.com\/fr\/wp-json\/wp\/v2\/media\/318600"}],"wp:attachment":[{"href":"https:\/\/www.europesays.com\/fr\/wp-json\/wp\/v2\/media?parent=318599"}],"wp:term":[{"taxonomy":"category","embeddable":true,"href":"https:\/\/www.europesays.com\/fr\/wp-json\/wp\/v2\/categories?post=318599"},{"taxonomy":"post_tag","embeddable":true,"href":"https:\/\/www.europesays.com\/fr\/wp-json\/wp\/v2\/tags?post=318599"}],"curies":[{"name":"wp","href":"https:\/\/api.w.org\/{rel}","templated":true}]}}