{"id":318603,"date":"2025-08-14T12:35:12","date_gmt":"2025-08-14T12:35:12","guid":{"rendered":"https:\/\/www.europesays.com\/fr\/318603\/"},"modified":"2025-08-14T12:35:12","modified_gmt":"2025-08-14T12:35:12","slug":"letat-de-sante-des-enfants-se-degrade-rapidement-aux-etats-unis-creusant-lecart-avec-les-pays-a-haut-revenu","status":"publish","type":"post","link":"https:\/\/www.europesays.com\/fr\/318603\/","title":{"rendered":"L\u2019\u00e9tat de sant\u00e9 des enfants se d\u00e9grade rapidement aux Etats-Unis, creusant l\u2019\u00e9cart avec les pays \u00e0 haut revenu"},"content":{"rendered":"<p>                         <img loading=\"lazy\" decoding=\"async\" src=\"https:\/\/www.europesays.com\/fr\/wp-content\/uploads\/2025\/08\/f77d4ff_upload-1-flnifpqohpfy-rea10588024.jpg\" alt=\"La Dr Jane C. Burns, directrice du Centre de recherche sur la maladie de Kawasaki, \u00e0 l\u2019universit\u00e9 de Californie \u00e0 San Diego, examine une fillette au Rady Children\u2019s Hospital, \u00e0 San Diego (Etats-Unis), le 24\u00a0janvier 2024.\"   width=\"664\" height=\"443\"\/>    La Dr Jane C. Burns, directrice du Centre de recherche sur la maladie de Kawasaki, \u00e0 l\u2019universit\u00e9 de Californie \u00e0 San Diego, examine une fillette au Rady Children\u2019s Hospital, \u00e0 San Diego (Etats-Unis), le 24\u00a0janvier 2024.  ARIANA DREHSLER\/THE NEW YORK TIMES\/REDUX -REA                 <\/p>\n<p class=\"article__paragraph  \">\u00ab\u00a0Au cours des dix-sept derni\u00e8res ann\u00e9es, la sant\u00e9 des enfants am\u00e9ricains s\u2019est d\u00e9t\u00e9rior\u00e9e \u00e0 travers un large \u00e9ventail d\u2019indicateurs. L\u2019ampleur de cette d\u00e9t\u00e9rioration souligne la n\u00e9cessit\u00e9 d\u2019identifier et de traiter les causes profondes de ce d\u00e9clin fondamental de la sant\u00e9 du pays.\u00a0\u00bb Le plus large panorama de la sant\u00e9 p\u00e9diatrique outre-Atlantique, dress\u00e9 par une \u00e9tude publi\u00e9e dans <a href=\"https:\/\/jamanetwork.com\/journals\/jama\/issue\/334\/6\" target=\"_blank\" rel=\"noopener nofollow\" title=\"Nouvelle fen\u00eatre\">l\u2019\u00e9dition du mardi 12\u00a0ao\u00fbt de la revue <\/a>Journal of the American Medical Association (JAMA), a tous les traits d\u2019une catastrophe invisible. Non seulement ces travaux mettent en \u00e9vidence, chez les plus jeunes, des taux de mortalit\u00e9 et de morbidit\u00e9 tr\u00e8s sup\u00e9rieurs \u00e0 ceux des autres pays de l\u2019Organisation pour la coop\u00e9ration et le d\u00e9veloppement \u00e9conomiques (OCDE), mais ils indiquent aussi que la dynamique \u00e0 l\u2019\u0153uvre rend la situation toujours plus pr\u00e9occupante.<\/p>\n<p class=\"article__paragraph  \">Les comparaisons sont frappantes. Le taux de mortalit\u00e9 moyen avant l\u2019\u00e2ge d\u2019un an, sur la p\u00e9riode 2007-2022, est sup\u00e9rieur de 78\u00a0% aux Etats-Unis \u00e0 la moyenne des autres pays de l\u2019OCDE. Un hiatus qui persiste dans les classes d\u2019\u00e2ge sup\u00e9rieures puisque cette surmortalit\u00e9 est d\u2019environ 80\u00a0% pour un Am\u00e9ricain moyen, entre son premier anniversaire et ses 19\u00a0ans. Compar\u00e9es aux pays de l\u2019OCDE, la pr\u00e9maturit\u00e9 (+ 120\u00a0% aux Etats-Unis) et la mort subite (+ 140\u00a0%) sont les grands responsables de cette surmortalit\u00e9 des nourrissons, tandis que la mort par armes \u00e0 feu (+ 1\u00a0400\u00a0%) et les accidents de la route (+ 145\u00a0%) sont principalement en cause chez les enfants et les adolescents.<\/p>\n<p class=\"reading-mode-only \"><strong>Il vous reste 71.67% de cet article \u00e0 lire. La suite est r\u00e9serv\u00e9e aux abonn\u00e9s.<\/strong><\/p>\n","protected":false},"excerpt":{"rendered":"La Dr Jane C. Burns, directrice du Centre de recherche sur la maladie de Kawasaki, \u00e0 l\u2019universit\u00e9 de&hellip;\n","protected":false},"author":2,"featured_media":318604,"comment_status":"","ping_status":"","sticky":false,"template":"","format":"standard","meta":{"footnotes":""},"categories":[1589],"tags":[11,73,1866,12,1864,1865,1863,308],"class_list":{"0":"post-318603","1":"post","2":"type-post","3":"status-publish","4":"format-standard","5":"has-post-thumbnail","7":"category-etats-unis","8":"tag-actualites","9":"tag-etats-unis","10":"tag-etats-unis-damerique","11":"tag-news","12":"tag-united-states","13":"tag-united-states-of-america","14":"tag-us","15":"tag-usa"},"share_on_mastodon":{"url":"https:\/\/pubeurope.com\/@fr\/115027150563013976","error":""},"_links":{"self":[{"href":"https:\/\/www.europesays.com\/fr\/wp-json\/wp\/v2\/posts\/318603","targetHints":{"allow":["GET"]}}],"collection":[{"href":"https:\/\/www.europesays.com\/fr\/wp-json\/wp\/v2\/posts"}],"about":[{"href":"https:\/\/www.europesays.com\/fr\/wp-json\/wp\/v2\/types\/post"}],"author":[{"embeddable":true,"href":"https:\/\/www.europesays.com\/fr\/wp-json\/wp\/v2\/users\/2"}],"replies":[{"embeddable":true,"href":"https:\/\/www.europesays.com\/fr\/wp-json\/wp\/v2\/comments?post=318603"}],"version-history":[{"count":0,"href":"https:\/\/www.europesays.com\/fr\/wp-json\/wp\/v2\/posts\/318603\/revisions"}],"wp:featuredmedia":[{"embeddable":true,"href":"https:\/\/www.europesays.com\/fr\/wp-json\/wp\/v2\/media\/318604"}],"wp:attachment":[{"href":"https:\/\/www.europesays.com\/fr\/wp-json\/wp\/v2\/media?parent=318603"}],"wp:term":[{"taxonomy":"category","embeddable":true,"href":"https:\/\/www.europesays.com\/fr\/wp-json\/wp\/v2\/categories?post=318603"},{"taxonomy":"post_tag","embeddable":true,"href":"https:\/\/www.europesays.com\/fr\/wp-json\/wp\/v2\/tags?post=318603"}],"curies":[{"name":"wp","href":"https:\/\/api.w.org\/{rel}","templated":true}]}}