{"id":318607,"date":"2025-08-14T12:37:16","date_gmt":"2025-08-14T12:37:16","guid":{"rendered":"https:\/\/www.europesays.com\/fr\/318607\/"},"modified":"2025-08-14T12:37:16","modified_gmt":"2025-08-14T12:37:16","slug":"allemagne-interdiction-dun-camp-anti-militariste-%f0%9f%94%b4-info-libertaire","status":"publish","type":"post","link":"https:\/\/www.europesays.com\/fr\/318607\/","title":{"rendered":"[Allemagne] Interdiction d\u2019un camp anti-militariste \u2013 \ud83d\udd34 Info Libertaire"},"content":{"rendered":"<p><\/p>\n<p>La police de Cologne vient d\u2019annoncer l\u2019interdiction du camp \u00ab\u00a0D\u00e9sarmement de Rheinmetall\u00a0\u00bb (conglom\u00e9rat industriel allemand sp\u00e9cialis\u00e9 dans l\u2019armement), qui devait se tenir \u00e0 Cologne du 26 au 31\u00a0ao\u00fbt. Elle repose sur une s\u00e9rie d\u2019all\u00e9gations et d\u2019accusations visant \u00e0 d\u00e9noncer les participants comme \u00ab\u00a0inqui\u00e9tants\u00a0\u00bb. En particulier, les autorit\u00e9s consid\u00e8rent le slogan \u00ab\u00a0Guerre \u00e0 la guerre\u00a0\u00bb, utilis\u00e9 par le mouvement antimilitariste depuis plus de cent ans, comme le t\u00e9moignage de la volont\u00e9 des participants de contrer le r\u00e9armement par des \u00ab\u00a0moyens guerriers\u00a0\u00bb. <\/p>\n<p><br clear=\"both\"\/><\/p>\n<p><\/p>\n<p><strong>Source:<\/strong> <a href=\"https:\/\/stuut.info\/Allemagne-Interdiction-d-un-camp-anti-militariste-7628\" target=\"_blank\" rel=\"nofollow noopener\">Stuut.info<\/a><br \/>\n<\/p>\n<tr>\n<td style=\"vertical-align:top\">\n<img decoding=\"async\" class=\"lazy\" src=\"\/rss_aggregator\/favicons\/stuutinfo38.ico?x28756\" style=\"max-height:100px;width:auto;float:left;min-width:50px;max-width:85px;margin-right:25px;border-radius:50%;background-color:#fff;border:2px solid #fff\" data-pagespeed-url-hash=\"2295055879\" onload=\"pagespeed.CriticalImages.checkImageForCriticality(this);\"\/>\n<\/td>\n<td style=\"vertical-align:top\">\n<a href=\"https:\/\/www.infolibertaire.net\/author\/stuut\/\" title=\"Articles par Stuut\" rel=\"author nofollow noopener\" target=\"_blank\">Stuut<\/a><\/p>\n<p>Le Stuut est une plateforme collaborative et ind\u00e9pendante de tout parti politique, organe de presse ou syndicat, bas\u00e9e \u00e0 Bruxelles. C\u2019est un (&#8230;)\t<\/p>\n<p>Site web: <a style=\"color:#efefef\" href=\"https:\/\/stuut.info\" target=\"_blank\" rel=\"nofollow noopener\">Stuut.info<\/a>\n<\/p>\n<\/td>\n<\/tr>\n<p><a href=\"https:\/\/www.libertaire.net\" class=\"forum-button\" style=\"border-top:0\" rel=\"nofollow noopener\" target=\"_blank\"><\/p>\n<p>Commenter Dans Le Forum\t<\/a><\/p>\n","protected":false},"excerpt":{"rendered":"La police de Cologne vient d\u2019annoncer l\u2019interdiction du camp \u00ab\u00a0D\u00e9sarmement de Rheinmetall\u00a0\u00bb (conglom\u00e9rat industriel allemand sp\u00e9cialis\u00e9 dans l\u2019armement),&hellip;\n","protected":false},"author":2,"featured_media":60091,"comment_status":"","ping_status":"","sticky":false,"template":"","format":"standard","meta":{"footnotes":""},"categories":[1587],"tags":[11,672,1804,1805,1803,1777,674,1801,12,1802],"class_list":{"0":"post-318607","1":"post","2":"type-post","3":"status-publish","4":"format-standard","5":"has-post-thumbnail","7":"category-allemagne","8":"tag-actualites","9":"tag-allemagne","10":"tag-bundesrepublik-deutschland","11":"tag-de","12":"tag-deutschland","13":"tag-eu","14":"tag-europe","15":"tag-germany","16":"tag-news","17":"tag-republique-federale-dallemagne"},"share_on_mastodon":{"url":"https:\/\/pubeurope.com\/@fr\/115027158410110938","error":""},"_links":{"self":[{"href":"https:\/\/www.europesays.com\/fr\/wp-json\/wp\/v2\/posts\/318607","targetHints":{"allow":["GET"]}}],"collection":[{"href":"https:\/\/www.europesays.com\/fr\/wp-json\/wp\/v2\/posts"}],"about":[{"href":"https:\/\/www.europesays.com\/fr\/wp-json\/wp\/v2\/types\/post"}],"author":[{"embeddable":true,"href":"https:\/\/www.europesays.com\/fr\/wp-json\/wp\/v2\/users\/2"}],"replies":[{"embeddable":true,"href":"https:\/\/www.europesays.com\/fr\/wp-json\/wp\/v2\/comments?post=318607"}],"version-history":[{"count":0,"href":"https:\/\/www.europesays.com\/fr\/wp-json\/wp\/v2\/posts\/318607\/revisions"}],"wp:featuredmedia":[{"embeddable":true,"href":"https:\/\/www.europesays.com\/fr\/wp-json\/wp\/v2\/media\/60091"}],"wp:attachment":[{"href":"https:\/\/www.europesays.com\/fr\/wp-json\/wp\/v2\/media?parent=318607"}],"wp:term":[{"taxonomy":"category","embeddable":true,"href":"https:\/\/www.europesays.com\/fr\/wp-json\/wp\/v2\/categories?post=318607"},{"taxonomy":"post_tag","embeddable":true,"href":"https:\/\/www.europesays.com\/fr\/wp-json\/wp\/v2\/tags?post=318607"}],"curies":[{"name":"wp","href":"https:\/\/api.w.org\/{rel}","templated":true}]}}