{"id":318615,"date":"2025-08-14T12:42:12","date_gmt":"2025-08-14T12:42:12","guid":{"rendered":"https:\/\/www.europesays.com\/fr\/318615\/"},"modified":"2025-08-14T12:42:12","modified_gmt":"2025-08-14T12:42:12","slug":"championnats-de-france-jeunes-zoom-sur-la-categorie-u16","status":"publish","type":"post","link":"https:\/\/www.europesays.com\/fr\/318615\/","title":{"rendered":"Championnats de France Jeunes : zoom sur la cat\u00e9gorie U16"},"content":{"rendered":"<p>La semaine prochaine, Aix-en-Provence accueillera l\u2019\u00e9lite montante du padel fran\u00e7ais \u00e0 l\u2019occasion des <strong>Championnats de France Jeunes 2025<\/strong>. Parmi les cat\u00e9gories en lice, les <strong>U16<\/strong> promettent un spectacle particuli\u00e8rement relev\u00e9 autant chez les filles que chez les gar\u00e7ons.<\/p>\n<p>3 paires se d\u00e9tachent chez les gar\u00e7ons<\/p>\n<p>Dans le m\u00eame fonctionnement que les championnats de France seniors, <strong>4 paires ont \u00e9t\u00e9 qualifi\u00e9es d\u2019office par la FFT <\/strong>gr\u00e2ce notamment au classement de ces derni\u00e8res. On les consid\u00e8re comme \u00e9tant les paires<strong> favorites de ce championnat de France U16. <\/strong>Nous avons identifi\u00e9 <strong>trois paires qui se d\u00e9tachent<\/strong> par leur niveau de jeu, mais aussi leur exp\u00e9rience sur les tournois adultes.<\/p>\n<p>La t\u00eate de s\u00e9rie n\u00b01 <strong>Bernard\/Peloux<\/strong> sera \u00e9videmment favorite, <strong>Johan Peloux<\/strong> \u00e9tant d\u00e9j\u00e0 dans le top 100 fran\u00e7ais tandis que<strong> Quentin Bernard s\u2019en approche<\/strong> de plus en plus. Derri\u00e8re eux, il faudra compter sur une \u00e9quipe<strong> 100 % My Center Palavas<\/strong> avec <strong>Nathan Perrot et Sasha Huard de la Marre<\/strong>, le premier cit\u00e9 s\u2019\u00e9tant qualifi\u00e9 il y a quelques semaines en finale de P1000 aux c\u00f4t\u00e9s de Benjamin Tison. Parmi ces favoris, nous avons ajout\u00e9 une<strong> troisi\u00e8me paire de la r\u00e9gion toulousaine : Slevin Pasanau et Alexis Boisselier.<\/strong><\/p>\n<p>Derri\u00e8re ces paires qualifi\u00e9es d\u2019office nous retrouvons les <strong>champions r\u00e9gionaux<\/strong> avec quelques noms connus qui pourrait cr\u00e9er la surprise : les fr\u00e8res <strong>Lang-Trotoux<\/strong> \u2013 champions d\u2019Ile de France, <strong>Deligne\/Teston <\/strong>qui l\u2019ont emport\u00e9 en Occitanie ou encore <strong>Gabriel Bessiere et Keny Valigiani<\/strong> titr\u00e9 dans la ligue PCA.<\/p>\n<p>Grosse bataille chez les filles<\/p>\n<p>Dans la cat\u00e9gorie U16 filles, <strong>Ne\u00efla et Feryel Bekhedda<\/strong> feront le d\u00e9placement pour aller glaner le titre de championnes de France. Les deux jeunes parisiennes qui s\u2019entrainent au club des <strong>Pyramides<\/strong> avec un certain<strong> Thomas Mitjana<\/strong> sont d\u00e9j\u00e0<strong> aux portes du top 100 \u00e0 la 108e place.<\/strong><\/p>\n<p>Mais les mieux class\u00e9es de cette liste sont les joueuses des Hauts-de-France :<strong> Augustine Charpentier <\/strong>et <strong>Zia Debroy<\/strong>. Elles sont toutes les deux <strong>70e<\/strong> et ont d\u00e9j\u00e0 \u00e0 leur actif une<strong> 3\u00e8me place en P1000 <\/strong>ainsi qu\u2019une finale aux championnats r\u00e9gionaux seniors.<\/p>\n<p>Les joueuses d\u2019Occitanie, <strong>Louis Andre et Manon Fabre<\/strong> seront aussi \u00e0 la bataille, elles avaient atteint il y a quelques semaines la finale du Master TNJ et voudront encore mieux faire en allant chercher le titre de championnes de France U16.<\/p>\n<p>En direct sur Padel Mag TV<\/p>\n<p>Les championnats de France seront retransmis en <strong>live sur Padel Mag TV \u00e0 partir des demi-finales,<\/strong> la cat\u00e9gorie U16 sera \u00e0 suivre le vendredi 22 ao\u00fbt d\u00e8s<strong> 9h pour les demi-finales puis 14h pour les finales.<\/strong><\/p>\n<\/p>\n<p><img loading=\"lazy\" decoding=\"async\" data-del=\"avatar\" alt=\"T\u00e9o Vieau\" src=\"https:\/\/www.europesays.com\/fr\/wp-content\/uploads\/2025\/07\/Capture-decran-2025-06-19-175910-e1750349161910-150x150.jpg\" class=\"avatar pp-user-avatar avatar-100 photo \" height=\"100\" width=\"100\"\/><\/p>\n<p>Il d\u00e9couvre le padel en 2016 \u00e0 Nantes et s\u2019attache tr\u00e8s rapidement au jeu, montant m\u00eame jusqu\u2019\u00e0 la 474e place fran\u00e7aise. Commentateur sur Padel Mag TV, il arpente les diff\u00e9rents tournois du circuit Fran\u00e7ais ainsi que les tournois internationaux organis\u00e9s en France !<\/p>\n<p class=\"related-title\">Sur le m\u00eame sujet<\/p>\n","protected":false},"excerpt":{"rendered":"La semaine prochaine, Aix-en-Provence accueillera l\u2019\u00e9lite montante du padel fran\u00e7ais \u00e0 l\u2019occasion des Championnats de France Jeunes 2025.&hellip;\n","protected":false},"author":2,"featured_media":318616,"comment_status":"","ping_status":"","sticky":false,"template":"","format":"standard","meta":{"footnotes":""},"categories":[4],"tags":[11,4590,45686,1011,27,4074,12,25],"class_list":{"0":"post-318615","1":"post","2":"type-post","3":"status-publish","4":"format-standard","5":"has-post-thumbnail","7":"category-france","8":"tag-actualites","9":"tag-championnat-france","10":"tag-championnats-de-france-de-padel-jeunes","11":"tag-fr","12":"tag-france","13":"tag-jeunes","14":"tag-news","15":"tag-republique-francaise"},"share_on_mastodon":{"url":"https:\/\/pubeurope.com\/@fr\/115027178479313592","error":""},"_links":{"self":[{"href":"https:\/\/www.europesays.com\/fr\/wp-json\/wp\/v2\/posts\/318615","targetHints":{"allow":["GET"]}}],"collection":[{"href":"https:\/\/www.europesays.com\/fr\/wp-json\/wp\/v2\/posts"}],"about":[{"href":"https:\/\/www.europesays.com\/fr\/wp-json\/wp\/v2\/types\/post"}],"author":[{"embeddable":true,"href":"https:\/\/www.europesays.com\/fr\/wp-json\/wp\/v2\/users\/2"}],"replies":[{"embeddable":true,"href":"https:\/\/www.europesays.com\/fr\/wp-json\/wp\/v2\/comments?post=318615"}],"version-history":[{"count":0,"href":"https:\/\/www.europesays.com\/fr\/wp-json\/wp\/v2\/posts\/318615\/revisions"}],"wp:featuredmedia":[{"embeddable":true,"href":"https:\/\/www.europesays.com\/fr\/wp-json\/wp\/v2\/media\/318616"}],"wp:attachment":[{"href":"https:\/\/www.europesays.com\/fr\/wp-json\/wp\/v2\/media?parent=318615"}],"wp:term":[{"taxonomy":"category","embeddable":true,"href":"https:\/\/www.europesays.com\/fr\/wp-json\/wp\/v2\/categories?post=318615"},{"taxonomy":"post_tag","embeddable":true,"href":"https:\/\/www.europesays.com\/fr\/wp-json\/wp\/v2\/tags?post=318615"}],"curies":[{"name":"wp","href":"https:\/\/api.w.org\/{rel}","templated":true}]}}