{"id":318617,"date":"2025-08-14T12:43:19","date_gmt":"2025-08-14T12:43:19","guid":{"rendered":"https:\/\/www.europesays.com\/fr\/318617\/"},"modified":"2025-08-14T12:43:19","modified_gmt":"2025-08-14T12:43:19","slug":"matt-wallace-ne-veut-pas-revivre-la-meme-desillusion-quen-2018","status":"publish","type":"post","link":"https:\/\/www.europesays.com\/fr\/318617\/","title":{"rendered":"Matt Wallace ne veut pas revivre la m\u00eame d\u00e9sillusion qu\u2019en 2018"},"content":{"rendered":"<p>\t\t\t\t\t\t<img width=\"770\" height=\"556\" src=\"https:\/\/www.europesays.com\/fr\/wp-content\/uploads\/2025\/08\/matt-wallace-omegaeuropeanmasters-deprezphotos-770x556.jpg\" class=\"img-responsive wp-post-image\" alt=\"\" decoding=\"async\" fetchpriority=\"high\"  \/>\t\t\t\t\t<\/p>\n<p>\t\t\t\t\t\t Partager cet article <\/p>\n<p class=\"screen-reader-text juiz_sps_maybe_hidden_text\">Partager la publication \u00ab\u00a0Matt Wallace ne veut pas revivre la m\u00eame d\u00e9sillusion qu\u2019en 2018\u00a0\u00bb<\/p>\n<p><strong>Recal\u00e9 au tout dernier moment de la Ryder Cup 2018 au Golf National, l\u2019Anglais Matt Wallace estime \u00eatre aujourd\u2019hui mieux \u00ab\u00a0arm\u00e9\u00a0\u00bb pour convaincre Luke Donald de le retenir parmi ses six choix pour le rendez-vous de Bethpage \u00e0 la fin du mois de septembre.<\/strong><\/p>\n<p>\t\t\t\t\t<a id=\"181426\" href=\"https:\/\/leclub-golf.com\/fr\/green-fees?online=1&amp;utm_source=golf+planete&amp;utm_medium=referral&amp;utm_campaign=green+fee+en+ligne&amp;utm_id=green+fee+en+ligne_golf+planete_referral_banner\" target=\"_blank\" rel=\"sponsorised nofollow noopener\"><img decoding=\"async\" src=\"data:image\/svg+xml,%3Csvg%20xmlns=\" http:=\"\" class=\"img-responsive\" alt=\"\" data-lazy-src=\"https:\/\/www.europesays.com\/fr\/wp-content\/uploads\/2025\/08\/leclubgolf-e09-effet-classique-1170x275png.png\"\/><\/a><\/p>\n<p><a href=\"https:\/\/www.rydercup.com\/eu-rankings\" target=\"_blank\" rel=\"noopener nofollow\">11e de l\u2019European Ranking<\/a> avec 867,02 points, juste derri\u00e8re <strong>Viktor Hovland<\/strong> (10e avec 954,01 pts) mais devant <strong>Matthew Fitzpatrick<\/strong> (811,18 pts), <strong>Matt Wallace<\/strong> conserve donc toutes ses chances d\u2019\u00eatre retenu parmi les six choix du capitaine <strong>Luke Donald<\/strong> pour la <strong>45e Ryder Cup<\/strong> qui aura lieu \u00e0 <strong>Bethpage Black<\/strong> (New York) du 26 au 28 septembre.<\/p>\n<p>L\u2019Anglais \u00e2g\u00e9 de 35 ans, cinq fois vainqueur sur le <strong>DP World Tour<\/strong> entre mai 2017 et septembre 2024, s\u2019est \u00e9galement impos\u00e9 sur le <strong>PGA Tour<\/strong> en mars 2023 (<strong>Corales Puntacana Championship<\/strong>). 92e de la <strong>FedEx Cup<\/strong> cette saison, il poss\u00e8de l\u2019atout d\u2019\u00e9voluer des deux c\u00f4t\u00e9s de l\u2019Atlantique. Ce qui pourrait s\u2019av\u00e9rer \u00eatre capital dans la d\u00e9cision finale du capitaine europ\u00e9en qui interviendra le 1er septembre, au lendemain de l\u2019<strong>Omega European Masters<\/strong> \u00e0 <strong>Crans-sur-Sierre<\/strong> (Suisse), l\u00e0 o\u00f9 Wallace s\u2019\u00e9tait justement impos\u00e9 l\u2019an pass\u00e9.<\/p>\n<p>Des sorties convaincantes en Majeurs<\/p>\n<p>\u00ab Tout le monde sait que je veux faire partie de cette \u00e9quipe, tout le monde le sait, souligne Wallace en marge cette semaine du <strong>Danish Golf Championship<\/strong>, tournoi qui figure \u00e0 son tableau de chasse (<strong>Made in Denmark 2018<\/strong>). Je suis satisfait de la fa\u00e7on dont j\u2019ai jou\u00e9 au cours du dernier mois mais aussi lors des derniers Majeurs auxquels j\u2019ai particip\u00e9 (17e \u00e0 l\u2019<strong>USPGA<\/strong>, 23e \u00e0 l\u2019<strong>U.S. Open<\/strong>, 45e \u00e0 <strong>The Open<\/strong>). Juste apr\u00e8s Portrush, j\u2019ai termin\u00e9 troisi\u00e8me au <strong>3M Open<\/strong> (sur le PGA Tour). \u00bb<\/p>\n<blockquote><p>\nJ\u2019esp\u00e8re que je donnerai du fil \u00e0 retordre \u00e0 Luke (Donald) comme j\u2019ai essay\u00e9 de le faire avec Thomas (Bj\u00f6rn).<\/p>\n<p>Matt Wallace<\/p>\n<\/blockquote>\n<p>Victorieux \u00e0 trois reprises en 2018 sur le Tour europ\u00e9en, cela ne l\u2019avait pas emp\u00each\u00e9 d\u2019\u00eatre \u00ab\u00a0oubli\u00e9\u00a0\u00bb par le capitaine europ\u00e9en de l\u2019\u00e9poque <strong>Thomas Bj\u00f6rn<\/strong>, qui lui avait pr\u00e9f\u00e9r\u00e9 le Danois <strong>Thorbj\u00f8rn Olesen<\/strong>. Une cruelle d\u00e9sillusion pour le Londonien qui n\u2019a clairement pas envie de revivre un tel sc\u00e9nario dans quelques semaines maintenant.<\/p>\n<p>\u00ab Je joue bien en ce moment et si je peux reproduire le m\u00eame genre de r\u00e9sultat qu\u2019\u00e0 Silkeborg en 2018, alors j\u2019esp\u00e8re que je donnerai du fil \u00e0 retordre \u00e0 Luke (Donald) comme j\u2019ai essay\u00e9 de le faire avec Thomas (Bj\u00f6rn), et cela tournera en ma faveur cette fois-ci, pr\u00e9vient-il. Je suis tr\u00e8s content de mon jeu actuel. J\u2019ai tr\u00e8s bien jou\u00e9 en fin d\u2019ann\u00e9e derni\u00e8re, et en d\u00e9but d\u2019ann\u00e9e, je n\u2019ai pas \u00e9t\u00e9 \u00e0 la hauteur. J\u2019ai r\u00e9ussi \u00e0 renverser la situation et je suis s\u00fbr que Luke voudra jouer avec quelqu\u2019un qui joue vraiment bien aujourd\u2019hui \u00e0 Bethpage. J\u2019ai trois semaines pour montrer \u00e0 Luke de quoi je suis capable et c\u2019est ce que je vais faire.\u00a0\u00bb<\/p>\n<p>Apr\u00e8s le Danemark, l\u2019actuel 82e joueur mondial sera pr\u00e9sent au <strong>British Masters<\/strong>, du c\u00f4t\u00e9 du <strong>Belfry<\/strong> avant de rejoindre les Alpes Suisses pour l\u2019Omega European Masters (28-31 ao\u00fbt). Trois semaines qui peuvent changer le destin du golfeur britannique\u00a0!<\/p>\n<p>\t\t\t\t\t<a id=\"174987\" href=\"https:\/\/www.sudfrancegolf.com\/fr\/\" target=\"_blank\" rel=\"sponsorised nofollow noopener\"><img decoding=\"async\" src=\"data:image\/svg+xml,%3Csvg%20xmlns=\" http:=\"\" class=\"img-responsive\" alt=\"\" data-lazy-src=\"https:\/\/www.europesays.com\/fr\/wp-content\/uploads\/2025\/06\/giesudfrancegolf-e02-egolf-pass-2025-v2-1170x275-1.gif\"\/><\/a><\/p>\n<p>Photo : @OmegaEuropeanMasters-DeprezPhotos<\/p>\n","protected":false},"excerpt":{"rendered":"Partager cet article Partager la publication \u00ab\u00a0Matt Wallace ne veut pas revivre la m\u00eame d\u00e9sillusion qu\u2019en 2018\u00a0\u00bb Recal\u00e9&hellip;\n","protected":false},"author":2,"featured_media":318618,"comment_status":"","ping_status":"","sticky":false,"template":"","format":"standard","meta":{"footnotes":""},"categories":[1418],"tags":[1011,27,1472,60],"class_list":{"0":"post-318617","1":"post","2":"type-post","3":"status-publish","4":"format-standard","5":"has-post-thumbnail","7":"category-golf","8":"tag-fr","9":"tag-france","10":"tag-golf","11":"tag-sports"},"share_on_mastodon":{"url":"https:\/\/pubeurope.com\/@fr\/115027181848556465","error":""},"_links":{"self":[{"href":"https:\/\/www.europesays.com\/fr\/wp-json\/wp\/v2\/posts\/318617","targetHints":{"allow":["GET"]}}],"collection":[{"href":"https:\/\/www.europesays.com\/fr\/wp-json\/wp\/v2\/posts"}],"about":[{"href":"https:\/\/www.europesays.com\/fr\/wp-json\/wp\/v2\/types\/post"}],"author":[{"embeddable":true,"href":"https:\/\/www.europesays.com\/fr\/wp-json\/wp\/v2\/users\/2"}],"replies":[{"embeddable":true,"href":"https:\/\/www.europesays.com\/fr\/wp-json\/wp\/v2\/comments?post=318617"}],"version-history":[{"count":0,"href":"https:\/\/www.europesays.com\/fr\/wp-json\/wp\/v2\/posts\/318617\/revisions"}],"wp:featuredmedia":[{"embeddable":true,"href":"https:\/\/www.europesays.com\/fr\/wp-json\/wp\/v2\/media\/318618"}],"wp:attachment":[{"href":"https:\/\/www.europesays.com\/fr\/wp-json\/wp\/v2\/media?parent=318617"}],"wp:term":[{"taxonomy":"category","embeddable":true,"href":"https:\/\/www.europesays.com\/fr\/wp-json\/wp\/v2\/categories?post=318617"},{"taxonomy":"post_tag","embeddable":true,"href":"https:\/\/www.europesays.com\/fr\/wp-json\/wp\/v2\/tags?post=318617"}],"curies":[{"name":"wp","href":"https:\/\/api.w.org\/{rel}","templated":true}]}}