{"id":318619,"date":"2025-08-14T12:45:12","date_gmt":"2025-08-14T12:45:12","guid":{"rendered":"https:\/\/www.europesays.com\/fr\/318619\/"},"modified":"2025-08-14T12:45:12","modified_gmt":"2025-08-14T12:45:12","slug":"un-nouveau-temoignage-accable-la-ffr","status":"publish","type":"post","link":"https:\/\/www.europesays.com\/fr\/318619\/","title":{"rendered":"un nouveau t\u00e9moignage accable la FFR"},"content":{"rendered":"<p>L\u2019avocat des parents de Medhi Narjissi, jeune rugbyman disparu pendant un stage avec l\u2019\u00e9quipe de France U18 en ao\u00fbt\u00a02024, a d\u00e9clar\u00e9 sur RTL avoir obtenu le t\u00e9moignage d\u2019une femme qui avait averti les encadrants de la dangerosit\u00e9 de la baignade \u00e0 Dias Beach.<\/p>\n<p>Un anniversaire poignant et qui remue beaucoup de souvenirs. Le 7\u00a0ao\u00fbt dernier, les proches de\u00a0<a href=\"https:\/\/www.parismatch.com\/actu\/sport\/la-legitime-colere-des-parents-de-medhi-narjissi-emporte-par-une-vague-17-ans-241031\" rel=\"nofollow noopener\" target=\"_blank\">Medhi Narjissi<\/a> lui ont rendu hommage un an apr\u00e8s <a href=\"https:\/\/www.parismatch.com\/actu\/sport\/vive-inquietude-en-afrique-du-sud-apres-la-disparition-dun-rugbyman-francais-de-17-ans-240460\" rel=\"nofollow noopener\" target=\"_blank\">sa disparition<\/a>\u00a0&#8211; le jeune gar\u00e7on de 17\u00a0ans avait \u00e9t\u00e9 emport\u00e9 par une vague durant un stage avec l\u2019\u00e9quipe de France de rugby U18 en\u00a0<a href=\"https:\/\/www.parismatch.com\/dossiers\/afrique-du-sud\" rel=\"nofollow noopener\" target=\"_blank\">Afrique du Sud<\/a>. \u00c0 cette occasion, plusieurs m\u00e9dias ont enqu\u00eat\u00e9 pour tenter de faire toute la lumi\u00e8re sur ce terrible drame, bien que <a href=\"https:\/\/www.parismatch.com\/actu\/sport\/laccablant-rapport-sur-la-disparition-de-medhi-narjissi-entre-mauvaise-organisation-et-reaction-brouillon-250770\" rel=\"nofollow noopener\" target=\"_blank\">les conclusions du rapport d\u2019enqu\u00eate<\/a> sont d\u00e9j\u00e0 sans appel.<\/p>\n<p>C\u2019est dans ce cadre que l\u2019avocat de la famille de Medhi, ma\u00eetre\u00a0\u00c9douard Martial, a accept\u00e9 de r\u00e9v\u00e9ler \u00e0 <a href=\"https:\/\/www.rtl.fr\/actu\/justice-faits-divers\/disparition-de-medhi-narjissi-un-nouveau-temoignage-pointe-la-responsabilite-des-encadrants-du-xv-de-france-u18-7900530770\" target=\"_blank\" rel=\"nofollow noopener\">RTL<\/a> le t\u00e9moignage d\u2019une femme, une Fran\u00e7aise, qui \u00e9tait pr\u00e9sente sur la plage de\u00a0<a href=\"https:\/\/www.parismatch.com\/actu\/sport\/la-legitime-colere-des-parents-de-medhi-narjissi-emporte-par-une-vague-17-ans-241031\" rel=\"nofollow noopener\" target=\"_blank\">Dias Beach<\/a>, dont elle connaissait le danger, le jour du drame. \u00ab\u00a0Elle s\u2019est approch\u00e9e de ce qu\u2019elle pensait \u00eatre les encadrants de ces adolescents et elle leur a dit tout \u00e0 fait naturellement\u00a0: \u201cMais vous n\u2019allez pas les mettre dans l\u2019oc\u00e9an \u00e0 cet endroit-l\u00e0, c\u2019est extr\u00eamement dangereux\u201d\u00a0\u00bb, affirme le conseil.<\/p>\n<p>    La suite apr\u00e8s cette publicit\u00e9<\/p>\n<p>La touriste se serait alors vue r\u00e9pondre \u00ab\u00a0Mais madame, nous savons ce que nous avons \u00e0 faire\u00a0\u00bb, sur un ton \u00ab\u00a0m\u00e9canique\u00a0\u00bb.<\/p>\n<p>    La suite apr\u00e8s cette publicit\u00e9<\/p>\n<p>\u00ab\u00a0Ils savent et ils les am\u00e8nent quand m\u00eame\u00a0\u00bb<\/p>\n<p>Un t\u00e9moignage qui\u00a0vient alourdir\u00a0la responsabilit\u00e9 des encadrants de la FFR et tout particuli\u00e8rement de\u00a0<a href=\"https:\/\/www.parismatch.com\/actu\/faits-divers\/disparition-de-medhi-narjissi-accable-par-la-ffr-le-preparateur-physique-sort-du-silence-242250\" rel=\"nofollow noopener\" target=\"_blank\">St\u00e9phane Cambos et Robin Ladauge<\/a> (qui se renvoient la balle depuis un an). Cette information est \u00ab\u00a0terrible pour Jalil et Val\u00e9rie Narjissi\u00a0\u00bb, d\u00e9plore\u00a0ma\u00eetre\u00a0\u00c9douard Martial. \u00ab\u00a0Quand ils apprennent l\u2019existence de ce t\u00e9moignage, ils sont atterr\u00e9s. Ils se disent\u00a0: \u201cMais qu\u2019est-ce que c\u2019est que ces gens\u00a0? On vient leur dire qu\u2019il ne faut pas y aller et ils y vont quand m\u00eame. Et puis ceux qu\u2019ils am\u00e8nent \u00e0 cet endroit-l\u00e0, ce sont nos gosses. Ils savent et ils les am\u00e8nent quand m\u00eame\u00a0!\u201d\u00bb<\/p>\n<p>L\u2019ancien manager des U18, St\u00e9phane Cambos, et le pr\u00e9parateur physique de l\u2019\u00e9quipe, Robin Ladauge, ont tous les deux \u00e9t\u00e9 <a href=\"https:\/\/www.parismatch.com\/actu\/sport\/disparition-de-medhi-narjissi-deux-encadrants-de-la-ffr-mis-en-examen-252243\" rel=\"nofollow noopener\" target=\"_blank\">mis en examen pour \u00ab\u00a0homicide involontaire\u00a0\u00bb<\/a> d\u00e9but juin. Robin Ladauge, qui \u00ab\u00a0porte la responsabilit\u00e9 principale\u00a0\u00bb de la \u00ab\u00a0mauvaise organisation\u00a0\u00bb de la s\u00e9ance de r\u00e9cup\u00e9ration fatale, a \u00e9t\u00e9 plac\u00e9 sous contr\u00f4le judiciaire au m\u00eame moment, quand St\u00e9phane Cambos a \u00e9t\u00e9 laiss\u00e9 libre. Depuis, Me Edouard Martial a demand\u00e9 au juge d\u2019instruction \u00ab\u00a0d\u2019investiguer autour des \u00e9l\u00e9ments d\u2019une extension de responsabilit\u00e9, au niveau de la f\u00e9d\u00e9ration, de Florian Grill et de l\u2019organisateur.\u00a0\u00bb<\/p>\n<p>Le 7\u00a0ao\u00fbt, les parents et la s\u0153ur de\u00a0Medhi Narjissi ont d\u00e9pos\u00e9 une st\u00e8le avec une photo du jeune homme sur un banc surplombant\u00a0Dias Beach pour que sa m\u00e9moire perdure en ce lieu.<\/p>\n","protected":false},"excerpt":{"rendered":"L\u2019avocat des parents de Medhi Narjissi, jeune rugbyman disparu pendant un stage avec l\u2019\u00e9quipe de France U18 en&hellip;\n","protected":false},"author":2,"featured_media":318620,"comment_status":"","ping_status":"","sticky":false,"template":"","format":"standard","meta":{"footnotes":""},"categories":[1416],"tags":[1011,27,479,1468,60],"class_list":{"0":"post-318619","1":"post","2":"type-post","3":"status-publish","4":"format-standard","5":"has-post-thumbnail","7":"category-rugby","8":"tag-fr","9":"tag-france","10":"tag-rugby","11":"tag-rugby-football","12":"tag-sports"},"share_on_mastodon":{"url":"https:\/\/pubeurope.com\/@fr\/115027189659582787","error":""},"_links":{"self":[{"href":"https:\/\/www.europesays.com\/fr\/wp-json\/wp\/v2\/posts\/318619","targetHints":{"allow":["GET"]}}],"collection":[{"href":"https:\/\/www.europesays.com\/fr\/wp-json\/wp\/v2\/posts"}],"about":[{"href":"https:\/\/www.europesays.com\/fr\/wp-json\/wp\/v2\/types\/post"}],"author":[{"embeddable":true,"href":"https:\/\/www.europesays.com\/fr\/wp-json\/wp\/v2\/users\/2"}],"replies":[{"embeddable":true,"href":"https:\/\/www.europesays.com\/fr\/wp-json\/wp\/v2\/comments?post=318619"}],"version-history":[{"count":0,"href":"https:\/\/www.europesays.com\/fr\/wp-json\/wp\/v2\/posts\/318619\/revisions"}],"wp:featuredmedia":[{"embeddable":true,"href":"https:\/\/www.europesays.com\/fr\/wp-json\/wp\/v2\/media\/318620"}],"wp:attachment":[{"href":"https:\/\/www.europesays.com\/fr\/wp-json\/wp\/v2\/media?parent=318619"}],"wp:term":[{"taxonomy":"category","embeddable":true,"href":"https:\/\/www.europesays.com\/fr\/wp-json\/wp\/v2\/categories?post=318619"},{"taxonomy":"post_tag","embeddable":true,"href":"https:\/\/www.europesays.com\/fr\/wp-json\/wp\/v2\/tags?post=318619"}],"curies":[{"name":"wp","href":"https:\/\/api.w.org\/{rel}","templated":true}]}}