{"id":318621,"date":"2025-08-14T12:46:10","date_gmt":"2025-08-14T12:46:10","guid":{"rendered":"https:\/\/www.europesays.com\/fr\/318621\/"},"modified":"2025-08-14T12:46:10","modified_gmt":"2025-08-14T12:46:10","slug":"atp-cincinnati-situation-alarmante-au-masters-1000-de-cincinnati","status":"publish","type":"post","link":"https:\/\/www.europesays.com\/fr\/318621\/","title":{"rendered":"ATP &#8211; Cincinnati > Situation alarmante au Masters 1000 de Cincinnati"},"content":{"rendered":"<p>Cette semaine, de nombreux joueurs se sont plaints des condi\u00adtions dantesques rencon\u00adtr\u00e9es lors de ce Masters 1000 de Cincinnati.<\/p>\n<p>En effet, la forte chaleur a forte\u00adment impact\u00e9 les joueurs, provo\u00adquant des images impres\u00adsion\u00adnantes, \u00e0 <a href=\"https:\/\/www.welovetennis.fr\/atp\/atp-cincinnati\/les-images-impressionnantes-darthur-rinderknech-k-o-et-oblige-dabandonner-sous-la-chaleur-de-cincinnati\" data-wpel-link=\"internal\" target=\"_blank\" rel=\"noopener\">l\u2019instar d\u2019Arthur Rinderknech lors de son match contre Auger\u2010Aliassime.<\/a><\/p>\n<blockquote class=\"twitter-tweet\" data-width=\"550\" data-dnt=\"true\">\n<p lang=\"fr\" dir=\"ltr\">\ud83c\uddee\ud83c\uddf9 Darderi \u274c<br \/>\ud83c\uddea\ud83c\uddf8 Davidovich Fokina \u274c<br \/>\ud83c\udde8\ud83c\uddff Mensik \u274c<br \/>\ud83c\uddeb\ud83c\uddf7 Rinderknech \u274c<br \/>\ud83c\uddfa\ud83c\uddf8 Tiafoe \u274c<br \/>\ud83c\udde6\ud83c\uddf7 Ugo Carabelli \u274c<\/p>\n<p>Pas moins de 6 joueurs ont aban\u00addonn\u00e9 en raison de la chaleur cette semaine au Masters 1000 de Cincinnati \ud83c\uddfa\ud83c\uddf8. \ud83e\udd75<\/p>\n<p>On arr\u00eate le massacre quand\u202f? \ud83e\udd28 <a href=\"https:\/\/t.co\/83zU53kvrQ\" data-wpel-link=\"external\" target=\"_blank\" rel=\"nofollow external noopener\">pic.twitter.com\/83zU53kvrQ<\/a><\/p>\n<p>\u2014 Game, Set &amp; Talk (@GameSetAndTalk) <a href=\"https:\/\/twitter.com\/GameSetAndTalk\/status\/1955745739792916613?ref_src=twsrc%5Etfw\" data-wpel-link=\"external\" target=\"_blank\" rel=\"nofollow external noopener\">August 13,\u00a02025<\/a><\/p><\/blockquote>\n<p>Lors de cette \u00e9dition, pas moins de six aban\u00addons ont \u00e9t\u00e9 recens\u00e9s \u00e0 cause des temp\u00e9\u00adra\u00adtures extr\u00eames dans l\u2019Ohio.<\/p>\n<p>Cette situa\u00adtion est alar\u00admante et nous pousse \u00e0 nous demander jusqu\u2019\u00e0 quand la direc\u00adtion de l\u2019ATP prendra des mesures pour prot\u00e9ger les joueurs lors des matchs disput\u00e9s dans de telles conditions.<\/p>\n<p class=\"post-published-date\" style=\"color: silver; font-size: 75%; text-align: left;\">Publi\u00e9 le jeudi 14 ao\u00fbt 2025 \u00e0 13:15<\/p>\n<p><script async src=\"https:\/\/platform.twitter.com\/widgets.js\" charset=\"utf-8\"><\/script><\/p>\n","protected":false},"excerpt":{"rendered":"Cette semaine, de nombreux joueurs se sont plaints des condi\u00adtions dantesques rencon\u00adtr\u00e9es lors de ce Masters 1000 de&hellip;\n","protected":false},"author":2,"featured_media":318622,"comment_status":"","ping_status":"","sticky":false,"template":"","format":"standard","meta":{"footnotes":""},"categories":[1415],"tags":[14496,1011,27,60,1467],"class_list":{"0":"post-318621","1":"post","2":"type-post","3":"status-publish","4":"format-standard","5":"has-post-thumbnail","7":"category-tennis","8":"tag-auger-aliassime","9":"tag-fr","10":"tag-france","11":"tag-sports","12":"tag-tennis"},"share_on_mastodon":{"url":"https:\/\/pubeurope.com\/@fr\/115027193533573139","error":""},"_links":{"self":[{"href":"https:\/\/www.europesays.com\/fr\/wp-json\/wp\/v2\/posts\/318621","targetHints":{"allow":["GET"]}}],"collection":[{"href":"https:\/\/www.europesays.com\/fr\/wp-json\/wp\/v2\/posts"}],"about":[{"href":"https:\/\/www.europesays.com\/fr\/wp-json\/wp\/v2\/types\/post"}],"author":[{"embeddable":true,"href":"https:\/\/www.europesays.com\/fr\/wp-json\/wp\/v2\/users\/2"}],"replies":[{"embeddable":true,"href":"https:\/\/www.europesays.com\/fr\/wp-json\/wp\/v2\/comments?post=318621"}],"version-history":[{"count":0,"href":"https:\/\/www.europesays.com\/fr\/wp-json\/wp\/v2\/posts\/318621\/revisions"}],"wp:featuredmedia":[{"embeddable":true,"href":"https:\/\/www.europesays.com\/fr\/wp-json\/wp\/v2\/media\/318622"}],"wp:attachment":[{"href":"https:\/\/www.europesays.com\/fr\/wp-json\/wp\/v2\/media?parent=318621"}],"wp:term":[{"taxonomy":"category","embeddable":true,"href":"https:\/\/www.europesays.com\/fr\/wp-json\/wp\/v2\/categories?post=318621"},{"taxonomy":"post_tag","embeddable":true,"href":"https:\/\/www.europesays.com\/fr\/wp-json\/wp\/v2\/tags?post=318621"}],"curies":[{"name":"wp","href":"https:\/\/api.w.org\/{rel}","templated":true}]}}