{"id":318623,"date":"2025-08-14T12:48:11","date_gmt":"2025-08-14T12:48:11","guid":{"rendered":"https:\/\/www.europesays.com\/fr\/318623\/"},"modified":"2025-08-14T12:48:11","modified_gmt":"2025-08-14T12:48:11","slug":"mon-style-de-pilotage-nest-pas-adapte-a-cette-moto","status":"publish","type":"post","link":"https:\/\/www.europesays.com\/fr\/318623\/","title":{"rendered":"Mon style de pilotage n&rsquo;est pas adapt\u00e9 \u00e0 cette moto"},"content":{"rendered":"<p>La deuxi\u00e8me partie de saison sera-t-elle plus favorable \u00e0 <a href=\"https:\/\/fr.motorsport.com\/driver\/pecco-bagnaia\/109394\/\" target=\"_blank\" rel=\"noopener\">Pecco Bagnaia<\/a>\u00a0? L&rsquo;Italien a trop rarement lutt\u00e9 avec <a href=\"https:\/\/fr.motorsport.com\/driver\/marc-marquez\/92646\/\" target=\"_blank\" rel=\"noopener\">Marc M\u00e1rquez<\/a> depuis le d\u00e9but de l&rsquo;ann\u00e9e, \u00e9prouvant des difficult\u00e9s \u00e0 exploiter la version 2025 de la Ducati, en particulier au freinage, qui \u00e9tait pourtant sa force. En d\u00e9but d&rsquo;ann\u00e9e, il a tent\u00e9 d&rsquo;adapter la moto \u00e0 ses besoins, en vain malgr\u00e9 <a href=\"https:\/\/fr.motorsport.com\/motogp\/news\/bagnaia-remedie-soucis-freins-inconnus-marquez\/10731288\/\" target=\"_blank\" rel=\"noopener\">une lueur d&rsquo;espoir au Grand Prix d&rsquo;Arag\u00f3n<\/a>, et avant la tr\u00eave estivale, il <a href=\"https:\/\/fr.motorsport.com\/motogp\/news\/bagnaia-change-radicalement-approche-ducati-gp25\/10738550\/\" target=\"_blank\" rel=\"noopener\">reconnaissait le besoin de s&rsquo;adapter \u00e0 la Desmosedici telle qu&rsquo;elle est aujourd&rsquo;hui<\/a>.<\/p>\n<p>Peut-\u00eatre un brin nostalgique, Bagnaia a profit\u00e9 de la pause depuis Brno pour revoir plusieurs courses des saisons qui l&rsquo;ont vu jouer le titre, afin de mieux comprendre ce qui lui manque cette ann\u00e9e. \u00ab\u00a0J&rsquo;ai essay\u00e9 d&rsquo;analyser de bonnes choses pendant la pause estivale, sauf la premi\u00e8re semaine, o\u00f9 j&rsquo;ai compl\u00e8tement d\u00e9connect\u00e9\u00a0\u00bb, a expliqu\u00e9 Bagnaia \u00e0 son arriv\u00e9e sur le circuit de Spielberg.<\/p>\n<p>\u00ab\u00a0D\u00e8s la deuxi\u00e8me, j&rsquo;ai revu beaucoup de courses du pass\u00e9, de 2021 \u00e0 2024, pour voir ma force au freinage, dans les d\u00e9passements, en suivant&#8230; Puis j&rsquo;ai revu des courses de cette ann\u00e9e, et on dirait deux pilotes compl\u00e8tement diff\u00e9rents.\u00a0\u00bb<\/p>\n<p>\u00ab\u00a0J&rsquo;ai compris que mon style de pilotage n&rsquo;est pas adapt\u00e9 \u00e0 cette moto. C&rsquo;est une bonne chose de l&rsquo;avoir compris, c&rsquo;est bien de l&rsquo;analyser dans l&rsquo;\u00e9quipe, et d&rsquo;essayer de suivre des choses diff\u00e9rentes. Ce ne sera pas facile parce qu&rsquo;il faut que je change beaucoup ma fa\u00e7on de piloter.\u00a0\u00bb<\/p>\n<p>\u00ab\u00a0J&rsquo;ai tent\u00e9 de le faire \u00e0 la fin de la premi\u00e8re partie de la saison et il y a eu quelques progr\u00e8s en termes de vitesse en course, pas en termes de r\u00e9sultats. Je pense que je dois travailler petit \u00e0 petit, et nous allons travailler avec l&rsquo;\u00e9quipe pour essayer de m&rsquo;adapter.\u00a0\u00bb<\/p>\n<p>   <img decoding=\"async\" draggable=\"false\" src=\"https:\/\/www.europesays.com\/fr\/wp-content\/uploads\/2025\/08\/1755175691_231_francesco-bagnaia-ducati-team.jpg\" alt=\"Francesco Bagnaia, Ducati Team\" width=\"1200\" height=\"800\" loading=\"lazy\"\/> <\/p>\n<p class=\"title\">Pecco Bagnaia<\/p>\n<p class=\"photographer\">Photo de: Gold and Goose Photography \/ LAT Images \/ via Getty Images<\/p>\n<p>Plus qu&rsquo;une simple plong\u00e9e dans de bons souvenirs, cette analyse des courses des derni\u00e8res ann\u00e9es avait surtout vocation \u00e0 montrer \u00e0 Bagnaia comment il parvenait \u00e0 faire la diff\u00e9rence\u00a0: \u00ab\u00a0J&rsquo;ai s\u00e9lectionn\u00e9 mes meilleures courses, je les ai vues, aussi pour me rappeler ce que j&rsquo;\u00e9tais capable de faire, et ce que je veux retrouver.\u00a0\u00bb<\/p>\n<p>\u00ab\u00a0Une chose qui me fait beaucoup souffrir cette ann\u00e9e, c&rsquo;est quand je suis les autres. Je me souviens bien de Jerez 2023, j&rsquo;\u00e9tais troisi\u00e8me ou quatri\u00e8me, puis je suis remont\u00e9, j&rsquo;ai doubl\u00e9 Jack, ils m&rsquo;ont dit de rendre une position donc je l&rsquo;ai fait, je suis remont\u00e9, je l&rsquo;ai doubl\u00e9 encore, j&rsquo;ai doubl\u00e9 Binder&#8230; C&rsquo;est une chose pour laquelle j&rsquo;\u00e9tais tr\u00e8s bon.\u00a0\u00bb<\/p>\n<p>\u00ab\u00a0J&rsquo;\u00e9tais aussi tr\u00e8s bon pour emp\u00eacher les autres de me doubler. Maintenant, tout le monde me double. Toutes ces choses m&rsquo;aident \u00e0 comprendre quoi mieux faire, quoi am\u00e9liorer, donc c&rsquo;\u00e9tait utile.\u00a0\u00bb<\/p>\n<blockquote>\n<p>Je dois me sentir bien sur ma moto et ne pas me battre contre elle.<\/p>\n<\/blockquote>\n<p>Les m\u00e9thodes des derni\u00e8res ann\u00e9es ne peuvent n\u00e9anmoins pas se transposer facilement\u00a0: \u00ab\u00a0Le truc, c&rsquo;est que l&rsquo;ADN de la moto de cette ann\u00e9e a chang\u00e9, donc c&rsquo;est totalement diff\u00e9rent par rapport \u00e0 2019 [&#8230;]. Je dois compl\u00e8tement changer ma fa\u00e7on de freiner. C&rsquo;est assez bizarre mais j&rsquo;essaie de le faire.\u00a0\u00bb<\/p>\n<p>Avec 168 points de retard sur Marc M\u00e1rquez, la lutte pour le titre parait bien loin, et m\u00eame pour la victoire puisque Pecco Bagnaia ne s&rsquo;est impos\u00e9 qu&rsquo;une fois depuis le d\u00e9but de la saison&#8230; apr\u00e8s une chute de son co\u00e9quipier \u00e0 Austin. Il ne se fixe aucun objectif de r\u00e9sultat pour les prochains mois, sa seule volont\u00e9 \u00e9tant de retrouver ses sensations.<\/p>\n<p>\u00ab\u00a0Dans ma t\u00eate, je veux retrouver la vitesse. C&rsquo;est le premier objectif, puis les r\u00e9sultats viendront. D&rsquo;abord, je dois me sentir bien sur ma moto et ne pas me battre contre elle. C&rsquo;est l&rsquo;essentiel.\u00a0\u00bb<\/p>\n<p>Lire aussi :<\/p>\n<p>Dans cet article<\/p>\n<p>Soyez le premier inform\u00e9 et souscrivez aux alertes mails pour recevoir les infos en temps r\u00e9el<\/p>\n<p>    S&rsquo;abonner aux alertes de news<\/p>\n","protected":false},"excerpt":{"rendered":"La deuxi\u00e8me partie de saison sera-t-elle plus favorable \u00e0 Pecco Bagnaia\u00a0? L&rsquo;Italien a trop rarement lutt\u00e9 avec Marc&hellip;\n","protected":false},"author":2,"featured_media":318624,"comment_status":"","ping_status":"","sticky":false,"template":"","format":"standard","meta":{"footnotes":""},"categories":[1413],"tags":[45687,4950,1011,27,34489,1457,1456,1458,4951,34490,60],"class_list":{"0":"post-318623","1":"post","2":"type-post","3":"status-publish","4":"format-standard","5":"has-post-thumbnail","7":"category-moto","8":"tag-bagnaiau00a0-mon-style-de-pilotage-nest-pas-adaptu00e9-u00e0-cette-moto","9":"tag-ducati-team","10":"tag-fr","11":"tag-france","12":"tag-gp-dautriche","13":"tag-moto","14":"tag-motocycle","15":"tag-motogp","16":"tag-pecco-bagnaia","17":"tag-red-bull-ring","18":"tag-sports"},"share_on_mastodon":{"url":"https:\/\/pubeurope.com\/@fr\/115027201545956966","error":""},"_links":{"self":[{"href":"https:\/\/www.europesays.com\/fr\/wp-json\/wp\/v2\/posts\/318623","targetHints":{"allow":["GET"]}}],"collection":[{"href":"https:\/\/www.europesays.com\/fr\/wp-json\/wp\/v2\/posts"}],"about":[{"href":"https:\/\/www.europesays.com\/fr\/wp-json\/wp\/v2\/types\/post"}],"author":[{"embeddable":true,"href":"https:\/\/www.europesays.com\/fr\/wp-json\/wp\/v2\/users\/2"}],"replies":[{"embeddable":true,"href":"https:\/\/www.europesays.com\/fr\/wp-json\/wp\/v2\/comments?post=318623"}],"version-history":[{"count":0,"href":"https:\/\/www.europesays.com\/fr\/wp-json\/wp\/v2\/posts\/318623\/revisions"}],"wp:featuredmedia":[{"embeddable":true,"href":"https:\/\/www.europesays.com\/fr\/wp-json\/wp\/v2\/media\/318624"}],"wp:attachment":[{"href":"https:\/\/www.europesays.com\/fr\/wp-json\/wp\/v2\/media?parent=318623"}],"wp:term":[{"taxonomy":"category","embeddable":true,"href":"https:\/\/www.europesays.com\/fr\/wp-json\/wp\/v2\/categories?post=318623"},{"taxonomy":"post_tag","embeddable":true,"href":"https:\/\/www.europesays.com\/fr\/wp-json\/wp\/v2\/tags?post=318623"}],"curies":[{"name":"wp","href":"https:\/\/api.w.org\/{rel}","templated":true}]}}