{"id":318627,"date":"2025-08-14T12:50:17","date_gmt":"2025-08-14T12:50:17","guid":{"rendered":"https:\/\/www.europesays.com\/fr\/318627\/"},"modified":"2025-08-14T12:50:17","modified_gmt":"2025-08-14T12:50:17","slug":"cyclisme-circuit-franco-belge-parcours-profil-favoris-le-circuit-franco-belge-2025","status":"publish","type":"post","link":"https:\/\/www.europesays.com\/fr\/318627\/","title":{"rendered":"Cyclisme. Circuit Franco-Belge &#8211; Parcours, profil, favoris&#8230; le Circuit Franco-Belge 2025"},"content":{"rendered":"<p> Lire la suite de l&rsquo;article&#13;<\/p>\n<p>\u00a0<\/p>\n<p>&#13;<br \/>\nPas de Girmay, mais De Lie, Strong, Groves&#8230;&#13;<\/p>\n<p>L&rsquo;an pass\u00e9, \u00e0 l&rsquo;issue d&rsquo;une course d&rsquo;usure, <strong>Biniam Girmay\u00a0<\/strong>(Intermarch\u00e9-Wanty) n&rsquo;avait laiss\u00e9 aucune chance \u00e0 ses adversaires dans les  100 derniers m\u00e8tres. Mais que ceux qui auront des ambitions de victoire  mercredi se rassure : l&rsquo;\u00c9rythr\u00e9en ne sera pas pr\u00e9sent sur cette \u00e9dition  2025. Seront en revanche au d\u00e9part <strong>Corbin Strong<\/strong>,<strong> Joe Blackmore<\/strong> (Israel-Premier Tech),<strong> Kaden Groves <\/strong>(Alpecin-Deceuninck),<strong> Arnaud De Lie<\/strong> (Lotto),<strong> Alex Aranburu<\/strong>,<strong> Bryan Coquard<\/strong>, <strong>Alexis Renard <\/strong>(Cofidis), <strong>Pavel Bittner<\/strong> (Picnic PostNL), <strong>Rick Pluimers <\/strong>(Tudor), <strong>Fredrik Dversnes<\/strong>, <strong>Markus Hoelgaard <\/strong>(Uno-X Mobility)&#8230;<\/p>\n<p>&#13;<\/p>\n<p>\u00a0<\/p>\n<p>&#13;<br \/>\nLe parcours&#13;<\/p>\n<p><strong>Vendredi 15 mai<\/strong>\u00a0: Tournai &#8211; Mont-de-l&rsquo;Enclus \/ 207,5 km (d\u00e9part r\u00e9el \u00e0 13h00, arriv\u00e9e vers 17h46)<\/p>\n<p>&#13;<\/p>\n<p><img decoding=\"async\" src=\"https:\/\/www.total-velo.com\/wp-content\/uploads\/2022\/07\/profil-circuit-franco-belge-2025-1024x464.png\" style=\"max-width:100%;max-height:100%;\" alt=\"image\" loading=\"lazy\"\/><\/p>\n<p>&#13;<\/p>\n<p>\u00a0<\/p>\n<p>&#13;<br \/>\nLa liste de d\u00e9part&#13;<\/p>\n<p><strong>INTERMARCH\u00c9-WANTY<\/strong><br \/>1 BRAET Vito<br \/>2 DE POOTER Dries<br \/>3 M\u00dcLLER Tobias<br \/>4 KUYPERS Gerben<br \/>5 SOLEN Keije<br \/>6 ROTA Lorenzo<br \/>7 VAN BOVEN Luca<\/p>\n<p>&#13;<\/p>\n<p><strong>ALPECIN-DECEUNINCK<\/strong><br \/>11 GROVES Kaden<br \/>12 MEURISSE Xandro<br \/>13 RICKAERT Jonas<br \/>14 UHLIG Henri<br \/>15 VAN TRICHT Stan<br \/>16 BEHRENS Timo<br \/>17 ROESEMS Siebe<\/p>\n<p>&#13;<\/p>\n<p><strong>TEAM JAYCO-ALULA<\/strong><br \/>21 DONALDSON Robert<br \/>22 HEPBURN Michael<br \/>23 KRIJNSEN Jelte<br \/>24 MEZGEC Luka<br \/>25 REINDERS Elmar<br \/>26 STEWART Campbell<br \/>27 WALSCHEID Max<\/p>\n<p>&#13;<\/p>\n<p><strong>ARKEA-B&amp;B HOTELS<\/strong><br \/>31 BIERMANS Jenthe<br \/>32 CHARRET Camille<br \/>33 GUERNALEC Victor<br \/>34 HUYS Laurens<br \/>35 TJ\u00d8TTA Martin<br \/>36 POULARD Baptiste<br \/>37 VENTURINI Cl\u00e9ment<\/p>\n<p>&#13;<\/p>\n<p><strong>COFIDIS<\/strong><br \/>41 ARANBURU Alex<br \/>42 COQUARD Bryan<br \/>43 MAHOUDO Nolann<br \/>44 RENARD Alexis<br \/>45 MAISONOBE Sam<br \/>46 ROBEET Ludovic<br \/>47 TOUZ\u00c9 Damien<\/p>\n<p>&#13;<\/p>\n<p><strong>TEAM PICNIC POSTNL<\/strong><br \/>51 VAN DEN BERG Julius<br \/>52 BITTNER Pavel<br \/>53 DHONDT Robbe<br \/>54 KOERDT Bjoern<br \/>55 WELTEN Bram<br \/>56 VLOT Mees<br \/>57 VAN DER WERFF Thom<\/p>\n<p>&#13;<\/p>\n<p><strong>MOVISTAR TEAM<\/strong><br \/>61 BARRENETXEA Jon<br \/>62 CIMOLAI Davide<br \/>63 NORSGAARD Mathias Sunek\u00e6r<br \/>64 SERRANO Gonzalo<br \/>65 TESFAZION Natnael<br \/>66 TORRES Albert<br \/>67 CASTILLO Kevin David<\/p>\n<p>&#13;<\/p>\n<p><strong>LOTTO<\/strong><br \/>71 AERTS Toon<br \/>72 BERCKMOES Jenno<br \/>73 DE LIE Arnaud<br \/>74 VANDENABEELE Henri<br \/>75 ORINS Robin<br \/>76 SLOCK Liam<br \/>77 TAMINIAUX Lionel<\/p>\n<p>&#13;<\/p>\n<p><strong>ISRAEL-PREMIER TECH<\/strong><br \/>81 BLACKMORE Joe<br \/>82 KOGUT Oded<br \/>83 PICKRELL Riley<br \/>84 EINHORN Itamar<br \/>85 STRONG Corbin<br \/>86 VAN ASBROECK Tom<br \/>87 VAN TRICHT Floris<\/p>\n<p>&#13;<\/p>\n<p><strong>UNO-X MOBILITY<\/strong><br \/>91 ABRAHAMSEN Jonas<br \/>92 DVERSNES Fredrik<br \/>93 HOELGAARD Markus<br \/>94 HOLTER \u00c5dne<br \/>95 RESELL Erik<br \/>96 SKAARSETH Anders<br \/>97 TILLER Rasmus<\/p>\n<p>&#13;<\/p>\n<p><strong>TEAM POLTI VISITMALTA<\/strong><br \/>101 BAIS Davide<br \/>102 MEREDITH Charlie<br \/>103 LONARDI Giovanni<br \/>104 MARTIN Alex<br \/>105 PIETROBON Andrea<br \/>106 SERRANO Javier<br \/>107 ZOCCARATO Samuele<\/p>\n<p>&#13;<\/p>\n<p><strong>CAJA RURAL-SEGUROS RGA<\/strong><br \/>111 BERWICK Sebastian<br \/>112 DARDER Sergi<br \/>113 GONZ\u00c1LEZ Abner<br \/>114 CASTELLON Jan<br \/>115 PRADES Eduard<br \/>116 SORARRAIN Gorka<br \/>117 LOSPITAO Pablo<\/p>\n<p>&#13;<\/p>\n<p><strong>TEAM TOTALENERGIES<\/strong><br \/>121 BARUSSEAU Math\u00e9o<br \/>122 BONIFACE Lucas<br \/>123 BRUNEL Alexys<br \/>124 DAUPHIN Florian<br \/>125 DUJARDIN Sandy<br \/>126 JEANNI\u00c8RE Emilien<br \/>127 MARCEROU Nicola<\/p>\n<p>&#13;<\/p>\n<p><strong>TEAM FLANDERS-BALOISE<\/strong><br \/>131 CLYNHENS Toon<br \/>132 DEJAEGHER Jasper<br \/>133 DEWEIRDT Siebe<br \/>134 GEENS Jonas<br \/>135 LANHOVE Milan<br \/>136 MARIS Elias<br \/>137 VAN POUCKE Aaron<\/p>\n<p>&#13;<\/p>\n<p><strong>EQUIPO KERN PHARMA<\/strong><br \/>141 BRUSTENGA Marc<br \/>142 ETXEBERRIA Haimar<br \/>143 GALV\u00c1N Francisco<br \/>144 MIQUEL DELGADO Pau<br \/>145 RETEGI Mikel<br \/>146 SOTO Antonio<br \/>147 FERNANDEZ Miguel Angel<\/p>\n<p>&#13;<\/p>\n<p><strong>EUSKALTEL-EUSKADI<\/strong><br \/>151 BERASATEGI Xabier<br \/>152 MART\u00cdN Gotzon<br \/>153 LOPEZ Jordi<br \/>154 DINA Marton<br \/>155 MINTEGI Iker<br \/>156 ABERASTURI Jon<br \/>157 UGARTE Gari<\/p>\n<p>&#13;<\/p>\n<p><strong>Q36.5 PRO CYCLING TEAM<\/strong><br \/>161 FRISON Frederik<br \/>162 LIEPINS Emils<br \/>163 MALECKI Kamil<br \/>164 NIZZOLO Giacomo<br \/>165 STEIMLE Jannik<br \/>166 TOWNSEND Rory<br \/>167 VADER Milan<\/p>\n<p>&#13;<\/p>\n<p><strong>WAGNER BAZIN WB<\/strong><br \/>171 DE MEESTER Luca<br \/>172 DESAL C\u00e9riel<br \/>173 PORTSMOUTH Tom<br \/>174 DE TIER Floris<br \/>175 VAN HAUTEGEM Leander<br \/>176 VERMOOTE Jelle<br \/>177 VAN PETEGEM Axandre<\/p>\n<p>&#13;<\/p>\n<p><strong>TUDOR PRO CYCLING TEAM<\/strong><br \/>181 FROIDEVAUX Robin<br \/>182 HEMING Mika<br \/>183 KELEMEN Petr<br \/>184 KLUCKERS Arthur<br \/>185 KRIEGER Alexander<br \/>186 MIKUTIS Aivaras<br \/>187 PLUIMERS Rick<\/p>\n<p>&#13;<\/p>\n<p><strong>SOUDAL QUICK-STEP DEVO TEAM<\/strong><br \/>191 BRAVO Henrique<br \/>192 VERVENNE Jonathan<br \/>193 SCHOOFS Jasper<br \/>194 MUNOZ Hodei<br \/>195 DE CLERCQ Matthijs<br \/>196 SERVRANCKX Gauthier<br \/>197 ZAFRA Marc<\/p>\n<p>&#13;<\/p>\n<p><strong>VAN RYSEL-ROUBAIX<\/strong><br \/>201 \u00c4RM Rait<br \/>202 \u00c5RNES Daniel<br \/>203 AVOINE K\u00e9vin<br \/>204 JARNET Maxime<br \/>205 MOLLY Kenny<br \/>206 PLANCKAERT Baptiste<\/p>\n<p>&#13;<\/p>\n<p><strong>TARTELETTO-ISOREX<\/strong><br \/>211 MARCHAND Gianni<br \/>212 VANDENBULCKE Alex<br \/>213 DE KEYSER Ewout<br \/>214 BLOUWE Louis<br \/>215 VERWILT Mauro<br \/>216 DE DOBBELAERE Born<br \/>217 CLAEYS Robbe<\/p>\n<p>&#13;<\/p>\n<p><strong>VOLKERWESSELS CYCLING TEAM<\/strong><br \/>221 CROCKETT Finn<br \/>222 KROONEN Max<br \/>223 HAEST Jasper<br \/>224 HEREMANS Joppe<br \/>225 NAGENGAST Ruud Junior<br \/>226 OOSTERLINCK Joes<br \/>227 WILLEMS Thimo<\/p>\n","protected":false},"excerpt":{"rendered":"Lire la suite de l&rsquo;article&#13; \u00a0 &#13; Pas de Girmay, mais De Lie, Strong, Groves&#8230;&#13; L&rsquo;an pass\u00e9, \u00e0&hellip;\n","protected":false},"author":2,"featured_media":318628,"comment_status":"","ping_status":"","sticky":false,"template":"","format":"standard","meta":{"footnotes":""},"categories":[1411],"tags":[45688,1154,207,211,1011,27,209,60,210,212,208,213],"class_list":{"0":"post-318627","1":"post","2":"type-post","3":"status-publish","4":"format-standard","5":"has-post-thumbnail","7":"category-cyclisme","8":"tag-circuit-franco-belge","9":"tag-cycling","10":"tag-cyclisme","11":"tag-ffc","12":"tag-fr","13":"tag-france","14":"tag-route","15":"tag-sports","16":"tag-tour-de-france","17":"tag-uci","18":"tag-velo","19":"tag-world-tour"},"share_on_mastodon":{"url":"https:\/\/pubeurope.com\/@fr\/115027209321828846","error":""},"_links":{"self":[{"href":"https:\/\/www.europesays.com\/fr\/wp-json\/wp\/v2\/posts\/318627","targetHints":{"allow":["GET"]}}],"collection":[{"href":"https:\/\/www.europesays.com\/fr\/wp-json\/wp\/v2\/posts"}],"about":[{"href":"https:\/\/www.europesays.com\/fr\/wp-json\/wp\/v2\/types\/post"}],"author":[{"embeddable":true,"href":"https:\/\/www.europesays.com\/fr\/wp-json\/wp\/v2\/users\/2"}],"replies":[{"embeddable":true,"href":"https:\/\/www.europesays.com\/fr\/wp-json\/wp\/v2\/comments?post=318627"}],"version-history":[{"count":0,"href":"https:\/\/www.europesays.com\/fr\/wp-json\/wp\/v2\/posts\/318627\/revisions"}],"wp:featuredmedia":[{"embeddable":true,"href":"https:\/\/www.europesays.com\/fr\/wp-json\/wp\/v2\/media\/318628"}],"wp:attachment":[{"href":"https:\/\/www.europesays.com\/fr\/wp-json\/wp\/v2\/media?parent=318627"}],"wp:term":[{"taxonomy":"category","embeddable":true,"href":"https:\/\/www.europesays.com\/fr\/wp-json\/wp\/v2\/categories?post=318627"},{"taxonomy":"post_tag","embeddable":true,"href":"https:\/\/www.europesays.com\/fr\/wp-json\/wp\/v2\/tags?post=318627"}],"curies":[{"name":"wp","href":"https:\/\/api.w.org\/{rel}","templated":true}]}}