{"id":318629,"date":"2025-08-14T12:51:13","date_gmt":"2025-08-14T12:51:13","guid":{"rendered":"https:\/\/www.europesays.com\/fr\/318629\/"},"modified":"2025-08-14T12:51:13","modified_gmt":"2025-08-14T12:51:13","slug":"largentin-joaquin-panichelli-recrute-cet-ete-a-de-grandes-ambitions","status":"publish","type":"post","link":"https:\/\/www.europesays.com\/fr\/318629\/","title":{"rendered":"l\u2019Argentin Joaquin Panichelli, recrut\u00e9 cet \u00e9t\u00e9, a \u00ab de grandes ambitions \u00bb"},"content":{"rendered":"<p>D\u00e9bardeur, muscles saillants, \u00e9nergie \u00e0 revendre sous un soleil de plomb\u00a0: Joaquin Panichelli n\u2019est pas homme \u00e0 s\u2019\u00e9conomiser, m\u00eame lors d\u2019un entra\u00eenement caniculaire.<\/p>\n<p>Depuis une dizaine de jours, les supporters strasbourgeois ont d\u00e9couvert cet attaquant argentin, pas encore r\u00e9f\u00e9renc\u00e9 au haut niveau, mais qui sort d\u2019une saison accomplie en deuxi\u00e8me division espagnole, au Club Deportivo Mirand\u00e9s (21 buts et 8 passes en 44 matches). De quoi inciter le Racing \u00e0 miser 20\u00a0millions d\u2019euros (dont 3,5 de bonus) pour engager un profil convoit\u00e9.<\/p>\n<p>\u00ab\u00a0En Argentine, c\u2019est plus le chaos, les contacts, les frictions\u00a0\u00bb<\/p>\n<p>\u00ab\u00a0C\u2019est un beau projet pour moi, avec de jeunes joueurs de qualit\u00e9, un entra\u00eeneur jeune aussi, qui a la m\u00eame ambition que nous, indique le natif de C\u00f3rdoba au moment d\u2019expliquer son choix de carri\u00e8re. Il (Rosenior) a montr\u00e9 beaucoup d\u2019int\u00e9r\u00eat \u00e0 mon sujet. Je veux jouer \u00e0 haut niveau pour continuer \u00e0 progresser.\u00a0\u00bb<\/p>\n<p>A bient\u00f4t 23 ans (le 7\u00a0octobre), l\u2019avant-centre n\u2019a que peu go\u00fbt\u00e9 \u00e0 la premi\u00e8re&#8230;<\/p>\n","protected":false},"excerpt":{"rendered":"D\u00e9bardeur, muscles saillants, \u00e9nergie \u00e0 revendre sous un soleil de plomb\u00a0: Joaquin Panichelli n\u2019est pas homme \u00e0 s\u2019\u00e9conomiser,&hellip;\n","protected":false},"author":2,"featured_media":318630,"comment_status":"","ping_status":"","sticky":false,"template":"","format":"standard","meta":{"footnotes":""},"categories":[1410],"tags":[2389,2649,2880,107,63,1011,27,329,41281,517,60,640,2879],"class_list":{"0":"post-318629","1":"post","2":"type-post","3":"status-publish","4":"format-standard","5":"has-post-thumbnail","7":"category-football","8":"tag-alsace","9":"tag-bas-rhin","10":"tag-edition-strasbourg","11":"tag-fil-info","12":"tag-football","13":"tag-fr","14":"tag-france","15":"tag-france-monde","16":"tag-racing-club-strasbourg-masculin","17":"tag-sport","18":"tag-sports","19":"tag-strasbourg","20":"tag-strasbourg-ville"},"share_on_mastodon":{"url":"https:\/\/pubeurope.com\/@fr\/115027213337706112","error":""},"_links":{"self":[{"href":"https:\/\/www.europesays.com\/fr\/wp-json\/wp\/v2\/posts\/318629","targetHints":{"allow":["GET"]}}],"collection":[{"href":"https:\/\/www.europesays.com\/fr\/wp-json\/wp\/v2\/posts"}],"about":[{"href":"https:\/\/www.europesays.com\/fr\/wp-json\/wp\/v2\/types\/post"}],"author":[{"embeddable":true,"href":"https:\/\/www.europesays.com\/fr\/wp-json\/wp\/v2\/users\/2"}],"replies":[{"embeddable":true,"href":"https:\/\/www.europesays.com\/fr\/wp-json\/wp\/v2\/comments?post=318629"}],"version-history":[{"count":0,"href":"https:\/\/www.europesays.com\/fr\/wp-json\/wp\/v2\/posts\/318629\/revisions"}],"wp:featuredmedia":[{"embeddable":true,"href":"https:\/\/www.europesays.com\/fr\/wp-json\/wp\/v2\/media\/318630"}],"wp:attachment":[{"href":"https:\/\/www.europesays.com\/fr\/wp-json\/wp\/v2\/media?parent=318629"}],"wp:term":[{"taxonomy":"category","embeddable":true,"href":"https:\/\/www.europesays.com\/fr\/wp-json\/wp\/v2\/categories?post=318629"},{"taxonomy":"post_tag","embeddable":true,"href":"https:\/\/www.europesays.com\/fr\/wp-json\/wp\/v2\/tags?post=318629"}],"curies":[{"name":"wp","href":"https:\/\/api.w.org\/{rel}","templated":true}]}}