{"id":318631,"date":"2025-08-14T12:52:11","date_gmt":"2025-08-14T12:52:11","guid":{"rendered":"https:\/\/www.europesays.com\/fr\/318631\/"},"modified":"2025-08-14T12:52:11","modified_gmt":"2025-08-14T12:52:11","slug":"monica-seles-atteinte-dune-maladie-auto-immune-rare-qui-affecte-la-vue-et-les-muscles","status":"publish","type":"post","link":"https:\/\/www.europesays.com\/fr\/318631\/","title":{"rendered":"Monica Seles atteinte d\u2019une maladie auto-immune rare qui affecte la vue et les muscles"},"content":{"rendered":"<p>Monica Seles a longtemps h\u00e9sit\u00e9 avant de rendre public son combat contre la maladie. Mais \u00e0 51 ans, <a href=\"https:\/\/www.20minutes.fr\/sport\/338666-20090712-sport-monica-seles-au-hall-of-fame\" class=\"c-link c-link--is-underlined\" target=\"_blank\" rel=\"noopener\">la d\u00e9tentrice de neuf titres en Grand Chelem<\/a> a franchi le pas pour sensibiliser et aider la recherche. Seles est atteinte depuis trois ans d\u2019une maladie auto-immune rare connue sous le nom de myasth\u00e9nie, qui affecte la vue et les muscles.<\/p>\n<p>\u00ab\u00a0Je jouais avec des enfants ou des membres de ma famille et je ratais des balles, <a href=\"https:\/\/apnews.com\/article\/tennis-monica-seles-health-myasthenia-gravis-b36b3d132edc3e7eecde19ca759e36ff?utm_source=copy&amp;utm_medium=share\" rel=\"nofollow noopener\" target=\"_blank\" class=\"c-link c-link--is-underlined\">a-t-elle confi\u00e9 dans une interview \u00e0 Associated Press<\/a>. Je me disais\u00a0: \u00a0\u00bbJe vois deux balles\u00a0\u00bb. Il y a de toute \u00e9vidence des sympt\u00f4mes que tu ne peux ignorer. \u00c7a m\u2019a pris beaucoup de temps pour l\u2019accepter, pour en discuter publiquement, parce que c\u2019est difficile. \u00c7a m\u2019affecte au quotidien. M\u00eame me s\u00e9cher les cheveux est devenu compliqu\u00e9.\u00a0\u00bb<\/p>\n<p>\u00ab\u00a0Un autre nouveau d\u00e9part\u00a0\u00bb pour Seles<\/p>\n<p>Un combat de plus \u00e0 mener pour Monica Seles, qui rappelle combien elle a d\u00fb se battre dans la vie, d\u2019abord \u00e0 13 ans, en rejoignant les Etats-Unis en provenance d\u2019ex-Yougoslavie &#8211; \u00ab\u00a0je ne parlais pas la langue, j\u2019avais quitt\u00e9 ma famille\u00a0\u00bb &#8211; ou encore pour se relever <a href=\"https:\/\/fr.wikipedia.org\/wiki\/Agression_de_Monica_Seles\" rel=\"nofollow noopener\" target=\"_blank\" class=\"c-link c-link--is-underlined\">de son agression au couteau pendant un match en\u00a01993<\/a>.<\/p>\n<blockquote class=\"twitter-tweet\" align=\"center\" data-lang=\"fr_FR\">\n<p lang=\"en\" dir=\"ltr\">Tennis legend Monica Seles opens up about being diagnosed with Myasthenia Gravis and how it\u2019s affected her day-to-day life. <\/p>\n<p>Symptoms include weakness in the arm and leg muscles, double vision, fatigue, shortness of breath, difficulty speaking, and swallowing.<\/p>\n<p>\ud83c\udfa5: SNTV\/AP Photo <a href=\"https:\/\/t.co\/oAp2XVUJas\">pic.twitter.com\/oAp2XVUJas<\/a><\/p>\n<p>\u2014 TennisONE App (@TennisONEApp) <a href=\"https:\/\/twitter.com\/TennisONEApp\/status\/1955260585152479362?ref_src=twsrc%5Etfw\" target=\"_blank\" rel=\"noopener\">August 12, 2025<\/a><\/p><\/blockquote>\n<p class=\"mb-xxl@xs color-ultramarine font-weight-semi-bold@xs font-source-serif-pro heading-s@xs\">L\u2019acc\u00e8s \u00e0 ce contenu a \u00e9t\u00e9 bloqu\u00e9 afin de respecter votre choix de consentement<\/p>\n<p class=\"mb-m@xs text-l@xs\">En cliquant sur\u00ab J\u2019accepte \u00bb, vous acceptez le d\u00e9p\u00f4t de cookies par des services externes et aurez ainsi acc\u00e8s aux contenus de nos partenaires.<\/p>\n<p class=\"mb-xl@xs text-s@xs\">Plus d\u2019informations sur la page<a href=\"https:\/\/www.20minutes.fr\/gestion-cookies\" class=\"mx-xxs@xs color-ultramarine\" target=\"_blank\" rel=\"noopener\">Politique de gestion des cookies<\/a><\/p>\n<p>J\u2019accepte<\/p>\n<p>\u00ab\u00a0Et puis, le diagnostic de myasth\u00e9nie grave\u00a0: un autre nouveau d\u00e9part, dit-elle. Mais, comme je le dis aux enfants que j\u2019encadre\u00a0: \u00a0\u00bbVous devez toujours vous adapter. La balle rebondit et vous devez simplement vous adapter\u00a0\u00bb. C\u2019est ce que je fais maintenant.\u00a0\u00bb<\/p>\n<p><script async src=\"https:\/\/platform.twitter.com\/widgets.js\" charset=\"utf-8\"><\/script><\/p>\n","protected":false},"excerpt":{"rendered":"Monica Seles a longtemps h\u00e9sit\u00e9 avant de rendre public son combat contre la maladie. Mais \u00e0 51 ans,&hellip;\n","protected":false},"author":2,"featured_media":318632,"comment_status":"","ping_status":"","sticky":false,"template":"","format":"standard","meta":{"footnotes":""},"categories":[1359],"tags":[58,59,73,1011,27,226,973,517,1467,4170],"class_list":{"0":"post-318631","1":"post","2":"type-post","3":"status-publish","4":"format-standard","5":"has-post-thumbnail","7":"category-people","8":"tag-divertissement","9":"tag-entertainment","10":"tag-etats-unis","11":"tag-fr","12":"tag-france","13":"tag-maladie","14":"tag-people","15":"tag-sport","16":"tag-tennis","17":"tag-wta"},"share_on_mastodon":{"url":"https:\/\/pubeurope.com\/@fr\/115027217158741473","error":""},"_links":{"self":[{"href":"https:\/\/www.europesays.com\/fr\/wp-json\/wp\/v2\/posts\/318631","targetHints":{"allow":["GET"]}}],"collection":[{"href":"https:\/\/www.europesays.com\/fr\/wp-json\/wp\/v2\/posts"}],"about":[{"href":"https:\/\/www.europesays.com\/fr\/wp-json\/wp\/v2\/types\/post"}],"author":[{"embeddable":true,"href":"https:\/\/www.europesays.com\/fr\/wp-json\/wp\/v2\/users\/2"}],"replies":[{"embeddable":true,"href":"https:\/\/www.europesays.com\/fr\/wp-json\/wp\/v2\/comments?post=318631"}],"version-history":[{"count":0,"href":"https:\/\/www.europesays.com\/fr\/wp-json\/wp\/v2\/posts\/318631\/revisions"}],"wp:featuredmedia":[{"embeddable":true,"href":"https:\/\/www.europesays.com\/fr\/wp-json\/wp\/v2\/media\/318632"}],"wp:attachment":[{"href":"https:\/\/www.europesays.com\/fr\/wp-json\/wp\/v2\/media?parent=318631"}],"wp:term":[{"taxonomy":"category","embeddable":true,"href":"https:\/\/www.europesays.com\/fr\/wp-json\/wp\/v2\/categories?post=318631"},{"taxonomy":"post_tag","embeddable":true,"href":"https:\/\/www.europesays.com\/fr\/wp-json\/wp\/v2\/tags?post=318631"}],"curies":[{"name":"wp","href":"https:\/\/api.w.org\/{rel}","templated":true}]}}