{"id":318633,"date":"2025-08-14T12:53:10","date_gmt":"2025-08-14T12:53:10","guid":{"rendered":"https:\/\/www.europesays.com\/fr\/318633\/"},"modified":"2025-08-14T12:53:10","modified_gmt":"2025-08-14T12:53:10","slug":"le-bit-accueille-les-peintures-de-cathy-cavalier","status":"publish","type":"post","link":"https:\/\/www.europesays.com\/fr\/318633\/","title":{"rendered":"Le BIT accueille les peintures de Cathy Cavalier"},"content":{"rendered":"<p>\u00c0 l\u2019office de tourisme s\u2019est d\u00e9roul\u00e9 le vernissage de l\u2019exposition de Cathy Cavalier, artiste peintre professionnelle.<\/p>\n<p>\u00ab\u00a0J\u2019affectionne les peintures \u00e0 l\u2019huile qui forme un \u00e9crin de multiples petites touches qui s\u2019impr\u00e8gnent sur la toile, comme une brodeuse tisse ses points sur une tapisserie\u00a0\u00bb, explique-t-elle.<\/p>\n<p>Inspir\u00e9e et influenc\u00e9e par la nature, elle y a aff\u00fbt\u00e9 ses sens et lie aujourd\u2019hui observation et sensibilit\u00e9 dans ses \u0153uvres. On peut admirer une vingtaine de tableaux repr\u00e9sentant divers paysages. Buron du Trap haut, R\u00e9colte de narcisses, Bruy\u00e8res en lisi\u00e8res de for\u00eat, Premi\u00e8re neige figurent parmi les toiles pr\u00e9sent\u00e9es.<\/p>\n<p>Ses peintures ne laissent pas indiff\u00e9rent. C\u2019est cette sensibilit\u00e9 qui lui a ouvert les portes du beau, du r\u00e9el, du vivant.<\/p>\n<p>\u00c0 son talent de peintre s\u2019ajoute celui de l\u2019\u00e9criture. Cathy Cavalier est l\u2019auteure d\u2019un livre intitul\u00e9 L\u2019Aubrac \u00e0 la pointe de mon pinceau, sa mani\u00e8re personnelle d\u2019\u00e9crire, tout en gr\u00e2ce, \u00e9maille son ouvrage.<\/p>\n<p>L\u2019exposition est \u00e0 d\u00e9couvrir jusqu\u2019au vendredi 29 ao\u00fbt, pendant les heures d\u2019ouverture de l\u2019office. L\u2019artiste est pr\u00e9sente les jeudis matin de 9 h 30 \u00e0 midi et sur rendez-vous.<\/p>\n<p>Correspondant Midi Libre : 04 66 31 13 10<\/p>\n","protected":false},"excerpt":{"rendered":"\u00c0 l\u2019office de tourisme s\u2019est d\u00e9roul\u00e9 le vernissage de l\u2019exposition de Cathy Cavalier, artiste peintre professionnelle. \u00ab\u00a0J\u2019affectionne les&hellip;\n","protected":false},"author":2,"featured_media":318634,"comment_status":"","ping_status":"","sticky":false,"template":"","format":"standard","meta":{"footnotes":""},"categories":[1358],"tags":[1348,1384,1385,1386,58,59,1011,27],"class_list":{"0":"post-318633","1":"post","2":"type-post","3":"status-publish","4":"format-standard","5":"has-post-thumbnail","7":"category-arts-et-design","8":"tag-arts","9":"tag-arts-and-design","10":"tag-arts-et-design","11":"tag-design","12":"tag-divertissement","13":"tag-entertainment","14":"tag-fr","15":"tag-france"},"share_on_mastodon":{"url":"https:\/\/pubeurope.com\/@fr\/115027221477026678","error":""},"_links":{"self":[{"href":"https:\/\/www.europesays.com\/fr\/wp-json\/wp\/v2\/posts\/318633","targetHints":{"allow":["GET"]}}],"collection":[{"href":"https:\/\/www.europesays.com\/fr\/wp-json\/wp\/v2\/posts"}],"about":[{"href":"https:\/\/www.europesays.com\/fr\/wp-json\/wp\/v2\/types\/post"}],"author":[{"embeddable":true,"href":"https:\/\/www.europesays.com\/fr\/wp-json\/wp\/v2\/users\/2"}],"replies":[{"embeddable":true,"href":"https:\/\/www.europesays.com\/fr\/wp-json\/wp\/v2\/comments?post=318633"}],"version-history":[{"count":0,"href":"https:\/\/www.europesays.com\/fr\/wp-json\/wp\/v2\/posts\/318633\/revisions"}],"wp:featuredmedia":[{"embeddable":true,"href":"https:\/\/www.europesays.com\/fr\/wp-json\/wp\/v2\/media\/318634"}],"wp:attachment":[{"href":"https:\/\/www.europesays.com\/fr\/wp-json\/wp\/v2\/media?parent=318633"}],"wp:term":[{"taxonomy":"category","embeddable":true,"href":"https:\/\/www.europesays.com\/fr\/wp-json\/wp\/v2\/categories?post=318633"},{"taxonomy":"post_tag","embeddable":true,"href":"https:\/\/www.europesays.com\/fr\/wp-json\/wp\/v2\/tags?post=318633"}],"curies":[{"name":"wp","href":"https:\/\/api.w.org\/{rel}","templated":true}]}}