{"id":318635,"date":"2025-08-14T12:54:10","date_gmt":"2025-08-14T12:54:10","guid":{"rendered":"https:\/\/www.europesays.com\/fr\/318635\/"},"modified":"2025-08-14T12:54:10","modified_gmt":"2025-08-14T12:54:10","slug":"dans-la-maison-de-philip-le-roy-quatrieme-coup-de-coeur-de-lete-de-la-librairie-aubagnaise-les-furtifs","status":"publish","type":"post","link":"https:\/\/www.europesays.com\/fr\/318635\/","title":{"rendered":"\u00ab\u00a0Dans la maison\u00a0\u00bb de Philip Le Roy, quatri\u00e8me coup de c\u0153ur de l\u2019\u00e9t\u00e9 de la librairie aubagnaise Les Furtifs"},"content":{"rendered":"<p>Pour ce <a href=\"https:\/\/www.laprovence.com\/article\/region\/611041240565914\/brazilian-playboy-premier-coup-de-coeur-estival-de-la-librairie-les-furtifs-a-aubagne\" target=\"_blank\" rel=\"nofollow noopener\">quatri\u00e8me volet de notre s\u00e9rie estivale<\/a> de conseils de lecture, La Provence est retourn\u00e9e \u00e0 la <a href=\"https:\/\/www.laprovence.com\/article\/edition-aubagne-la-ciotat\/6899034\/libraires-independants-le-covid-diminue-les-ventes-suivent.html\" target=\"_blank\" rel=\"nofollow noopener\">librairie Les Furtifs<\/a>, bas\u00e9e rue de la R\u00e9publique \u00e0 Aubagne, o\u00f9 un professionnel nous parle chaque semaine d\u2019un de ses ouvrages coup de c\u0153ur.<\/p>\n<p>Aujourd\u2019hui, Samuel Keller, vendeur aux rayons imaginaire, jeunesse et sciences humaines, a choisi de mettre en avant le thriller Dans la maison \u00e9crit par Philip Le Roy et publi\u00e9 en mars\u00a02019 aux \u00e9ditions Rageot.<\/p>\n<p>Un polar \u00e0 huis clos<\/p>\n<p>L\u2019histoire se d\u00e9roule le soir <a href=\"https:\/\/www.laprovence.com\/article\/sortie-loisirs\/5615442676391214\/effrayants-familiaux-ou-terrifiants-notre-selection-des-meilleurs-parcs-pour-passer-halloween\" target=\"_blank\" rel=\"nofollow noopener\">d\u2019Halloween<\/a>, dans une grande maison de campagne o\u00f9 une bande d\u2019adolescents fait la f\u00eate. Le th\u00e8me de la soir\u00e9e\u00a0? \u00ab\u00a0Frissons\u00a0\u00bb. Il s\u2019agit de r\u00e9aliser des pranks (farces) toutes plus effrayantes les unes que les autres. Seulement, lorsqu\u2019un des jeunes est retrouv\u00e9 mort, la soir\u00e9e prend une autre tournure\u2026<\/p>\n","protected":false},"excerpt":{"rendered":"Pour ce quatri\u00e8me volet de notre s\u00e9rie estivale de conseils de lecture, La Provence est retourn\u00e9e \u00e0 la&hellip;\n","protected":false},"author":2,"featured_media":318636,"comment_status":"","ping_status":"","sticky":false,"template":"","format":"standard","meta":{"footnotes":""},"categories":[1357],"tags":[17,1379,6521,3952,1446,58,59,1011,27,1380,2142,45689,15432,16,27659],"class_list":{"0":"post-318635","1":"post","2":"type-post","3":"status-publish","4":"format-standard","5":"has-post-thumbnail","7":"category-livres","8":"tag-17","9":"tag-books","10":"tag-coeur","11":"tag-coup","12":"tag-dans","13":"tag-divertissement","14":"tag-entertainment","15":"tag-fr","16":"tag-france","17":"tag-livres","18":"tag-maison","19":"tag-philip","20":"tag-quatrieme","21":"tag-region","22":"tag-roy"},"share_on_mastodon":{"url":"https:\/\/pubeurope.com\/@fr\/115027225118996493","error":""},"_links":{"self":[{"href":"https:\/\/www.europesays.com\/fr\/wp-json\/wp\/v2\/posts\/318635","targetHints":{"allow":["GET"]}}],"collection":[{"href":"https:\/\/www.europesays.com\/fr\/wp-json\/wp\/v2\/posts"}],"about":[{"href":"https:\/\/www.europesays.com\/fr\/wp-json\/wp\/v2\/types\/post"}],"author":[{"embeddable":true,"href":"https:\/\/www.europesays.com\/fr\/wp-json\/wp\/v2\/users\/2"}],"replies":[{"embeddable":true,"href":"https:\/\/www.europesays.com\/fr\/wp-json\/wp\/v2\/comments?post=318635"}],"version-history":[{"count":0,"href":"https:\/\/www.europesays.com\/fr\/wp-json\/wp\/v2\/posts\/318635\/revisions"}],"wp:featuredmedia":[{"embeddable":true,"href":"https:\/\/www.europesays.com\/fr\/wp-json\/wp\/v2\/media\/318636"}],"wp:attachment":[{"href":"https:\/\/www.europesays.com\/fr\/wp-json\/wp\/v2\/media?parent=318635"}],"wp:term":[{"taxonomy":"category","embeddable":true,"href":"https:\/\/www.europesays.com\/fr\/wp-json\/wp\/v2\/categories?post=318635"},{"taxonomy":"post_tag","embeddable":true,"href":"https:\/\/www.europesays.com\/fr\/wp-json\/wp\/v2\/tags?post=318635"}],"curies":[{"name":"wp","href":"https:\/\/api.w.org\/{rel}","templated":true}]}}