{"id":318637,"date":"2025-08-14T12:55:11","date_gmt":"2025-08-14T12:55:11","guid":{"rendered":"https:\/\/www.europesays.com\/fr\/318637\/"},"modified":"2025-08-14T12:55:11","modified_gmt":"2025-08-14T12:55:11","slug":"un-couple-de-la-version-israelienne-se-grime-en-donald-et-melania-trump","status":"publish","type":"post","link":"https:\/\/www.europesays.com\/fr\/318637\/","title":{"rendered":"un couple de la version isra\u00e9lienne se grime en Donald et Melania Trump"},"content":{"rendered":"<p>    Melania et Donald Trump lors du bal d\u2019investiture du 20 janvier 2025<br \/>\n                Pool\/ABACA<\/p>\n<p>\u00c0 l\u2019occasion du dernier \u00e9pisode de la saison 11 de l\u2019\u00e9mission de danse, deux participants ont livr\u00e9 une prestation aussi \u00e9tonnante que politique, qui a beaucoup fait r\u00e9agir sur les r\u00e9seaux sociaux.<\/p>\n<p class=\"fig-paragraph\">Apr\u00e8s avoir mis le feu au parquet de\u00a0<a href=\"https:\/\/tvmag.lefigaro.fr\/programme-tv\/programme\/danse-avec-les-stars-d1081809778\" target=\"_blank\" rel=\"noopener\" data-gtm-custom-categorie=\"navigation\" data-gtm-custom-action=\"crossclick\" data-gtm-custom-label=\"Contextuel\" data-gtm-event=\"customEventSPE\"><strong>\u00abDanse avec les stars\u00bb<\/strong><\/a> \u00a0en Isra\u00ebl (\u00abRokdim Im Kokhavim\u00bb), les deux danseurs professionnels ont enflamm\u00e9 les r\u00e9seaux sociaux. Le week-end dernier, \u00e0 l\u2019occasion de la diffusion du dernier \u00e9pisode de la onzi\u00e8me saison du show, deux participants se sont grim\u00e9s en\u00a0<a href=\"https:\/\/www.lefigaro.fr\/tag\/donald-trump\" target=\"_blank\" rel=\"noopener\" data-gtm-custom-categorie=\"navigation\" data-gtm-custom-action=\"crossclick\" data-gtm-custom-label=\"Contextuel\" data-gtm-event=\"customEventSPE\"><strong>Donald et Melania Trump<\/strong><\/a> .<\/p>\n<p class=\"fig-paragraph\">Et les performeurs n\u2019ont pas choisi d\u2019imiter le couple pr\u00e9sidentiel am\u00e9ricain dans n\u2019importe quelles tenues. Ils ont repris les v\u00eatements presque \u00e0 l\u2019identique que le pr\u00e9sident am\u00e9ricain et son \u00e9pouse portaient le 20 janvier dernier, lors de plusieurs bals en l\u2019honneur de l\u2019investiture du milliardaire.<\/p>\n<p>                                    <a class=\"fig-a11y-skip a11y-hidden\" href=\"#fig-a11y-skip-main-inarticle\"><br \/>\n        Passer la publicit\u00e9<br \/>\n    <\/a><\/p>\n<p class=\"fig-paragraph\">La d\u00e9cision quant \u00e0 la musique sur laquelle a dans\u00e9 le duo n\u2019est pas anodine non plus. YMCA des\u00a0<a href=\"https:\/\/www.lefigaro.fr\/tag\/village-people\" target=\"_blank\" rel=\"noopener\" data-gtm-custom-categorie=\"navigation\" data-gtm-custom-action=\"crossclick\" data-gtm-custom-label=\"Contextuel\" data-gtm-event=\"customEventSPE\">Village People<\/a>. Le titre pr\u00e9f\u00e9r\u00e9 de Donald Trump, devenu l\u2019hymne de sa campagne pr\u00e9sidentielle, malgr\u00e9 le message de mixit\u00e9 raciale de la chanson. Le pr\u00e9sident am\u00e9ricain a maintes fois chant\u00e9 et dans\u00e9 sur le refrain mondialement connu. Des pas de danse repris par le duo Isra\u00e9lien.<\/p>\n<p class=\"fig-paragraph\">Une prestation d\u2019une minute et 43 secondes seulement, qui a fortement divis\u00e9 les internautes, la jugeant plus politique qu\u2019artistique, malgr\u00e9 les bons commentaires des juges de l\u2019\u00e9mission. Certains se sont r\u00e9jouis du message d\u2019union entre l\u2019Isra\u00ebl et les \u00c9tats-Unis. \u00abC\u2019est super, en dehors des \u00c9tats-Unis, personne ne c\u00e9l\u00e8bre autant l\u2019Am\u00e9rique qu\u2019Isra\u00ebl\u00bb, peut-on lire dans les commentaires. D\u2019autres, en revanche, ont moins appr\u00e9ci\u00e9 la politisation du programme, qualifiant la danse de \u00abd\u00e9go\u00fbtante\u00bb.<\/p>\n<p class=\"fig-body-link\">\n            \u00c0 lire aussi<br \/>\n        <a class=\"fig-body-link__link\" href=\"http:\/\/tvmag.lefigaro.fr\/programme-tv\/actu-tele\/ce-n-est-pas-tres-juste-ana-riera-la-danseuse-d-adil-rami-reagit-a-la-victoire-de-lenie-dans-danse-avec-les-stars-20250501\" target=\"_blank\" data-fig-type=\"Article\" rel=\"noopener\" data-gtm-custom-categorie=\"navigation\" data-gtm-custom-action=\"crossclick\" data-gtm-custom-label=\"Contextuel\" data-gtm-event=\"customEventSPE\" data-fig-domain=\"TVMAG\">\u00abCe n\u2019est pas tr\u00e8s juste\u00bb\u00a0: Ana Riera, la danseuse d\u2019Adil Rami, r\u00e9agit \u00e0 la victoire de L\u00e9nie dans \u00abDanse avec les stars\u00bb<br \/>\n    <\/a>\n<\/p>\n<p class=\"fig-paragraph\">L\u2019\u00e9mission de danse n\u2019en est pas \u00e0 sa premi\u00e8re pol\u00e9mique. En 2019, lors de la 28e saison du show am\u00e9ricain, le pr\u00e9sentateur\u00a0<a href=\"https:\/\/tvmag.lefigaro.fr\/programme-tv\/programme\/phineas-et-ferb-le-show-f264210548\" target=\"_blank\" rel=\"noopener\" data-gtm-custom-categorie=\"navigation\" data-gtm-custom-action=\"crossclick\" data-gtm-custom-label=\"Contextuel\" data-gtm-event=\"customEventSPE\"><strong>Tom Bergeron<\/strong><\/a> \u00a0s\u2019\u00e9tait insurg\u00e9 contre la participation de<a href=\"https:\/\/www.lefigaro.fr\/tag\/sean-spicer\" target=\"_blank\" rel=\"noopener\" data-gtm-custom-categorie=\"navigation\" data-gtm-custom-action=\"crossclick\" data-gtm-custom-label=\"Contextuel\" data-gtm-event=\"customEventSPE\"><strong>\u00a0Sean Spicer<\/strong><\/a>, ancien porte-parole de la Maison-Blanche lors du premier mandat de Donald Trump, connu pour ses prises de position conservatrices radicales. L\u2019animateur avait critiqu\u00e9 publiquement le casting de cette saison, et a quitt\u00e9 le programme par la suite, d\u00e9clarant qu\u2019il aurait d\u00fb rester apolitique.<\/p>\n","protected":false},"excerpt":{"rendered":"Melania et Donald Trump lors du bal d\u2019investiture du 20 janvier 2025 Pool\/ABACA \u00c0 l\u2019occasion du dernier \u00e9pisode&hellip;\n","protected":false},"author":2,"featured_media":318638,"comment_status":"","ping_status":"","sticky":false,"template":"","format":"standard","meta":{"footnotes":""},"categories":[1356],"tags":[194,58,75,59,1011,27,664,252,1364],"class_list":{"0":"post-318637","1":"post","2":"type-post","3":"status-publish","4":"format-standard","5":"has-post-thumbnail","7":"category-television","8":"tag-danse-avec-les-stars","9":"tag-divertissement","10":"tag-donald-trump","11":"tag-entertainment","12":"tag-fr","13":"tag-france","14":"tag-israel","15":"tag-television","16":"tag-tv"},"share_on_mastodon":{"url":"https:\/\/pubeurope.com\/@fr\/115027228919606934","error":""},"_links":{"self":[{"href":"https:\/\/www.europesays.com\/fr\/wp-json\/wp\/v2\/posts\/318637","targetHints":{"allow":["GET"]}}],"collection":[{"href":"https:\/\/www.europesays.com\/fr\/wp-json\/wp\/v2\/posts"}],"about":[{"href":"https:\/\/www.europesays.com\/fr\/wp-json\/wp\/v2\/types\/post"}],"author":[{"embeddable":true,"href":"https:\/\/www.europesays.com\/fr\/wp-json\/wp\/v2\/users\/2"}],"replies":[{"embeddable":true,"href":"https:\/\/www.europesays.com\/fr\/wp-json\/wp\/v2\/comments?post=318637"}],"version-history":[{"count":0,"href":"https:\/\/www.europesays.com\/fr\/wp-json\/wp\/v2\/posts\/318637\/revisions"}],"wp:featuredmedia":[{"embeddable":true,"href":"https:\/\/www.europesays.com\/fr\/wp-json\/wp\/v2\/media\/318638"}],"wp:attachment":[{"href":"https:\/\/www.europesays.com\/fr\/wp-json\/wp\/v2\/media?parent=318637"}],"wp:term":[{"taxonomy":"category","embeddable":true,"href":"https:\/\/www.europesays.com\/fr\/wp-json\/wp\/v2\/categories?post=318637"},{"taxonomy":"post_tag","embeddable":true,"href":"https:\/\/www.europesays.com\/fr\/wp-json\/wp\/v2\/tags?post=318637"}],"curies":[{"name":"wp","href":"https:\/\/api.w.org\/{rel}","templated":true}]}}