{"id":318639,"date":"2025-08-14T12:56:09","date_gmt":"2025-08-14T12:56:09","guid":{"rendered":"https:\/\/www.europesays.com\/fr\/318639\/"},"modified":"2025-08-14T12:56:09","modified_gmt":"2025-08-14T12:56:09","slug":"nelly-furtado-nelly-fermelefrigo-nelly-lelephant-nelly-patate-la-chanteuse-de-retour-sur-scene-victime-de-commentaires-grossophobes","status":"publish","type":"post","link":"https:\/\/www.europesays.com\/fr\/318639\/","title":{"rendered":"Nelly Furtado &#8211; \u00ab\u00a0Nelly FermeleFrigo\u00a0\u00bb, \u00ab\u00a0Nelly l&rsquo;\u00e9l\u00e9phant\u00a0\u00bb, \u00ab\u00a0Nelly patate\u00a0\u00bb : la chanteuse, de retour sur sc\u00e8ne, victime de commentaires grossophobes"},"content":{"rendered":"<p>\u00ab\u00a0Maneater\u00a0\u00bb, \u00ab\u00a0I&rsquo;m Like a Bird\u00a0\u00bb, \u00ab\u00a0Promiscuous\u00a0\u00bb&#8230; Nelly Furtado a marqu\u00e9 les ann\u00e9es 2000 avec de nombreux tubes. Le retour de <a data-i13n=\"cpos:1;pos:1\" href=\"https:\/\/fr.style.yahoo.com\/sabrina-carpenter-humiliant-cette-chose-est-perturbante-ce-nest-pas-un-comportement-de-reine-de-lironie-la-pochette-de-son-nouvel-album-divise-ses-fans-112014824.html\" data-ylk=\"slk:la chanteuse;cpos:1;pos:1;elm:context_link;itc:0;sec:content-canvas;outcm:mb_qualified_link;_E:mb_qualified_link;ct:story;\" class=\"link  yahoo-link\" target=\"_blank\" rel=\"noopener\">la chanteuse<\/a> sur sc\u00e8ne, pour promouvoir son nouvel album, \u00ab\u00a07\u00a0\u00bb, sorti en 2024 apr\u00e8s sept ans d&rsquo;absence, en a donc r\u00e9joui plus d&rsquo;un. L&rsquo;artiste, consid\u00e9r\u00e9e comme un v\u00e9ritable <a data-i13n=\"cpos:2;pos:1\" href=\"https:\/\/fr.style.yahoo.com\/natalie-portman-denonce-la-facon-dont-elle-a-ete-sexualisee-tres-jeune-ca-ma-fait-peur-122616783.html\" data-ylk=\"slk:sex-symbol;cpos:2;pos:1;elm:context_link;itc:0;sec:content-canvas;outcm:mb_qualified_link;_E:mb_qualified_link;ct:story;\" class=\"link  yahoo-link\" target=\"_blank\" rel=\"noopener\">sex-symbol<\/a> il y a quelques ann\u00e9es (et parfois r\u00e9duite \u00e0 \u00e7a) a donc fait une apparition le 9 ao\u00fbt au festival Boardmasters au Royaume-Uni.<\/p>\n<p>V\u00eatue d&rsquo;un mini-short, de bottes hautes et de manches en fourrure verte, la chanteuse a partag\u00e9 le 12 ao\u00fbt sur Instagram des photos de sa performance. \u00ab\u00a0Tu \u00e9tais mon <a data-i13n=\"cpos:3;pos:1\" href=\"https:\/\/fr.style.yahoo.com\/pedro-pascal-cest-pour-me-tuer-ou-quoi-mon-celebrity-crush-la-boulangerie-tout-entiere-avec-son-dernier-shooting-le-chouchou-des-internautes-seduit-une-fois-de-plus-105429020.html\" data-ylk=\"slk:crush;cpos:3;pos:1;elm:context_link;itc:0;sec:content-canvas;outcm:mb_qualified_link;_E:mb_qualified_link;ct:story;\" class=\"link  yahoo-link\" target=\"_blank\" rel=\"noopener\">crush<\/a> quand j&rsquo;\u00e9tais un enfant dans les ann\u00e9es 2000 et tu l&rsquo;es encore aujourd&rsquo;hui bien s\u00fbr. Et je t&rsquo;aime\u00a0\u00bb, \u00ab\u00a0Comment est-ce possible qu&rsquo;elle soit devenue encore plus belle ?\u00a0\u00bb, \u00ab\u00a0On dirait que c&rsquo;\u00e9tait une performance merveilleuse d&rsquo;une chanteuse tr\u00e8s talentueuse et l\u00e9gendaire\u00a0\u00bb, se sont r\u00e9jouis ses admirateurs dans l&rsquo;espace commentaire.<\/p>\n<p>\u00ab\u00a0Avant, elle s&rsquo;envolait comme un oiseau\u00a0\u00bb<\/p>\n<p>Compliment\u00e9e, Nelly Furtado s&rsquo;est malheureusement aussi heurt\u00e9e \u00e0 beaucoup de remarques grossophobes. Certains internautes se sont permis de faire des jeux de mots de mauvais go\u00fbt, ou de l&rsquo;affubler de certains surnoms d\u00e9gradants tels que \u00ab\u00a0Nelly FermeleFrigo\u00a0\u00bb, \u00ab\u00a0Nelly l&rsquo;\u00e9l\u00e9phant\u00a0\u00bb, \u00ab\u00a0Nelly patate\u00a0\u00bb&#8230;<\/p>\n<p>\u00ab\u00a0Avant, elle s&rsquo;envolait comme un oiseau (en r\u00e9f\u00e9rence \u00e0 son titre \u00ab\u00a0I&rsquo;m Like a Bird\u00a0\u00bb ; ndlr)\u00a0\u00bb, a \u00e9crit un autre utilisateur. \u00ab\u00a0Hamburger ?\u00a0\u00bb, \u00ab\u00a0Elle a mang\u00e9 Timbaland (son producteur ; ndlr)\u00a0\u00bb, \u00ab\u00a0Mange moins !\u00a0\u00bb, se sont exclam\u00e9s plusieurs internautes, associant la prise de poids de l&rsquo;actrice au fait qu&rsquo;elle aurait n\u00e9cessairement mang\u00e9 davantage, alors que le fait de prendre des kilos en plus peut \u00eatre multifactoriel : cela peut \u00eatre li\u00e9 \u00e0 la s\u00e9dentarit\u00e9, \u00e0 de mauvaises habitudes alimentaires mais aussi \u00e0 des ant\u00e9c\u00e9dents familiaux, au vieillissement, \u00e0 une grossesse, \u00e0 des variations hormonales, \u00e0 l&rsquo;arr\u00eat du tabac, \u00e0 la prise de certains m\u00e9dicaments ou encore au manque de sommeil.<\/p>\n<p>\u00ab\u00a0Ils comparent une jeune adulte avec une femme m\u00e8re de 3 enfants\u00a0\u00bb<\/p>\n<p>\u00ab\u00a0\u00c0 quoi les gens s&rsquo;attendaient-ils ? Elle a grandi, ils comparent une jeune adulte de l&rsquo;\u00e9poque avec une femme adulte avec 3 enfants\u00a0\u00bb, a expliqu\u00e9 une internaute. Nelly Furtado a en effet eu une fille en 2003, \u00e0 l&rsquo;\u00e2ge de 24 ans, avec un ami de longue date devenu son compagnon. Le couple s&rsquo;est s\u00e9par\u00e9 en 2005. De 2017 \u00e0 2023, la chanteuse a partag\u00e9 la vie du rappeur am\u00e9ricain, Hodgy Beats avec qui elle a eu 2 enfants.<\/p>\n<p>D\u00e9but janvier, Nelly Furtado s&rsquo;\u00e9tait exprim\u00e9e <a data-i13n=\"cpos:4;pos:1\" href=\"https:\/\/www.instagram.com\/p\/DEcgyN-Rfge\/?img_index=8\" rel=\"nofollow noopener\" target=\"_blank\" data-ylk=\"slk:sur Instagram;cpos:4;pos:1;elm:context_link;itc:0;sec:content-canvas\" class=\"link \">sur Instagram<\/a> \u00e0 propos de l&rsquo;image qu&rsquo;elle pouvait renvoyer : \u00ab\u00a0Mon message pour la nouvelle ann\u00e9e 2025 est le suivant : exprimez-vous librement, c\u00e9l\u00e9brez votre individualit\u00e9 et sachez qu&rsquo;il est tout \u00e0 fait normal d&rsquo;\u00eatre satisfait de ce que vous voyez dans le miroir, et qu&rsquo;il est \u00e9galement normal de vouloir quelque chose de diff\u00e9rent. Nous sommes tous de mignons petits \u00eatres humains qui rebondissent sur la terre \u00e0 la recherche de c\u00e2lins.\u00a0\u00bb<\/p>\n<p><script async src=\"\/\/www.instagram.com\/embed.js\"><\/script><\/p>\n","protected":false},"excerpt":{"rendered":"\u00ab\u00a0Maneater\u00a0\u00bb, \u00ab\u00a0I&rsquo;m Like a Bird\u00a0\u00bb, \u00ab\u00a0Promiscuous\u00a0\u00bb&#8230; Nelly Furtado a marqu\u00e9 les ann\u00e9es 2000 avec de nombreux tubes. Le&hellip;\n","protected":false},"author":2,"featured_media":318640,"comment_status":"","ping_status":"","sticky":false,"template":"","format":"standard","meta":{"footnotes":""},"categories":[1355],"tags":[58,59,1011,27,45691,45693,45692,1361,873,45690],"class_list":{"0":"post-318639","1":"post","2":"type-post","3":"status-publish","4":"format-standard","5":"has-post-thumbnail","7":"category-musique","8":"tag-divertissement","9":"tag-entertainment","10":"tag-fr","11":"tag-france","12":"tag-im-like-a-bird","13":"tag-kieran-frost","14":"tag-lelephant","15":"tag-music","16":"tag-musique","17":"tag-nelly-furtado"},"share_on_mastodon":{"url":"","error":""},"_links":{"self":[{"href":"https:\/\/www.europesays.com\/fr\/wp-json\/wp\/v2\/posts\/318639","targetHints":{"allow":["GET"]}}],"collection":[{"href":"https:\/\/www.europesays.com\/fr\/wp-json\/wp\/v2\/posts"}],"about":[{"href":"https:\/\/www.europesays.com\/fr\/wp-json\/wp\/v2\/types\/post"}],"author":[{"embeddable":true,"href":"https:\/\/www.europesays.com\/fr\/wp-json\/wp\/v2\/users\/2"}],"replies":[{"embeddable":true,"href":"https:\/\/www.europesays.com\/fr\/wp-json\/wp\/v2\/comments?post=318639"}],"version-history":[{"count":0,"href":"https:\/\/www.europesays.com\/fr\/wp-json\/wp\/v2\/posts\/318639\/revisions"}],"wp:featuredmedia":[{"embeddable":true,"href":"https:\/\/www.europesays.com\/fr\/wp-json\/wp\/v2\/media\/318640"}],"wp:attachment":[{"href":"https:\/\/www.europesays.com\/fr\/wp-json\/wp\/v2\/media?parent=318639"}],"wp:term":[{"taxonomy":"category","embeddable":true,"href":"https:\/\/www.europesays.com\/fr\/wp-json\/wp\/v2\/categories?post=318639"},{"taxonomy":"post_tag","embeddable":true,"href":"https:\/\/www.europesays.com\/fr\/wp-json\/wp\/v2\/tags?post=318639"}],"curies":[{"name":"wp","href":"https:\/\/api.w.org\/{rel}","templated":true}]}}