{"id":318641,"date":"2025-08-14T12:57:11","date_gmt":"2025-08-14T12:57:11","guid":{"rendered":"https:\/\/www.europesays.com\/fr\/318641\/"},"modified":"2025-08-14T12:57:11","modified_gmt":"2025-08-14T12:57:11","slug":"lavenir-de-la-franchise-est-scelle-pour-toujours","status":"publish","type":"post","link":"https:\/\/www.europesays.com\/fr\/318641\/","title":{"rendered":"l&rsquo;avenir de la franchise est scell\u00e9 (pour toujours)"},"content":{"rendered":"<p><strong>Apr\u00e8s une grosse bataille dans l\u2019industrie, l\u2019avenir de <a href=\"https:\/\/www.ecranlarge.com\/films\/news\/jason-bourne-suite-reboot-saga-matt-damon\" data-type=\"post\" data-id=\"1298542\" rel=\"nofollow noopener\" target=\"_blank\">la saga Jason Bourne<\/a> a \u00e9t\u00e9 d\u00e9cid\u00e9 pour de bon.<\/strong><\/p>\n<p>Pour mesurer l\u2019importance d\u2019une \u00ab\u00a0marque\u00a0\u00bb \u00e0 Hollywood, il suffit de regarder comment les producteurs se battent pour elle. La saga <strong>Jason Bourne<\/strong> en est un bon exemple. Alors que tout semblait termin\u00e9 avec <strong><a href=\"https:\/\/www.ecranlarge.com\/films\/840702-vengeance-dans-la-peau-la\" data-type=\"films\" data-id=\"656116\" rel=\"nofollow noopener\" target=\"_blank\">La Vengeance dans la peau<\/a><\/strong> et la fin de la trilogie en 2007, il y a eu <strong><a href=\"https:\/\/www.ecranlarge.com\/films\/862657-jason-bourne-l-heritage\" data-type=\"films\" data-id=\"677905\" rel=\"nofollow noopener\" target=\"_blank\">Jason Bourne : L\u2019h\u00e9ritage<\/a><\/strong> <strong>en 2012 avec Jeremy Renner.<\/strong> Alors que <a href=\"https:\/\/www.ecranlarge.com\/personnalite\/653708-matt-damon\" data-type=\"people\" data-id=\"5556\" rel=\"nofollow noopener\" target=\"_blank\">Matt Damon<\/a> semblait \u00eatre de l\u2019histoire ancienne, il est <strong>revenu dans <a href=\"https:\/\/www.ecranlarge.com\/films\/949496-jason-bourne-5\" data-type=\"films\" data-id=\"684961\" rel=\"nofollow noopener\" target=\"_blank\">Jason Bourne<\/a> en 2016<\/strong>. Et m\u00eame si \u00e0 peu pr\u00e8s personne ne sait qu\u2019elle existe, il y a eu <strong>la s\u00e9rie prequel<\/strong> <strong>Treadstone<\/strong> en 2019.<\/p>\n<p>Mais depuis quelques ann\u00e9es, la machine s\u2019est enray\u00e9e. Le personnage d\u2019Aaron Cross incarn\u00e9 par Jeremy Renner a de toute \u00e9vidence \u00e9t\u00e9 oubli\u00e9, et le <a href=\"https:\/\/www.ecranlarge.com\/films\/news\/jason-bourne-6-matt-damon-mal-barre-realisateur\" data-type=\"link\" data-id=\"https:\/\/www.ecranlarge.com\/films\/news\/jason-bourne-6-matt-damon-mal-barre-realisateur\" rel=\"nofollow noopener\" target=\"_blank\"><strong>Jason Bourne 6<\/strong> avec Matt Damon<\/a> semblait avoir quelques probl\u00e8mes en coulisses malgr\u00e9 l\u2019annonce du r\u00e9alisateur Edward Berger (<strong>Conclave<\/strong>, <strong>\u00c0 l\u2019Ouest, rien de nouveau<\/strong>).<\/p>\n<p>                    <img decoding=\"async\" alt=\"\" class=\"wp-image-518375\" style=\"object-fit:cover;width:25px;height:25px\" src=\"https:\/\/www.ecranlarge.com\/content\/uploads\/2023\/09\/arrow-right-circle.svg\"\/><\/p>\n<p>Dernier gros probl\u00e8me en date : en mars 2025, apr\u00e8s 23 ans de bons et loyaux services chez Universal,\u00a0<strong>l\u2019espion \u00e9tait remis en vente<\/strong>\u00a0par WME, les ayants droits de Robert Ludlum g\u00e9r\u00e9s c\u00f4t\u00e9 cin\u00e9ma par le studio Captivate Entertainment. Le studio se retrouvait donc embarqu\u00e9 dans une baston de gros billets face \u00e0 des concurrents comme Netflix, Apple et Paramount pour garder le tr\u00e9sor. <strong>La sentence est enfin tomb\u00e9e, et l\u2019avenir de la saga a \u00e9t\u00e9 d\u00e9cid\u00e9, pour toujours.<\/strong><\/p>\n<p><a href=\"https:\/\/www.ecranlarge.com\/content\/uploads\/2025\/01\/oeoho9eu2wqkbowjmi3wwftyk8i.jpg\" rel=\"nofollow noopener\" target=\"_blank\"><\/p>\n<p><img loading=\"lazy\" decoding=\"async\" alt=\"LA VENGEANCE DANS LA PEAU matt damon\" src=\"https:\/\/www.europesays.com\/fr\/wp-content\/uploads\/2025\/08\/oeoho9eu2wqkbowjmi3wwftyk8i-1260x709.jpg\" width=\"1260\" height=\"709\"  \/><\/p>\n<p><\/a>Le kit mains libres qui n\u00e9cessite une main pas libreD\u00c9PASSER LES BOURNE<\/p>\n<p>Jason Bourne ne changera finalement pas de maison. Apr\u00e8s plusieurs mois de n\u00e9gociations, <strong>NBCUniversal a obtenu le Graal<\/strong> : tous les droits de la saga <strong>Jason Bourne<\/strong> (except\u00e9 les publications), qui compte un paquet de livres. Apr\u00e8s les trois premiers \u00e9crits par Robert Ludlum lui-m\u00eame, Eric Van Lustbader puis Brian Freeman ont pris la rel\u00e8ve jusqu\u2019\u00e0 aujourd\u2019hui, avec des titres aussi dr\u00f4les que\u00a0<strong>La Peur dans la peau<\/strong>,\u00a0<strong>La Trahison dans la peau<\/strong>,\u00a0<strong>Le Danger dans la peau<\/strong>,\u00a0<strong>La Mensonge dans la peau<\/strong>, ou encore\u00a0<strong>L\u2019Urgence dans la peau<\/strong>.<\/p>\n<p>D\u00e9tail de taille : <strong>NBCUniversal d\u00e9tient les droits de Jason Bourne pour toujours.<\/strong> C\u2019est donc une ultime bataille qui a \u00e9t\u00e9 remport\u00e9e. Peter Cramer, le patron d\u2019Universal Pictures, est \u00e9videmment heureux, comme il l\u2019a exprim\u00e9 dans un joli communiqu\u00e9 de victoire :<\/p>\n<blockquote class=\"wp-block-quote is-layout-flow wp-block-quote-is-layout-flow\">\n<p><strong>\u00ab\u00a0Depuis ses d\u00e9buts en 2002, l\u2019iconique franchise Bourne a refa\u00e7onn\u00e9 le genre de l\u2019espionnage avec des films r\u00e9volutionnaires qui ont impos\u00e9 de nouveaux standards pour l\u2019action au cin\u00e9ma. Nous sommes mobilis\u00e9s pour continuer \u00e0 \u00e9tendre l\u2019univers de Bourne dans le futur avec de nouvelles histoires excitantes pour un public \u00e0 travers le monde.\u00a0\u00bb<\/strong><\/p>\n<\/blockquote>\n<p><a href=\"https:\/\/www.ecranlarge.com\/content\/uploads\/2024\/10\/lkgbcnx42r1ffw829fcucrfb6ph.jpg\" rel=\"nofollow noopener\" target=\"_blank\"><\/p>\n<p><img loading=\"lazy\" decoding=\"async\" alt=\"matt damon jason bourne\" src=\"https:\/\/www.europesays.com\/fr\/wp-content\/uploads\/2025\/08\/lkgbcnx42r1ffw829fcucrfb6ph-630x354.jpg\" width=\"630\" height=\"354\"  \/><\/p>\n<p><\/a>\u00c9chec et MattNOUVELLE PARTIE DE 1000 BOURNE<\/p>\n<p>La d\u00e9cision des ayants droits de Robert Ludlum de mettre aux ench\u00e8res les droits de Jason Bourne a certainement r\u00e9veill\u00e9 tout le monde, et <strong>nul doute que NBCUniversal en fera une priorit\u00e9. <\/strong>Presque dix ann\u00e9es se sont \u00e9coul\u00e9es depuis <strong>Jason Bourne<\/strong>, qui marquait le retour de Matt Damon et le r\u00e9alisateur Paul Greengrass (<strong>La Mort dans la peau<\/strong>, <strong>La Vengeance dans la peau<\/strong>), et c\u2019est une \u00e9ternit\u00e9 \u00e0 Hollywood. Surtout quand le film a encaiss\u00e9 plus de 415 millions au box-office, pour un budget officiel de 120 millions.<\/p>\n<p>                    <img decoding=\"async\" alt=\"\" class=\"wp-image-518375\" style=\"object-fit:cover;width:25px;height:25px\" src=\"https:\/\/www.ecranlarge.com\/content\/uploads\/2023\/09\/arrow-right-circle.svg\"\/><\/p>\n<p><strong>Que se passe-t-il avec Jason Bourne 6 alors ?<\/strong> Fin 2023, le film \u00e9tait officiellement lanc\u00e9, avec Edward Berger sur le coup. Dans la foul\u00e9e, Matt Damon laissait entendre qu\u2019il \u00e9tait plus que pr\u00eat \u00e0 rempiler. Mais \u00e0 peine un an apr\u00e8s la grande annonce, les paroles du r\u00e9alisateur \u00e9taient tout sauf rassurantes chez Cinema Daily US :<\/p>\n<blockquote class=\"wp-block-quote is-layout-flow wp-block-quote-is-layout-flow\">\n<p><strong>\u00ab\u00a0Ce n\u2019est vraiment pas clair\u2026 si je fais ce film ou non. Je ne le fais pas actuellement. Et je ne sais vraiment pas si je le ferais dans le futur.\u00a0\u00bb<\/strong><\/p>\n<\/blockquote>\n<p><a href=\"https:\/\/www.ecranlarge.com\/content\/uploads\/2016\/04\/jason-bourne-5-jason-bourne-5-955449.jpg\" rel=\"nofollow noopener\" target=\"_blank\"><img loading=\"lazy\" decoding=\"async\" alt=\"Jason Bourne 5 : Jason Bourne 5\" class=\"wp-image-3341\" src=\"https:\/\/www.europesays.com\/fr\/wp-content\/uploads\/2025\/08\/jason-bourne-5-jason-bourne-5-955449-630x354.jpg\" width=\"630\" height=\"354\"  \/><\/a>Damon Slayer<\/p>\n<p>Ce flou pas tr\u00e8s artistique a peut-\u00eatre motiv\u00e9 les ayants droits de Robert Ludlum \u00e0 <strong>taper du poing sur la table pour r\u00e9veiller tout le monde<\/strong>. D\u2019autant que la concurrence ne dort pas, comme l\u2019a prouv\u00e9 <strong>Amazon en mettant la main sur la franchise James Bond<\/strong> en 2022 (en rachetant MGM), avant d\u2019en prendre le total contr\u00f4le cr\u00e9atif en 2025 (en d\u00e9gageant les producteurs historiques Barbara Broccoli et Michael G. Wilson, pour la modique somme d\u2019un milliard de dollars apparemment). R\u00e9sultat : <strong>007 reviendra bient\u00f4t au cin\u00e9ma<\/strong>, avec le r\u00e9alisateur Denis Villeneuve (<strong>Dune<\/strong>, <strong>Blade Runner 2049<\/strong>, <strong>Sicario<\/strong>). Un tr\u00e8s joli coup pour Amazon MGM Studios.<\/p>\n<p>Jason Bourne, lui, patine depuis trop longtemps. \u00c7a doit donc s\u2019exciter dans les bureaux d\u2019Universal pour rapidement <strong>mettre sur les rails un nouveau film, de pr\u00e9f\u00e9rence avec Matt Damon <\/strong>histoire de limiter les risques. On parie que \u00e7a va vite se concr\u00e9tiser pour se positionner face \u00e0 James Bond ?<\/p>\n","protected":false},"excerpt":{"rendered":"Apr\u00e8s une grosse bataille dans l\u2019industrie, l\u2019avenir de la saga Jason Bourne a \u00e9t\u00e9 d\u00e9cid\u00e9 pour de bon.&hellip;\n","protected":false},"author":2,"featured_media":318642,"comment_status":"","ping_status":"","sticky":false,"template":"","format":"standard","meta":{"footnotes":""},"categories":[1354],"tags":[58,59,1346,1011,27,1360],"class_list":{"0":"post-318641","1":"post","2":"type-post","3":"status-publish","4":"format-standard","5":"has-post-thumbnail","7":"category-films","8":"tag-divertissement","9":"tag-entertainment","10":"tag-films","11":"tag-fr","12":"tag-france","13":"tag-movies"},"share_on_mastodon":{"url":"https:\/\/pubeurope.com\/@fr\/115027237012196882","error":""},"_links":{"self":[{"href":"https:\/\/www.europesays.com\/fr\/wp-json\/wp\/v2\/posts\/318641","targetHints":{"allow":["GET"]}}],"collection":[{"href":"https:\/\/www.europesays.com\/fr\/wp-json\/wp\/v2\/posts"}],"about":[{"href":"https:\/\/www.europesays.com\/fr\/wp-json\/wp\/v2\/types\/post"}],"author":[{"embeddable":true,"href":"https:\/\/www.europesays.com\/fr\/wp-json\/wp\/v2\/users\/2"}],"replies":[{"embeddable":true,"href":"https:\/\/www.europesays.com\/fr\/wp-json\/wp\/v2\/comments?post=318641"}],"version-history":[{"count":0,"href":"https:\/\/www.europesays.com\/fr\/wp-json\/wp\/v2\/posts\/318641\/revisions"}],"wp:featuredmedia":[{"embeddable":true,"href":"https:\/\/www.europesays.com\/fr\/wp-json\/wp\/v2\/media\/318642"}],"wp:attachment":[{"href":"https:\/\/www.europesays.com\/fr\/wp-json\/wp\/v2\/media?parent=318641"}],"wp:term":[{"taxonomy":"category","embeddable":true,"href":"https:\/\/www.europesays.com\/fr\/wp-json\/wp\/v2\/categories?post=318641"},{"taxonomy":"post_tag","embeddable":true,"href":"https:\/\/www.europesays.com\/fr\/wp-json\/wp\/v2\/tags?post=318641"}],"curies":[{"name":"wp","href":"https:\/\/api.w.org\/{rel}","templated":true}]}}