{"id":318643,"date":"2025-08-14T12:58:08","date_gmt":"2025-08-14T12:58:08","guid":{"rendered":"https:\/\/www.europesays.com\/fr\/318643\/"},"modified":"2025-08-14T12:58:08","modified_gmt":"2025-08-14T12:58:08","slug":"a-peine-on-sort-on-est-piques-a-rueil-malmaison-les-moustiques-tigres-poussent-les-habitants-a-bout-actu-fr","status":"publish","type":"post","link":"https:\/\/www.europesays.com\/fr\/318643\/","title":{"rendered":"&quot;\u00c0 peine on sort, on est piqu\u00e9s&quot; : \u00e0 Rueil-Malmaison, les moustiques tigres poussent les habitants \u00e0 bout &#8211; Actu.fr"},"content":{"rendered":"<ol>\n<li><a href=\"https:\/\/news.google.com\/rss\/articles\/CBMi-AFBVV95cUxNOFotMGhtMVc5YjNhWWowOFBwV190WWdaNjlubkRMMFF0RzhWZnRhOE43X3YtQWZwQVR1T2RoVjRyUUR1Z1RmTU95MkVUeTNoTFdGMVNZOWVvcERXaVYyby03T3ZQMm9YNWFSTHp0enplTDdwalFONi1mWWdaNXdMZUpYdTQ0RUFXdU05VThSZmQwMVBkcjZKbmJmeEVEdUIwaTI4Q0JEX3IzSVlpV3BMbnN6SWZZSVFDRkhvQU1CR0FJTHY1bEdwZnFhblF3aGpXQTNValdhOTRNWXVOX0FGYjF2U21wanNZQXhIR0hWNDc1UmVDeXdYWQ?oc=5\" target=\"_blank\" rel=\"nofollow noopener\">\u00ab\u00a0\u00c0 peine on sort, on est piqu\u00e9s\u00a0\u00bb : \u00e0 Rueil-Malmaison, les moustiques tigres poussent les habitants \u00e0 bout<\/a>&nbsp;&nbsp;Actu.fr<\/li>\n<li><a href=\"https:\/\/news.google.com\/rss\/articles\/CBMiswFBVV95cUxQeGRPdXZQaTFoY0s1UW1KeGc1X240ZEVYdklpeWtSUDVyeURlQkVjU2p1aUhOYlFTVVlQemM1Sk53aHJSMEJWQlJ4ZzRqZm9QWmtuWjdGbFhUczJrMHVkWVY1SXg5RXRZVFp6LU5WY091WDhLNjBkZVIxNUVlaE1pUVhrYWFtWXF5MEN2LWJoLS1KSTNFQ2ZfdWh1cEp5Zk45bGtsbnFfS3ZPRXVZSnZCaDVMdw?oc=5\" target=\"_blank\" rel=\"nofollow noopener\">Langon : Des ateliers pour mieux se prot\u00e9ger du moustique tigre<\/a>&nbsp;&nbsp;Sud Ouest<\/li>\n<li><a href=\"https:\/\/news.google.com\/rss\/articles\/CBMikAJBVV95cUxPaEhrQktGSXR1cnBuM21qYURCQjkxc3p3ZmhFa2NuS28yMk9YZngwdXdHdXJYRkd5eFNTMnhmTXpDSjFyMUNNV280a2dJVDVjZEZhdnJpdzgyS08zWl92TV9SVmxPa1E1MnRsOEg5V2tXdTRFQ2doYU9Td3daaFRqUU9pMXBGMEYwZ1ZIdFlPcFFiNmNNc2lCME56RWx2VFZucUp6VkJXR1hDcDUyLTlKNU9wN0lHZUkwQXNHLWpHZWl5OTZTUGMxME1YR0hxWmdGbjA4a2ZSNDRUWjhMZ0NZWDRpcDVKaXJ5N2R0OENEazR0UFlCRDVoY21KYzYxeEt4ZTRESGZQTk1JeTFrZUZpZg?oc=5\" target=\"_blank\" rel=\"nofollow noopener\">Spray, citronnelle, bracelet diffuseur\u2026 Quel produit antimoustique est le plus efficace ?<\/a>&nbsp;&nbsp;Ouest-France<\/li>\n<li><a href=\"https:\/\/news.google.com\/rss\/articles\/CBMijwJBVV95cUxQOHZNYnNwM2ktWVdQNWVfS0Q5eEMzUVdXQlcyeHhSRjRydEZ6cU42RzZkdGlsUEJIOG5PcURXQkRRcl9raXNfMDlqSGN3a09ObW9jWE1wU3Q1OTNmN3pJUjBVeHRDa0xORDd2S3VrazZOZ0hZVFVxb2ZCcHVYOXdjOTFWbTlBZmIzVVEzMWgzcjdhb0NjZzdRT1dIdFhuNDBlLUlsSjB5WnNtQmJDUnRhWldRY3htWEd5azNRbUFlOWM0bUZBYWx5Q2hFc3JSVmxSeEthVnJwTmR0Um5OWEZXellXdUNfRVpTRXFFMzRHZ2VXZjdfaHV5dzdXTUhiMFdBQVh1NXBvcW1IRTI2dlBN?oc=5\" target=\"_blank\" rel=\"nofollow noopener\">\u00ab C\u2019est le combo parfait pour eux \u00bb : en \u00cele-de-France, pluies et chaleur assurent un bel \u00e9t\u00e9 aux moustiques<\/a>&nbsp;&nbsp;Le Parisien<\/li>\n<li><a href=\"https:\/\/news.google.com\/rss\/articles\/CBMivgFBVV95cUxPWUtxSDN6Qld0THM3SDhUSW1JWUNtZ2pNNmhDYjFIQW1TdTJCZjdWSmhlbnFNSVZTbWFkbUNyZElHOGJQU0E5c1R2QjRla2Rid1VLOGptU1NCUUJNNzBzUnZJN0xadWF6OVo4RjRLWnNvb3NHaTV5ajdHWW1mMkJoMG5DVkt3WlJjUzluRWRWWEV1MXFMYkVFeDBndDBLV01hZlBPSWlHSmhuSklxYjV5UDJERUJya1plQlU5el93?oc=5\" target=\"_blank\" rel=\"nofollow noopener\">Moustiques : pourquoi les orages et la canicule forment un cocktail id\u00e9al<\/a>&nbsp;&nbsp;RTL.fr<\/li>\n<\/ol>\n","protected":false},"excerpt":{"rendered":"\u00ab\u00a0\u00c0 peine on sort, on est piqu\u00e9s\u00a0\u00bb : \u00e0 Rueil-Malmaison, les moustiques tigres poussent les habitants \u00e0 bout&nbsp;&nbsp;Actu.fr&hellip;\n","protected":false},"author":2,"featured_media":1445,"comment_status":"","ping_status":"","sticky":false,"template":"","format":"standard","meta":{"footnotes":""},"categories":[10],"tags":[1011,27,72,71],"class_list":{"0":"post-318643","1":"post","2":"type-post","3":"status-publish","4":"format-standard","5":"has-post-thumbnail","7":"category-sante","8":"tag-fr","9":"tag-france","10":"tag-health","11":"tag-sante"},"share_on_mastodon":{"url":"https:\/\/pubeurope.com\/@fr\/115027240825329918","error":""},"_links":{"self":[{"href":"https:\/\/www.europesays.com\/fr\/wp-json\/wp\/v2\/posts\/318643","targetHints":{"allow":["GET"]}}],"collection":[{"href":"https:\/\/www.europesays.com\/fr\/wp-json\/wp\/v2\/posts"}],"about":[{"href":"https:\/\/www.europesays.com\/fr\/wp-json\/wp\/v2\/types\/post"}],"author":[{"embeddable":true,"href":"https:\/\/www.europesays.com\/fr\/wp-json\/wp\/v2\/users\/2"}],"replies":[{"embeddable":true,"href":"https:\/\/www.europesays.com\/fr\/wp-json\/wp\/v2\/comments?post=318643"}],"version-history":[{"count":0,"href":"https:\/\/www.europesays.com\/fr\/wp-json\/wp\/v2\/posts\/318643\/revisions"}],"wp:featuredmedia":[{"embeddable":true,"href":"https:\/\/www.europesays.com\/fr\/wp-json\/wp\/v2\/media\/1445"}],"wp:attachment":[{"href":"https:\/\/www.europesays.com\/fr\/wp-json\/wp\/v2\/media?parent=318643"}],"wp:term":[{"taxonomy":"category","embeddable":true,"href":"https:\/\/www.europesays.com\/fr\/wp-json\/wp\/v2\/categories?post=318643"},{"taxonomy":"post_tag","embeddable":true,"href":"https:\/\/www.europesays.com\/fr\/wp-json\/wp\/v2\/tags?post=318643"}],"curies":[{"name":"wp","href":"https:\/\/api.w.org\/{rel}","templated":true}]}}