{"id":318648,"date":"2025-08-14T13:01:18","date_gmt":"2025-08-14T13:01:18","guid":{"rendered":"https:\/\/www.europesays.com\/fr\/318648\/"},"modified":"2025-08-14T13:01:18","modified_gmt":"2025-08-14T13:01:18","slug":"ce-bug-persiste-et-microsoft-vous-demande-juste-de-lignorer","status":"publish","type":"post","link":"https:\/\/www.europesays.com\/fr\/318648\/","title":{"rendered":"ce bug persiste et Microsoft vous demande juste de l&rsquo;ignorer"},"content":{"rendered":"<p class=\"sc-29e2a271-0 jjhUrQ\">La posture adopt\u00e9e par Microsoft face \u00e0 ce dysfonctionnement n&rsquo;est pas sans rappeler celle adopt\u00e9e en juillet dernier avec l&rsquo;erreur du pare-feu Windows. \u00c0 ce moment-l\u00e0, l&rsquo;entreprise dirig\u00e9e par Satya Nadella avait d&rsquo;abord confirm\u00e9 l&rsquo;existence du probl\u00e8me en juillet, puis annonc\u00e9 par erreur sa r\u00e9solution lors du Patch Tuesday du m\u00eame mois, avant de finalement corriger le bug fin juillet.<\/p>\n<p class=\"sc-29e2a271-0 jjhUrQ\">Pour ce nouveau probl\u00e8me, Microsoft assure que ses \u00e9quipes travaillent sur un correctif qui sera d\u00e9ploy\u00e9 dans une prochaine mise \u00e0 jour, sans toutefois communiquer de calendrier pr\u00e9cis. L&rsquo;entreprise insiste sur le fait qu&rsquo;aucune action n&rsquo;est requise de la part des administrateurs informatiques ou des utilisateurs finaux. <\/p>\n<p class=\"sc-29e2a271-0 jjhUrQ\">En d&rsquo;autres termes, si vous \u00eates confront\u00e9 \u00e0 ce message d&rsquo;erreur depuis l&rsquo;Observateur d&rsquo;\u00e9v\u00e9nements, n&rsquo;en tenez tout simplement pas compte et patientez sagement la publication du correctif. Gageons \u00e0 pr\u00e9sent que le rem\u00e8de ne sera pas pire que le mal\u2026<\/p>\n","protected":false},"excerpt":{"rendered":"La posture adopt\u00e9e par Microsoft face \u00e0 ce dysfonctionnement n&rsquo;est pas sans rappeler celle adopt\u00e9e en juillet dernier&hellip;\n","protected":false},"author":2,"featured_media":318649,"comment_status":"","ping_status":"","sticky":false,"template":"","format":"standard","meta":{"footnotes":""},"categories":[7],"tags":[1011,27,43,40,41,39,42,44],"class_list":{"0":"post-318648","1":"post","2":"type-post","3":"status-publish","4":"format-standard","5":"has-post-thumbnail","7":"category-sciences-et-technologies","8":"tag-fr","9":"tag-france","10":"tag-science","11":"tag-science-and-technology","12":"tag-sciences","13":"tag-sciences-et-technologies","14":"tag-technologies","15":"tag-technology"},"share_on_mastodon":{"url":"https:\/\/pubeurope.com\/@fr\/115027252528630326","error":""},"_links":{"self":[{"href":"https:\/\/www.europesays.com\/fr\/wp-json\/wp\/v2\/posts\/318648","targetHints":{"allow":["GET"]}}],"collection":[{"href":"https:\/\/www.europesays.com\/fr\/wp-json\/wp\/v2\/posts"}],"about":[{"href":"https:\/\/www.europesays.com\/fr\/wp-json\/wp\/v2\/types\/post"}],"author":[{"embeddable":true,"href":"https:\/\/www.europesays.com\/fr\/wp-json\/wp\/v2\/users\/2"}],"replies":[{"embeddable":true,"href":"https:\/\/www.europesays.com\/fr\/wp-json\/wp\/v2\/comments?post=318648"}],"version-history":[{"count":0,"href":"https:\/\/www.europesays.com\/fr\/wp-json\/wp\/v2\/posts\/318648\/revisions"}],"wp:featuredmedia":[{"embeddable":true,"href":"https:\/\/www.europesays.com\/fr\/wp-json\/wp\/v2\/media\/318649"}],"wp:attachment":[{"href":"https:\/\/www.europesays.com\/fr\/wp-json\/wp\/v2\/media?parent=318648"}],"wp:term":[{"taxonomy":"category","embeddable":true,"href":"https:\/\/www.europesays.com\/fr\/wp-json\/wp\/v2\/categories?post=318648"},{"taxonomy":"post_tag","embeddable":true,"href":"https:\/\/www.europesays.com\/fr\/wp-json\/wp\/v2\/tags?post=318648"}],"curies":[{"name":"wp","href":"https:\/\/api.w.org\/{rel}","templated":true}]}}