{"id":318652,"date":"2025-08-14T13:03:10","date_gmt":"2025-08-14T13:03:10","guid":{"rendered":"https:\/\/www.europesays.com\/fr\/318652\/"},"modified":"2025-08-14T13:03:10","modified_gmt":"2025-08-14T13:03:10","slug":"plusieurs-sangliers-a-la-chair-bleu-fluo-decouverts-en-californie-les-chasseurs-inquiets","status":"publish","type":"post","link":"https:\/\/www.europesays.com\/fr\/318652\/","title":{"rendered":"Plusieurs sangliers \u00e0 la chair \u00ab\u00a0bleu fluo\u00a0\u00bb d\u00e9couverts en Californie, les chasseurs inquiets"},"content":{"rendered":"<p>Qu\u2019arrive-t-il aux <a href=\"https:\/\/www.20minutes.fr\/dossier\/sanglier\" class=\"c-link c-link--is-underlined\" rel=\"nofollow noopener\" target=\"_blank\">sangliers<\/a> de <a href=\"https:\/\/www.20minutes.fr\/dossier\/californie\" class=\"c-link c-link--is-underlined\" rel=\"nofollow noopener\" target=\"_blank\">Californie<\/a> (<a href=\"https:\/\/www.20minutes.fr\/monde\/etats-unis\/\" class=\"c-link c-link--is-underlined\" rel=\"nofollow noopener\" target=\"_blank\">\u00c9tats-Unis<\/a>)\u00a0? Depuis quelques mois, les <a href=\"https:\/\/www.20minutes.fr\/dossier\/chasseurs\" class=\"c-link c-link--is-underlined\" rel=\"nofollow noopener\" target=\"_blank\">chasseurs<\/a> ne cessent de tomber sur des <a href=\"https:\/\/www.20minutes.fr\/planete\/animaux\/\" class=\"c-link c-link--is-underlined\" rel=\"nofollow noopener\" target=\"_blank\">animaux<\/a> \u00e0 la chair bleu fluo, ce qui a r\u00e9cemment pouss\u00e9 le D\u00e9partement f\u00e9d\u00e9ral de la p\u00eache et de la <a href=\"https:\/\/www.20minutes.fr\/dossier\/faune\" class=\"c-link c-link--is-underlined\" rel=\"nofollow noopener\" target=\"_blank\">faune<\/a> (CDFW) \u00e0 lancer une alerte, rapporte le <a href=\"https:\/\/www.latimes.com\/california\/story\/2025-08-05\/exposure-to-rat-poison-turns-meat-of-wild-pigs-blue-authorities-in-monterey-county-warn\" target=\"_blank\" class=\"c-link c-link--is-underlined\" rel=\"nofollow noopener\">Los Angeles Times<\/a>.<\/p>\n<p>Les signalements ont commenc\u00e9 en mars dernier. Le g\u00e9rant d\u2019une entreprise sp\u00e9cialis\u00e9e dans la r\u00e9gulation de la faune a \u00e9t\u00e9 un des premiers \u00e0 abattre un sanglier \u00e0 la chair bleue. \u00ab\u00a0Je ne parle pas d\u2019un bleu l\u00e9ger\u00a0\u00bb, insiste-t-il. \u00ab\u00a0Je parle d\u2019un bleu fluo, d\u2019un bleu myrtille. C\u2019est juste fou.\u00a0\u00bb<\/p>\n<p class=\"mb-xxl@xs color-ultramarine font-weight-semi-bold@xs font-source-serif-pro heading-s@xs\">L\u2019acc\u00e8s \u00e0 ce contenu a \u00e9t\u00e9 bloqu\u00e9 afin de respecter votre choix de consentement<\/p>\n<p class=\"mb-m@xs text-l@xs\">En cliquant sur\u00ab J\u2019accepte \u00bb, vous acceptez le d\u00e9p\u00f4t de cookies par des services externes et aurez ainsi acc\u00e8s aux contenus de nos partenaires.<\/p>\n<p class=\"mb-xl@xs text-s@xs\">Plus d\u2019informations sur la page<a href=\"https:\/\/www.20minutes.fr\/gestion-cookies\" class=\"mx-xxs@xs color-ultramarine\" rel=\"nofollow noopener\" target=\"_blank\">Politique de gestion des cookies<\/a><\/p>\n<p>J\u2019accepteUn rodenticide de couleur bleu<\/p>\n<p>Selon les premiers \u00e9l\u00e9ments, le ph\u00e9nom\u00e8ne pourrait \u00eatre caus\u00e9 par le diphacinone, un <a href=\"https:\/\/www.20minutes.fr\/planete\/pesticides\/\" class=\"c-link c-link--is-underlined\" rel=\"nofollow noopener\" target=\"_blank\">pesticide<\/a> anticoagulant bleu utilis\u00e9 pour tuer les rongeurs. \u00ab\u00a0La faune peut \u00eatre expos\u00e9e par inadvertance aux rodenticides en mangeant les app\u00e2ts ou d\u2019autres animaux ayant ing\u00e9r\u00e9 le produit\u00a0\u00bb, rappelle le CDFW.<\/p>\n<p>Plusieurs sangliers ont en effet \u00e9t\u00e9 retrouv\u00e9s \u00e0 proximit\u00e9 de pi\u00e8ges, ou vus en train d\u2019essayer d\u2019atteindre <a href=\"https:\/\/www.20minutes.fr\/dossier\/poison\" class=\"c-link c-link--is-underlined\" rel=\"nofollow noopener\" target=\"_blank\">le poison<\/a> pour le manger. Les suid\u00e9s ne sont d\u2019ailleurs pas les seuls \u00e0 s\u2019int\u00e9resser au diphacinone, ce qui inqui\u00e8te \u00e0 la fois les chasseurs, les autorit\u00e9s et les d\u00e9fenseurs de l\u2019environnement.<\/p>\n<\/p>\n<p>Le diphacinone est interdit en Californie, \u00e0 moins d\u2019\u00eatre install\u00e9 par un technicien certifi\u00e9, une agence gouvernementale ou sur des sites agricoles. Par pr\u00e9caution, le CDFW invite les chasseurs \u00e0 ne plus consommer la viande du gibier abattu. Si plusieurs ingestions sont n\u00e9cessaires pour que le poison devienne dangereux, le rodenticide peut rester longtemps dans l\u2019organisme et causer des sympt\u00f4mes comme une l\u00e9thargie ou des probl\u00e8mes de concentration.<\/p>\n","protected":false},"excerpt":{"rendered":"Qu\u2019arrive-t-il aux sangliers de Californie (\u00c9tats-Unis)\u00a0? Depuis quelques mois, les chasseurs ne cessent de tomber sur des animaux&hellip;\n","protected":false},"author":2,"featured_media":318653,"comment_status":"","ping_status":"","sticky":false,"template":"","format":"standard","meta":{"footnotes":""},"categories":[5],"tags":[47,11,1867,2139,73,1011,27,14,74,12,2091,45694,39674,28],"class_list":{"0":"post-318652","1":"post","2":"type-post","3":"status-publish","4":"format-standard","5":"has-post-thumbnail","7":"category-international","8":"tag-actualite","9":"tag-actualites","10":"tag-animaux","11":"tag-californie","12":"tag-etats-unis","13":"tag-fr","14":"tag-france","15":"tag-international","16":"tag-monde","17":"tag-news","18":"tag-pesticides","19":"tag-poison","20":"tag-sanglier","21":"tag-world"},"share_on_mastodon":{"url":"https:\/\/pubeurope.com\/@fr\/115027260546959873","error":""},"_links":{"self":[{"href":"https:\/\/www.europesays.com\/fr\/wp-json\/wp\/v2\/posts\/318652","targetHints":{"allow":["GET"]}}],"collection":[{"href":"https:\/\/www.europesays.com\/fr\/wp-json\/wp\/v2\/posts"}],"about":[{"href":"https:\/\/www.europesays.com\/fr\/wp-json\/wp\/v2\/types\/post"}],"author":[{"embeddable":true,"href":"https:\/\/www.europesays.com\/fr\/wp-json\/wp\/v2\/users\/2"}],"replies":[{"embeddable":true,"href":"https:\/\/www.europesays.com\/fr\/wp-json\/wp\/v2\/comments?post=318652"}],"version-history":[{"count":0,"href":"https:\/\/www.europesays.com\/fr\/wp-json\/wp\/v2\/posts\/318652\/revisions"}],"wp:featuredmedia":[{"embeddable":true,"href":"https:\/\/www.europesays.com\/fr\/wp-json\/wp\/v2\/media\/318653"}],"wp:attachment":[{"href":"https:\/\/www.europesays.com\/fr\/wp-json\/wp\/v2\/media?parent=318652"}],"wp:term":[{"taxonomy":"category","embeddable":true,"href":"https:\/\/www.europesays.com\/fr\/wp-json\/wp\/v2\/categories?post=318652"},{"taxonomy":"post_tag","embeddable":true,"href":"https:\/\/www.europesays.com\/fr\/wp-json\/wp\/v2\/tags?post=318652"}],"curies":[{"name":"wp","href":"https:\/\/api.w.org\/{rel}","templated":true}]}}