{"id":318659,"date":"2025-08-14T13:10:07","date_gmt":"2025-08-14T13:10:07","guid":{"rendered":"https:\/\/www.europesays.com\/fr\/318659\/"},"modified":"2025-08-14T13:10:07","modified_gmt":"2025-08-14T13:10:07","slug":"panther-dauphin-falcon-les-ailes-de-la-marine-en-demonstration-a-toulon-ce-vendredi-15-aout-le-marin","status":"publish","type":"post","link":"https:\/\/www.europesays.com\/fr\/318659\/","title":{"rendered":"Panther, Dauphin, Falcon&#8230; Les ailes de la marine en d\u00e9monstration \u00e0 Toulon ce vendredi 15 ao\u00fbt &#8211; Le marin"},"content":{"rendered":"<ol>\n<li><a href=\"https:\/\/news.google.com\/rss\/articles\/CBMi_AFBVV95cUxQTmwyUUtJWmd0VUc1V2Z6OXVVU2hOZV91WWpQNWExckNLcC1aTGI4Q29HZzRUT28xdUJac0stSUFyb2l3anl5R3BNTlIzQlp0aExyOUVtR2ZtemtkX0FncHlwZXVGREtoNTY0cnBIb0dST2haOGlLd0ZHSUYzejh1SDhTM24xOEk0LXMwQWVKZjI0S0V3dXZvQWwxSjhvRUJVVFFCcDRZT3B2ZGx5VXRFaHpzTkd6X1NlcjJHQ1M4TU9SeFhIdkRVOU1xMlF3V3c3Z3FvZzcwZ28zWVhlYXlwNmQxUGw2ZUFNU0xYMnhWMW45aHZ2NHgtU3JXX0Y?oc=5\" target=\"_blank\" rel=\"nofollow noopener\">Panther, Dauphin, Falcon&#8230; Les ailes de la marine en d\u00e9monstration \u00e0 Toulon ce vendredi 15 ao\u00fbt<\/a>&nbsp;&nbsp;Le marin<\/li>\n<li><a href=\"https:\/\/news.google.com\/rss\/articles\/CBMi8AFBVV95cUxPci1wdlFINTdkdDdpcGNFNWVldUt4aFVyelEtdFZUSDNzbkJJLWxmN00zdV9tbDlma0VhdzVKdGpDRjR1SFNYRndaVUp3bzVQQ01tRUpJRnpibGtaaDNQcGhxVWFNc0FNUGNlZjBmZUVjTVFUQ1JmaUlJTnZNUkpOZmxnazdNSWp5cmtZZVRyVHBiTkwwNUc2dXZCRzRnZlAyYUoxZnNvb09nOVJRLVRoa1VsUGhEUW5GanoyYV9tZWZ0SUxkZV9HTi1GZm9XWW0xd3ptb2JtTnBjcEl5WU1jUHZkdVJ2OTJHcEZMRVdjOWU?oc=5\" target=\"_blank\" rel=\"nofollow noopener\">432 bombes et plus de 100 morts : l&rsquo;autre visage du 15 ao\u00fbt 1944 rest\u00e9 grav\u00e9 dans la m\u00e9moire de Sisteron<\/a>&nbsp;&nbsp;La Provence<\/li>\n<li><a href=\"https:\/\/news.google.com\/rss\/articles\/CBMiswFBVV95cUxQLWRiQzFGOHByOUk3ejl2QkJpZ1BCNnpHNktVM3I3TzFjMllGTGh6U0NQRXBoeVpkTy1fWkJJa1ZyYy1aalk5RjRkNUIxYjFNRmRWRUg3R1lDVklBcDVJcWk0VVFzZ08yaTcwUG0zWkVuSkxuOEtWenlQRXJfY0J1SVItQ202clR1NUdSaVNmdXlZampMVHBDUGtsbHhaSTA4OUptYXhWZGUzZ1RJUGpfc3pTY9IBuAFBVV95cUxPUndiUXNBWHJ1a2NYRm1Rc25XT280eGtvSnphNnphaUdGQTJ1eVFiTlJ2OE90Z3l6V1VRREw2c1dQb3YzVUgtRm9NWnNPY3hKd0VnTzQtdnVSaGxOSExRZjRBWmVtTjdFanpWMFpOZ0JBZGJPQlFkUVpHbHRUeEp5X2VEdGp0bWc1OUlIRnNkWF9SbHctWVE2eVBwaE90TmNsNTFaaTZRWktfOXVia2RBdy1EWXFmemhr?oc=5\" target=\"_blank\" rel=\"nofollow noopener\">81e anniversaire du d\u00e9barquement de Provence : le gouvernement multiplie les c\u00e9r\u00e9monies ce week-end<\/a>&nbsp;&nbsp;CNews<\/li>\n<li><a href=\"https:\/\/news.google.com\/rss\/articles\/CBMi5gFBVV95cUxONVNDNkxKZ2owQlVnYXNsNklLckZUTDA4WW1xRElWeUtTbXI1NjZ0M1ByUUlqRVNZdWRFdHZJRkthT01vOXNTTE80WmNFbFlibXlGd05SVkNrb1N4bk9WU2VnUG5heVZTNDBzT0VJWEVJSjNkQXhldVNTMThNVWlmYmtNb1VmN2x4TlFWcFpYb2stNFRuc2ZiQ2NyYVJBb3dmdGhTOVpDdVl2SE5FQS1KMm9GYzJ2dlBJT0ZkUlpjcmxhSGk1bmlQcU9hdmJZZDhZVFZTR1hkZTVmNWlJQnRPVkUxQmI0QdIB6gFBVV95cUxPLWdzNTlUdUcwN3ZZOF9PcUpvc0F2N0dIS3JOM0JJQVNIaU5XOG1kekp4cVFleFZKN1FnYXpOZHFpbGhvdWNRblBXRW0zZVNUdkZQMEQwOFVBay1ZVlNjX2ZqN2o4R2FGcGNmaE1CZWk4LVloMjNubVJwZTJoei1zSHpmTWNPN2t4WGFaQm83NDNPRnYwdVJySElRUmgxTnZQXzhFaEtCbGJGclBldWlsaEtCOThQSVhYZHlyLUZOY2VhOGtrMHhRdTQzZFRVYXg4Ni1xSGFCT19hLXdzUWYyME1FOEZDNTRTdWc?oc=5\" target=\"_blank\" rel=\"nofollow noopener\">Festivit\u00e9s du 15 ao\u00fbt et de la Lib\u00e9ration dans Var : le programme et toutes les dates des feux d&rsquo;artifices<\/a>&nbsp;&nbsp;frequence-sud.fr<\/li>\n<\/ol>\n","protected":false},"excerpt":{"rendered":"Panther, Dauphin, Falcon&#8230; Les ailes de la marine en d\u00e9monstration \u00e0 Toulon ce vendredi 15 ao\u00fbt&nbsp;&nbsp;Le marin 432&hellip;\n","protected":false},"author":2,"featured_media":1445,"comment_status":"","ping_status":"","sticky":false,"template":"","format":"standard","meta":{"footnotes":""},"categories":[9619],"tags":[1111,11,1777,674,1011,27,12,882,25,2310],"class_list":{"0":"post-318659","1":"post","2":"type-post","3":"status-publish","4":"format-standard","5":"has-post-thumbnail","7":"category-toulon","8":"tag-actu","9":"tag-actualites","10":"tag-eu","11":"tag-europe","12":"tag-fr","13":"tag-france","14":"tag-news","15":"tag-provence-alpes-cote-dazur","16":"tag-republique-francaise","17":"tag-toulon"},"share_on_mastodon":{"url":"https:\/\/pubeurope.com\/@fr\/115027287916535017","error":""},"_links":{"self":[{"href":"https:\/\/www.europesays.com\/fr\/wp-json\/wp\/v2\/posts\/318659","targetHints":{"allow":["GET"]}}],"collection":[{"href":"https:\/\/www.europesays.com\/fr\/wp-json\/wp\/v2\/posts"}],"about":[{"href":"https:\/\/www.europesays.com\/fr\/wp-json\/wp\/v2\/types\/post"}],"author":[{"embeddable":true,"href":"https:\/\/www.europesays.com\/fr\/wp-json\/wp\/v2\/users\/2"}],"replies":[{"embeddable":true,"href":"https:\/\/www.europesays.com\/fr\/wp-json\/wp\/v2\/comments?post=318659"}],"version-history":[{"count":0,"href":"https:\/\/www.europesays.com\/fr\/wp-json\/wp\/v2\/posts\/318659\/revisions"}],"wp:featuredmedia":[{"embeddable":true,"href":"https:\/\/www.europesays.com\/fr\/wp-json\/wp\/v2\/media\/1445"}],"wp:attachment":[{"href":"https:\/\/www.europesays.com\/fr\/wp-json\/wp\/v2\/media?parent=318659"}],"wp:term":[{"taxonomy":"category","embeddable":true,"href":"https:\/\/www.europesays.com\/fr\/wp-json\/wp\/v2\/categories?post=318659"},{"taxonomy":"post_tag","embeddable":true,"href":"https:\/\/www.europesays.com\/fr\/wp-json\/wp\/v2\/tags?post=318659"}],"curies":[{"name":"wp","href":"https:\/\/api.w.org\/{rel}","templated":true}]}}