{"id":318661,"date":"2025-08-14T13:12:11","date_gmt":"2025-08-14T13:12:11","guid":{"rendered":"https:\/\/www.europesays.com\/fr\/318661\/"},"modified":"2025-08-14T13:12:11","modified_gmt":"2025-08-14T13:12:11","slug":"quels-sont-les-rendez-vous-eclectiques-des-festivites-estivales","status":"publish","type":"post","link":"https:\/\/www.europesays.com\/fr\/318661\/","title":{"rendered":"quels sont les rendez-vous \u00e9clectiques des festivit\u00e9s estivales\u00a0?"},"content":{"rendered":"<p>            Par<br \/>\n        <strong><br \/>\n            <a href=\"https:\/\/actu.fr\/auteur\/jm-aubert\" title=\"Consulter tous les articles de Jean-Marc Aubert\" rel=\"nofollow noopener\" target=\"_blank\">Jean-Marc Aubert<\/a><br \/>\n        <\/strong><\/p>\n<p>        Publi\u00e9 le<\/p>\n<p>            14 ao\u00fbt 2025 \u00e0 15h00<br \/>\n        ; mis \u00e0 jour le 14 ao\u00fbt 2025 \u00e0 15h06    <\/p>\n<p>L\u2019\u00e9t\u00e9 est en f\u00eate \u00e0 <strong>P\u00e9rols<\/strong>, au sud de Montpellier, avec une programmation riche et \u00e9clectique, pour les grands et les petits. Apr\u00e8s une nouvelle \u00e9dition des Mercredis du Terroir, ce 13 ao\u00fbt 2025, les festivit\u00e9s continuent avec ce jeudi 14 ao\u00fbt, la traditionnelle procession de la Vierge et \u00e0 la messe de l\u2019Assomption, sans oublier la <strong>roussata\u00efo<\/strong> et l\u2019\u00e9mouvant spectacle de la manade Vinuesa. Traditions et \u00e9motions pour cette soir\u00e9e sont au rendez-vous d\u00e8s 18h, avec l\u2019encierro \u00e0 21h.<\/p>\n<p>    <a href=\"https:\/\/www.google.com\/maps\/embed?pb=!1m18!1m12!1m3!1d8363.805190025465!2d3.9510791782347714!3d43.561090552821035!2m3!1f0!2f0!3f0!3m2!1i1024!2i768!4f13.1!3m3!1m2!1s0x12b6bb2f099e73b5%3A0x1af9d50e85787b45!2zQXLDqG5lcyBkZSBQw6lyb2xzJ_Cfj58!5e0!3m2!1sfr!2sfr!4v1755176144712!5m2!1sfr!2sfr\" title=\"Ouvrie le lien\" rel=\"nofollow noopener\" target=\"_blank\">Cliquez ici pour visualiser le contenu<\/a><\/p>\n<p class=\" wall-content\">\u00c0 18h, d\u00e9part de l\u2019\u00e9glise en coeur de ville jusqu\u2019aux ar\u00e8nes\u00a0municipales, avec la manade Renaud Vinuesa. \u00c0\u00a018h15, messe de l\u2019Assomption dans les ar\u00e8nes, suivie \u00e0 18h30 de l\u2019encierro.\u00a0<\/p>\n<p>    <img   decoding=\"async\" loading=\"lazy\" src=\"https:\/\/www.europesays.com\/fr\/wp-content\/uploads\/2025\/08\/533253693-1161940312624510-8876937030312743791-n-960x640.jpg\" alt=\"Le programme de cette journ\u00e9e festive \u00e0 P\u00e9rols \" width=\"960\" height=\"640\"\/><br \/>\n    Le programme de cette journ\u00e9e festive \u00e0 P\u00e9rols (\u00a9Ville de P\u00e9rols)<\/p>\n<p class=\" wall-content\">Jusqu\u2019\u00e0 la fin d\u2019ao\u00fbt, march\u00e9 traditionnel le samedi de 8h \u00e0 13h dans les rues du centre-ville, les Mercredis du Terroir le mercredi de 19h \u00e0 23h, en coeur de ville. \u00a0Vendredi 22 ao\u00fbt, nouvelle \u00e9dition de Cin\u00e9ma sous les \u00c9toiles, au Th\u00e9\u00e2tre de verdure, \u00e0 21h, o\u00f9 dimanche 24, sera donn\u00e9 le one-man-show de l\u2019humoriste Laurent Baffie \u00ab\u00a0Je me pose des questions\u00a0\u00bb. Rires garantis.<\/p>\n<p>Vid\u00e9os : en ce moment sur Actu<\/p>\n<p class=\" wall-content\">La ville et son maire en t\u00eate, <strong>Jean-Pierre Rico<\/strong> proposent \u00e9galement des concerts dans des quartiers. Le prochain aura lieu mercredi 27 ao\u00fbt, \u00e0 21h, sur une sc\u00e8ne dress\u00e9 dans la rue de la Salicorne avec le groupe de flamenco Teclao.\u00a0<\/p>\n<p class=\" wall-content\">Du vendredi 29 au dimanche 31 ao\u00fbt est programm\u00e9e la F\u00e9ria du Revivre 2025, avec encierro. La finale taureaux-bodegas est fix\u00e9e de 18h \u00e0 23h. Suivront une encierro landaise \u00e0 18h, au boulodrome municipal dans le cadre des Vaches dans la ville. Dimanche 31, grand spectacle Art Toros Y Chevaux, \u00e0 21h aux ar\u00e8nes et abrivado longue avec deux manades.<\/p>\n<p class=\" wall-content\">Une course camarguaise avec June \u00e9tape du Troph\u00e9e de l\u2019Avenir se d\u00e9roulera aux ar\u00e8nes \u00e0 18h, avec \u00e0 20h, un festival d\u2019encierro avec deux manades. \u00c0 noter que les exploitants des <strong>bars<\/strong> et des <strong>restaurants<\/strong> mettent en place des animations devant leurs \u00e9tablissements, lors des rendez-vous festifs jusqu\u2019\u00e0 la fin du mois.<\/p>\n<p>C\u2019est quoi une roussataio ?<\/p>\n<p class=\" wall-content\">Connaissez-vous la roussata\u00efo\u00a0? Non, alors on vous dit tout : \u00a0c\u2019est une tradition camarguaise qui consiste en un l\u00e2cher de juments, avec leurs poulains de l\u2019ann\u00e9e, dans les rues d\u2019un village. En Proven\u00e7al, le mot \u201crosso\u201d d\u00e9signe la jument, et la \u201croussata\u00efo\u201d sa transhumance, encadr\u00e9e par des gardiens, avec des tenues traditionnelles et une messe gardianne. Un\u00a0spectacle, toujours tr\u00e8s impressionnant pour les novices qui enchantent les H\u00e9raultais, les Occitans et les touristes.<\/p>\n<p>&gt; Toutes les infos au 04 67 50 45 00 du lundi au vendredi de 8h30 \u00e0 12h et de 13h30 \u00e0 17h.<\/p>\n<p class=\" wall-content\">Suivez toute l\u2019actualit\u00e9 de vos villes et m\u00e9dias favoris en vous inscrivant \u00e0 <a href=\"https:\/\/moncompte.actu.fr\" title=\"D\u00e9couvez Mon Actu\" rel=\"nofollow noopener\" data-trk=\"{&quot;cta&quot;:{&quot;action&quot;:&quot;https:\\\/\\\/moncompte.actu.fr&quot;,&quot;category&quot;:&quot;mon compte&quot;,&quot;from&quot;:&quot;article footer&quot;,&quot;name&quot;:&quot;Mon actu&quot;,&quot;type&quot;:&quot;cta&quot;}}\" target=\"_blank\">Mon Actu<\/a>.<\/p>\n","protected":false},"excerpt":{"rendered":"Par Jean-Marc Aubert Publi\u00e9 le 14 ao\u00fbt 2025 \u00e0 15h00 ; mis \u00e0 jour le 14 ao\u00fbt 2025&hellip;\n","protected":false},"author":2,"featured_media":318662,"comment_status":"","ping_status":"","sticky":false,"template":"","format":"standard","meta":{"footnotes":""},"categories":[9599],"tags":[1111,11,1867,45176,1777,674,1011,27,1652,2208,12,2680,25],"class_list":{"0":"post-318661","1":"post","2":"type-post","3":"status-publish","4":"format-standard","5":"has-post-thumbnail","7":"category-montpellier","8":"tag-actu","9":"tag-actualites","10":"tag-animaux","11":"tag-corrida","12":"tag-eu","13":"tag-europe","14":"tag-fr","15":"tag-france","16":"tag-loisirs-culture","17":"tag-montpellier","18":"tag-news","19":"tag-occitanie","20":"tag-republique-francaise"},"share_on_mastodon":{"url":"https:\/\/pubeurope.com\/@fr\/115027296091989921","error":""},"_links":{"self":[{"href":"https:\/\/www.europesays.com\/fr\/wp-json\/wp\/v2\/posts\/318661","targetHints":{"allow":["GET"]}}],"collection":[{"href":"https:\/\/www.europesays.com\/fr\/wp-json\/wp\/v2\/posts"}],"about":[{"href":"https:\/\/www.europesays.com\/fr\/wp-json\/wp\/v2\/types\/post"}],"author":[{"embeddable":true,"href":"https:\/\/www.europesays.com\/fr\/wp-json\/wp\/v2\/users\/2"}],"replies":[{"embeddable":true,"href":"https:\/\/www.europesays.com\/fr\/wp-json\/wp\/v2\/comments?post=318661"}],"version-history":[{"count":0,"href":"https:\/\/www.europesays.com\/fr\/wp-json\/wp\/v2\/posts\/318661\/revisions"}],"wp:featuredmedia":[{"embeddable":true,"href":"https:\/\/www.europesays.com\/fr\/wp-json\/wp\/v2\/media\/318662"}],"wp:attachment":[{"href":"https:\/\/www.europesays.com\/fr\/wp-json\/wp\/v2\/media?parent=318661"}],"wp:term":[{"taxonomy":"category","embeddable":true,"href":"https:\/\/www.europesays.com\/fr\/wp-json\/wp\/v2\/categories?post=318661"},{"taxonomy":"post_tag","embeddable":true,"href":"https:\/\/www.europesays.com\/fr\/wp-json\/wp\/v2\/tags?post=318661"}],"curies":[{"name":"wp","href":"https:\/\/api.w.org\/{rel}","templated":true}]}}