{"id":318663,"date":"2025-08-14T13:13:10","date_gmt":"2025-08-14T13:13:10","guid":{"rendered":"https:\/\/www.europesays.com\/fr\/318663\/"},"modified":"2025-08-14T13:13:10","modified_gmt":"2025-08-14T13:13:10","slug":"lassistante-decole-maternelle-soupconnee-de-viols-remise-en-liberte-sous-controle-judiciaire","status":"publish","type":"post","link":"https:\/\/www.europesays.com\/fr\/318663\/","title":{"rendered":"L\u2019assistante d\u2019\u00e9cole maternelle soup\u00e7onn\u00e9e de viols remise en libert\u00e9 sous contr\u00f4le judiciaire"},"content":{"rendered":"<p>La cour d\u2019appel de <a href=\"https:\/\/www.20minutes.fr\/montpellier\/\" class=\"c-link c-link--is-underlined\" target=\"_blank\" rel=\"noopener\">Montpellier <\/a>a ordonn\u00e9, ce jeudi, la remise en libert\u00e9 sous contr\u00f4le judiciaire d\u2019une assistante d\u2019\u00e9cole maternelle soup\u00e7onn\u00e9e de viols et agressions sexuelles sur neuf enfants de trois \u00e0 quatre ans, a indiqu\u00e9 un avocat des parties civiles.<\/p>\n<p>Parmi les obligations de ce contr\u00f4le judiciaire figurent \u00ab\u00a0notamment celles de ne pas \u00eatre en contact avec les enfants et de ne plus r\u00e9sider dans l\u2019H\u00e9rault\u00a0\u00bb, a d\u00e9clar\u00e9 Marc Gallix, \u00e0 l\u2019issue d\u2019une courte audience \u00e0 huis clos.<\/p>\n<p>\u00ab\u00a0Je ne comprends pas pourquoi les enfants mentent\u00a0\u00bb<\/p>\n<p>Cette femme de 59 ans travaillait depuis octobre\u00a02024 comme agent territorial d\u2019une \u00e9cole maternelle (Atsem) de Vic-la-Gardiole (<a href=\"https:\/\/www.20minutes.fr\/societe\/herault\/\" class=\"c-link c-link--is-underlined\" target=\"_blank\" rel=\"noopener\">H\u00e9rault<\/a>), pr\u00e8s de <a href=\"https:\/\/www.20minutes.fr\/dossier\/sete\" class=\"c-link c-link--is-underlined\" target=\"_blank\" rel=\"noopener\">S\u00e8te<\/a>. Evoquant un complot, elle avait demand\u00e9 sa remise en libert\u00e9, mardi, deux semaines apr\u00e8s avoir \u00e9t\u00e9 mise en examen et plac\u00e9e en d\u00e9tention provisoire le 29\u00a0juillet \u00e0 la prison de <a href=\"https:\/\/www.20minutes.fr\/dossier\/nimes\" class=\"c-link c-link--is-underlined\" target=\"_blank\" rel=\"noopener\">N\u00eemes <\/a>(<a href=\"https:\/\/www.20minutes.fr\/societe\/gard\/\" class=\"c-link c-link--is-underlined\" target=\"_blank\" rel=\"noopener\">Gard<\/a>).<\/p>\n<p>Devant les juges comme lors de ses auditions par les gendarmes, elle avait ni\u00e9 les faits qui lui sont reproch\u00e9s. \u00ab\u00a0Je clame mon innocence, je ne comprends toujours pas pourquoi les enfants mentent, pourquoi les coll\u00e8gues mentent\u00a0\u00bb, s\u2019\u00e9tait-elle d\u00e9fendue, selon le PV des auditions, dont <a href=\"https:\/\/www.midilibre.fr\/2025\/08\/13\/info-midi-libre-viols-a-lecole-de-vic-la-gardiole-pourquoi-les-enfants-mentent-ce-que-latsem-a-dit-aux-enqueteurs-12874167.php\" target=\"_blank\" class=\"c-link c-link--is-underlined\" rel=\"noopener\">Midi Libre<\/a> avait pu lire un extrait.<\/p>\n<\/p>\n<p>Elle y d\u00e9non\u00e7ait aussi ses conditions de d\u00e9tention entre \u00ab\u00a0les menaces de mort et les insultes jour et nuit\u00a0\u00bb et ses probl\u00e8mes de sant\u00e9 accentu\u00e9s par les fortes chaleurs et la surpopulation carc\u00e9rale.<\/p>\n<p><a href=\"https:\/\/www.20minutes.fr\/dossier\/pedophilie\" class=\"c-link c-btn c-btn--primary\" target=\"_blank\" rel=\"noopener\">Notre dossier sur la p\u00e9docriminalit\u00e9<\/a><\/p>\n<p>Comme explication \u00e0 ces accusations, elle \u00e9voque son mode de vie, en dehors de l\u2019\u00e9cole. \u00ab\u00a0Je suis naturiste et libertine tout en \u00e9tant Atsem. Je n\u2019ai pas d\u2019autre hypoth\u00e8se\u00a0\u00bb pour tenter d\u2019expliquer ce qu\u2019elle consid\u00e8re comme un complot, a-t-elle \u00e9voqu\u00e9, selon Midi Libre. \u00ab\u00a0Elle b\u00e9n\u00e9ficie de la pr\u00e9somption d\u2019innocence, les examens psychologiques, notamment, des victimes, pourront accr\u00e9diter sa culpabilit\u00e9 ou non\u00a0\u00bb, a rappel\u00e9 l\u2019avocate g\u00e9n\u00e9rale, mardi.<\/p>\n","protected":false},"excerpt":{"rendered":"La cour d\u2019appel de Montpellier a ordonn\u00e9, ce jeudi, la remise en libert\u00e9 sous contr\u00f4le judiciaire d\u2019une assistante&hellip;\n","protected":false},"author":2,"featured_media":318664,"comment_status":"","ping_status":"","sticky":false,"template":"","format":"standard","meta":{"footnotes":""},"categories":[9599],"tags":[1111,47,11,847,1777,674,1011,27,2679,7089,303,2681,5758,2208,12,2682,2680,1974,25,14042],"class_list":{"0":"post-318663","1":"post","2":"type-post","3":"status-publish","4":"format-standard","5":"has-post-thumbnail","7":"category-montpellier","8":"tag-actu","9":"tag-actualite","10":"tag-actualites","11":"tag-enfant","12":"tag-eu","13":"tag-europe","14":"tag-fr","15":"tag-france","16":"tag-gard","17":"tag-herault","18":"tag-justice","19":"tag-languedoc-roussillon","20":"tag-maternelle","21":"tag-montpellier","22":"tag-news","23":"tag-nimes","24":"tag-occitanie","25":"tag-pedocriminalite","26":"tag-republique-francaise","27":"tag-sete"},"share_on_mastodon":{"url":"https:\/\/pubeurope.com\/@fr\/115027299795958145","error":""},"_links":{"self":[{"href":"https:\/\/www.europesays.com\/fr\/wp-json\/wp\/v2\/posts\/318663","targetHints":{"allow":["GET"]}}],"collection":[{"href":"https:\/\/www.europesays.com\/fr\/wp-json\/wp\/v2\/posts"}],"about":[{"href":"https:\/\/www.europesays.com\/fr\/wp-json\/wp\/v2\/types\/post"}],"author":[{"embeddable":true,"href":"https:\/\/www.europesays.com\/fr\/wp-json\/wp\/v2\/users\/2"}],"replies":[{"embeddable":true,"href":"https:\/\/www.europesays.com\/fr\/wp-json\/wp\/v2\/comments?post=318663"}],"version-history":[{"count":0,"href":"https:\/\/www.europesays.com\/fr\/wp-json\/wp\/v2\/posts\/318663\/revisions"}],"wp:featuredmedia":[{"embeddable":true,"href":"https:\/\/www.europesays.com\/fr\/wp-json\/wp\/v2\/media\/318664"}],"wp:attachment":[{"href":"https:\/\/www.europesays.com\/fr\/wp-json\/wp\/v2\/media?parent=318663"}],"wp:term":[{"taxonomy":"category","embeddable":true,"href":"https:\/\/www.europesays.com\/fr\/wp-json\/wp\/v2\/categories?post=318663"},{"taxonomy":"post_tag","embeddable":true,"href":"https:\/\/www.europesays.com\/fr\/wp-json\/wp\/v2\/tags?post=318663"}],"curies":[{"name":"wp","href":"https:\/\/api.w.org\/{rel}","templated":true}]}}