{"id":318665,"date":"2025-08-14T13:14:17","date_gmt":"2025-08-14T13:14:17","guid":{"rendered":"https:\/\/www.europesays.com\/fr\/318665\/"},"modified":"2025-08-14T13:14:17","modified_gmt":"2025-08-14T13:14:17","slug":"un-cycliste-au-coeur-dune-course-poursuite-contre-un-voleur-a-la-roulotte-a-la-demande-de-la-police","status":"publish","type":"post","link":"https:\/\/www.europesays.com\/fr\/318665\/","title":{"rendered":"Un cycliste au c\u0153ur d&rsquo;une course-poursuite contre un voleur \u00e0 la roulotte&#8230; \u00e0 la demande de la police"},"content":{"rendered":"<p class=\"article__intro\">Ce mercredi 13 ao\u00fbt vers 19 heures, alors qu&rsquo;un homme suspect\u00e9 de vol \u00e0 la roulotte est poursuivi dans les rues de Rouen par la police, les agents n&rsquo;ont pas h\u00e9sit\u00e9 \u00e0 demander l&rsquo;aide d&rsquo;un passant qui circulait \u00e0 v\u00e9lo \u00e9lectrique&#8230; L&rsquo;homme s&rsquo;est donc retrouv\u00e9 embarqu\u00e9 dans une v\u00e9ritable course-poursuite.<\/p>\n<p>\n      L\u2019actu des r\u00e9gions\n    <\/p>\n<p>\n      Chaque jour, un tour d\u2019horizon des principales infos de toutes les r\u00e9gions.\n    <\/p>\n<p>    France T\u00e9l\u00e9visions utilise votre adresse e-mail afin de vous envoyer la newsletter \u00ab\u00a0L\u2019actu des r\u00e9gions\u00a0\u00bb. Vous pouvez vous d\u00e9sinscrire \u00e0 tout moment via le lien en bas de cette newsletter. <a target=\"_blank\" href=\"https:\/\/www.francetelevisions.fr\/groupe\/confidentialite\/politique-de-confidentialite\/politique-de-confidentialite-de-france-televisions-6503\" rel=\"nofollow noopener\">Notre politique de confidentialit\u00e9<\/a><\/p>\n<p>Les faits se sont produits lors d&rsquo;une patrouille de la Brigade anticriminalit\u00e9 ce mercredi 13 ao\u00fbt vers 19h, qui circulait quai du Havre \u00e0 Rouen, indique une source polici\u00e8re.<\/p>\n<p>L&rsquo;\u00e9quipage de la BAC d\u00e9couvre une voiture dont la porte arri\u00e8re est ouverte et la vitre bris\u00e9e. Les policiers constatent la pr\u00e9sence d&rsquo;un individu dans le v\u00e9hicule.<\/p>\n<p>L&rsquo;un des agents descend de voiture. \u00c0 sa vue, celui qui est suspect\u00e9 de vol \u00e0 la roulotte s&rsquo;accroupit pour se dissimuler derri\u00e8re l&rsquo;engin \u00e0 la vitre cass\u00e9e. Puis, il prend la fuite.<\/p>\n<p>Les forces de l&rsquo;ordre partent \u00e0 sa poursuite. L&rsquo;homme traverse un boulevard puis se dirige vers la rue Saint-Eloi. L\u00e0, un homme circulant \u00e0 v\u00e9lo \u00e9lectrique passe. La police lui demande son aide.<\/p>\n<p>Le cycliste se met donc \u00e0 la poursuite de l&rsquo;individu en fuite sur les indications de la BAC.<\/p>\n<p>Les agents de l&rsquo;Etat demandent au cycliste d&rsquo;aller au-devant du fuyard pour qu&rsquo;il se retrouve pris en tenaille. Le fugitif est finalement interpell\u00e9.<\/p>\n<p>\u00c2g\u00e9 de 29 ans, il est plac\u00e9 en garde \u00e0 vue. Connu des services de police, il faisait d\u00e9j\u00e0 l&rsquo;objet d&rsquo;une fiche de recherche et \u00e9tait interdit de s\u00e9journer \u00e0 Rouen.<\/p>\n","protected":false},"excerpt":{"rendered":"Ce mercredi 13 ao\u00fbt vers 19 heures, alors qu&rsquo;un homme suspect\u00e9 de vol \u00e0 la roulotte est poursuivi&hellip;\n","protected":false},"author":2,"featured_media":318666,"comment_status":"","ping_status":"","sticky":false,"template":"","format":"standard","meta":{"footnotes":""},"categories":[9587],"tags":[1111,11,1777,674,1011,27,12,5161,25,9590],"class_list":{"0":"post-318665","1":"post","2":"type-post","3":"status-publish","4":"format-standard","5":"has-post-thumbnail","7":"category-rouen","8":"tag-actu","9":"tag-actualites","10":"tag-eu","11":"tag-europe","12":"tag-fr","13":"tag-france","14":"tag-news","15":"tag-normandie","16":"tag-republique-francaise","17":"tag-rouen"},"share_on_mastodon":{"url":"https:\/\/pubeurope.com\/@fr\/115027303657783285","error":""},"_links":{"self":[{"href":"https:\/\/www.europesays.com\/fr\/wp-json\/wp\/v2\/posts\/318665","targetHints":{"allow":["GET"]}}],"collection":[{"href":"https:\/\/www.europesays.com\/fr\/wp-json\/wp\/v2\/posts"}],"about":[{"href":"https:\/\/www.europesays.com\/fr\/wp-json\/wp\/v2\/types\/post"}],"author":[{"embeddable":true,"href":"https:\/\/www.europesays.com\/fr\/wp-json\/wp\/v2\/users\/2"}],"replies":[{"embeddable":true,"href":"https:\/\/www.europesays.com\/fr\/wp-json\/wp\/v2\/comments?post=318665"}],"version-history":[{"count":0,"href":"https:\/\/www.europesays.com\/fr\/wp-json\/wp\/v2\/posts\/318665\/revisions"}],"wp:featuredmedia":[{"embeddable":true,"href":"https:\/\/www.europesays.com\/fr\/wp-json\/wp\/v2\/media\/318666"}],"wp:attachment":[{"href":"https:\/\/www.europesays.com\/fr\/wp-json\/wp\/v2\/media?parent=318665"}],"wp:term":[{"taxonomy":"category","embeddable":true,"href":"https:\/\/www.europesays.com\/fr\/wp-json\/wp\/v2\/categories?post=318665"},{"taxonomy":"post_tag","embeddable":true,"href":"https:\/\/www.europesays.com\/fr\/wp-json\/wp\/v2\/tags?post=318665"}],"curies":[{"name":"wp","href":"https:\/\/api.w.org\/{rel}","templated":true}]}}