{"id":318667,"date":"2025-08-14T13:17:11","date_gmt":"2025-08-14T13:17:11","guid":{"rendered":"https:\/\/www.europesays.com\/fr\/318667\/"},"modified":"2025-08-14T13:17:11","modified_gmt":"2025-08-14T13:17:11","slug":"quand-les-montagnards-se-penchent-sur-les-glaciers","status":"publish","type":"post","link":"https:\/\/www.europesays.com\/fr\/318667\/","title":{"rendered":"Quand les montagnards se penchent sur les glaciers"},"content":{"rendered":"<p>Le dernier dossier th\u00e9matique publi\u00e9 par l\u2019association Mountain Wilderness apporte des \u00e9clairages sur le r\u00f4le et la place des glaciers, et invite \u00e0 tisser d\u2019autres liens avec ces \u00e9cosyst\u00e8mes.<\/p>\n<p>&gt; On sait d\u00e9j\u00e0 beaucoup de choses au sujet des glaciers. Mais quand l\u2019association de passionn\u00e9s de la montagne Mountain Wilderness consacre un dossier de vingt pages au sujet, force est de constater qu\u2019il y a encore de nombreux aspects \u00e0 d\u00e9couvrir. Glaciers, la fin des neiges \u00e9ternelles\u00a0? est un condens\u00e9 de connaissances, de donn\u00e9es et de r\u00e9flexions, \u00e0 mettre dans sa valise pour cet \u00e9t\u00e9. \u00c9dit\u00e9 \u00e0 3\u00a0500 exemplaires, ce support a pour enjeu de synth\u00e9tiser les connaissances et les propositions de scientifiques, d\u2019\u00e9lus, de salari\u00e9s de structures de gestion des espaces naturels ou de protection de l\u2019environnement.<\/p>\n<p>Communiquer, c\u2019est la cl\u00e9<\/p>\n<p>\u00ab\u00a0Proclamer 2025 Ann\u00e9e internationale de la pr\u00e9servation des glaciers est un hommage tardif \u00e0 ces g\u00e9ants de glace sur lesquels se sont fond\u00e9s non seulement notre pratique moderne de l\u2019alpinisme, mais aussi les textes et les actes fondateurs de la protection de la montagne en France\u00a0\u00bb, pr\u00e9cise d\u2019embl\u00e9e Mathieu Cr\u00e9tet, auteur de l\u2019\u00e9dito du dossier et charg\u00e9 de mission espaces prot\u00e9g\u00e9s pour Mountain Wilderness. \u00ab\u00a0Il est primordial de faire vivre le sujet dans les m\u00e9dias et cette Ann\u00e9e mondiale est une r\u00e9ussite de ce point de vue. Mais sur le volet politique ou concernant les actions concr\u00e8tes, il ne s\u2019est pas encore pass\u00e9 grand-chose. L\u2019\u00c9tat en reste encore au stade des annonces au sujet, par exemple, de la protection in situ des 132 glaciers fran\u00e7ais insuffisamment prot\u00e9g\u00e9s\u00a0\u00bb, ajoute-t-il.<\/p>\n<p>Ainsi fond fond fond<\/p>\n<p>La protection in situ fait partie des th\u00e9matiques rarement abord\u00e9es au sujet des glaciers et pr\u00e9sent\u00e9e dans ce dossier. \u00ab\u00a0Sans faire l\u2019impasse sur le volet scientifique nous avons voulu aborder des aspects moins bien connus du grand public, comme l\u2019aspect culturel des glaciers, les nouveaux \u00e9cosyst\u00e8mes qui \u00e9mergent, ou encore les impacts du retrait des glaciers sur la pratique de l\u2019alpinisme. Nous avons r\u00e9uni des experts tels les glaciologues Jean-Baptiste Bosson ou He\u00efdi Sevestre, le g\u00e9ographe Jacques Mourey, ou encore le peintre et alpiniste Philippe Mussatto\u00a0\u00bb, d\u00e9taille Mathieu Cr\u00e9tet.<\/p>\n<p><strong>Glaciers : chiffres cl\u00e9<br \/><\/strong>&#8211; On d\u00e9nombre 510 glaciers en France, dont 503 dans les Alpes et<br \/>7 dans les Pyr\u00e9n\u00e9es. L\u2019\u00e9tude Glacioclim estime qu\u2019il ne restera plus que 20 glaciers en 2050.<br \/>&#8211; Sur la derni\u00e8re d\u00e9cennie, la perte moyenne annuelle est 4 fois plus rapide (1,5 m\u00e8tre par an).<br \/>&#8211; L\u2019ann\u00e9e 2022 a enregistr\u00e9 une perte spectaculaire de 3,5\u00a0m\u00e8tres d\u2019\u00e9paisseur des glaciers fran\u00e7ais.<br \/>&#8211; Les fronts de la Mer de glace et du glacier d\u2019Argenti\u00e8re ont recul\u00e9 de 900\u00a0m\u00e8tres au cours des trois derni\u00e8res d\u00e9cennies.<\/p>\n","protected":false},"excerpt":{"rendered":"Le dernier dossier th\u00e9matique publi\u00e9 par l\u2019association Mountain Wilderness apporte des \u00e9clairages sur le r\u00f4le et la place&hellip;\n","protected":false},"author":2,"featured_media":318668,"comment_status":"","ping_status":"","sticky":false,"template":"","format":"standard","meta":{"footnotes":""},"categories":[9566],"tags":[1111,11,2430,1777,674,1011,27,2731,12,25],"class_list":{"0":"post-318667","1":"post","2":"type-post","3":"status-publish","4":"format-standard","5":"has-post-thumbnail","7":"category-grenoble","8":"tag-actu","9":"tag-actualites","10":"tag-auvergne-rhone-alpes","11":"tag-eu","12":"tag-europe","13":"tag-fr","14":"tag-france","15":"tag-grenoble","16":"tag-news","17":"tag-republique-francaise"},"share_on_mastodon":{"url":"https:\/\/pubeurope.com\/@fr\/115027315458277788","error":""},"_links":{"self":[{"href":"https:\/\/www.europesays.com\/fr\/wp-json\/wp\/v2\/posts\/318667","targetHints":{"allow":["GET"]}}],"collection":[{"href":"https:\/\/www.europesays.com\/fr\/wp-json\/wp\/v2\/posts"}],"about":[{"href":"https:\/\/www.europesays.com\/fr\/wp-json\/wp\/v2\/types\/post"}],"author":[{"embeddable":true,"href":"https:\/\/www.europesays.com\/fr\/wp-json\/wp\/v2\/users\/2"}],"replies":[{"embeddable":true,"href":"https:\/\/www.europesays.com\/fr\/wp-json\/wp\/v2\/comments?post=318667"}],"version-history":[{"count":0,"href":"https:\/\/www.europesays.com\/fr\/wp-json\/wp\/v2\/posts\/318667\/revisions"}],"wp:featuredmedia":[{"embeddable":true,"href":"https:\/\/www.europesays.com\/fr\/wp-json\/wp\/v2\/media\/318668"}],"wp:attachment":[{"href":"https:\/\/www.europesays.com\/fr\/wp-json\/wp\/v2\/media?parent=318667"}],"wp:term":[{"taxonomy":"category","embeddable":true,"href":"https:\/\/www.europesays.com\/fr\/wp-json\/wp\/v2\/categories?post=318667"},{"taxonomy":"post_tag","embeddable":true,"href":"https:\/\/www.europesays.com\/fr\/wp-json\/wp\/v2\/tags?post=318667"}],"curies":[{"name":"wp","href":"https:\/\/api.w.org\/{rel}","templated":true}]}}