{"id":318669,"date":"2025-08-14T13:18:10","date_gmt":"2025-08-14T13:18:10","guid":{"rendered":"https:\/\/www.europesays.com\/fr\/318669\/"},"modified":"2025-08-14T13:18:10","modified_gmt":"2025-08-14T13:18:10","slug":"tristan-labouteley-raconte-son-depart-soudain-de-lusap-pour-grenoble-ca-laisse-un-gout","status":"publish","type":"post","link":"https:\/\/www.europesays.com\/fr\/318669\/","title":{"rendered":"Tristan Labouteley raconte son d\u00e9part soudain de l&rsquo;USAP pour Grenoble : \u00ab\u00a0Ca laisse un go\u00fbt&#8230;\u00a0\u00bb"},"content":{"rendered":"<p>Le deuxi\u00e8me ligne Tristan Labouteley a soudainement quitt\u00e9 l\u2019USAP, cet \u00e9t\u00e9.<\/p>\n<p>En effet, ce-dernier s\u2019est engag\u00e9 en faveur du FC Grenoble, en Pro D2.<\/p>\n<p>Interrog\u00e9 via <a href=\"https:\/\/www.lindependant.fr\/2025\/08\/13\/top-14-partir-comme-ca-cela-laisse-un-gout-dinacheve-tristan-labouteley-revient-sur-son-depart-anticipe-de-lusap-pour-grenoble-12875006.php\" rel=\"nofollow noopener\" target=\"_blank\">L\u2019Ind\u00e9pendant<\/a>, le joueur de 30 ans a expliqu\u00e9 la raison de son d\u00e9part soudain de l\u2019USAP pour le FCG.<\/p>\n<p><strong>Clairement, il esp\u00e8re gagner du temps de jeu et relancer sa carri\u00e8re dans l\u2019Is\u00e8re. Extrait:<\/strong><\/p>\n<p>\u00c7a fait d\u00e9j\u00e0 depuis l\u2019an dernier qu\u2019on \u00e9tait en contact. C\u2019est vrai que je n\u2019avais pas trop de temps de jeu, surtout en fin de saison, donc c\u2019\u00e9tait un peu frustrant, mais \u00e7a ne s\u2019\u00e9tait pas fait. Et puis, finalement, \u00e7a s\u2019est acc\u00e9l\u00e9r\u00e9 sur ces dix derniers jours. <\/p>\n<p>Ils m\u2019ont appel\u00e9 parce qu\u2019ils \u00e9taient int\u00e9ress\u00e9s pour que je vienne. \u00c0 la base, je voulais continuer un peu \u00e0 Perpignan, voir comment \u00e7a allait se passer cette ann\u00e9e\u2026 Mais c\u2019est vrai qu\u2019ils m\u2019ont dit qu\u2019ils avaient besoin de quelqu\u2019un imm\u00e9diatement pour venir. Donc je n\u2019ai pas r\u00e9fl\u00e9chi longtemps. C\u2019est une bonne opportunit\u00e9 pour retrouver du temps de jeu.<\/p>\n<p><strong>Il ne le cache pas : tout est all\u00e9 tr\u00e8s vite. Extrait:<\/strong><\/p>\n<p>C\u2019est vrai que \u00e7a a \u00e9t\u00e9 un peu rapide, c\u2019est all\u00e9 vite ! En plus, c\u2019\u00e9tait pendant notre semaine de vacances, donc je n\u2019avais pas trop l\u2019occasion d\u2019en parler avec grand monde. En sachant que, dans le m\u00eame temps, il fallait que \u00e7a s\u2019encha\u00eene au niveau des papiers, etc. <\/p>\n<p>Donc j\u2019ai pr\u00e9venu Franck Az\u00e9ma, dans un premier temps, pour lui demander s\u2019il \u00e9tait d\u2019accord pour que je puisse partir. Et, une fois que j\u2019ai eu son feu vert, c\u2019est vrai que \u00e7a n\u2019a pas \u00e9t\u00e9 \u00e9vident. De partir apr\u00e8s huit ans au club\u2026 C\u2019est un peu particulier de partir comme \u00e7a, \u00e7a laisse un go\u00fbt\u2026 C\u2019est une page qui se tourne. Mais apr\u00e8s sept ans, c\u2019est normal que \u00e7a change.<\/p>\n<p><strong>Il faut dire qu\u2019avec les arriv\u00e9es de Peceli Yato, Jamie Ritchie, Mahamadou Diaby ou encore Matt\u00e9o Le Corvec, la concurrence allait devenir terrible, \u00e0 l\u2019USAP. Extrait:<\/strong><\/p>\n<p>\u00ab J\u2019aurais voulu montrer ce que je pouvais encore faire cette ann\u00e9e, mais objectivement, c\u2019\u00e9tait le bon choix pour retrouver du temps de jeu. \u00bb<\/p>\n","protected":false},"excerpt":{"rendered":"Le deuxi\u00e8me ligne Tristan Labouteley a soudainement quitt\u00e9 l\u2019USAP, cet \u00e9t\u00e9. En effet, ce-dernier s\u2019est engag\u00e9 en faveur&hellip;\n","protected":false},"author":2,"featured_media":318670,"comment_status":"","ping_status":"","sticky":false,"template":"","format":"standard","meta":{"footnotes":""},"categories":[9566],"tags":[1111,11,2430,1777,674,1011,27,2731,12,25],"class_list":{"0":"post-318669","1":"post","2":"type-post","3":"status-publish","4":"format-standard","5":"has-post-thumbnail","7":"category-grenoble","8":"tag-actu","9":"tag-actualites","10":"tag-auvergne-rhone-alpes","11":"tag-eu","12":"tag-europe","13":"tag-fr","14":"tag-france","15":"tag-grenoble","16":"tag-news","17":"tag-republique-francaise"},"share_on_mastodon":{"url":"https:\/\/pubeurope.com\/@fr\/115027319437454589","error":""},"_links":{"self":[{"href":"https:\/\/www.europesays.com\/fr\/wp-json\/wp\/v2\/posts\/318669","targetHints":{"allow":["GET"]}}],"collection":[{"href":"https:\/\/www.europesays.com\/fr\/wp-json\/wp\/v2\/posts"}],"about":[{"href":"https:\/\/www.europesays.com\/fr\/wp-json\/wp\/v2\/types\/post"}],"author":[{"embeddable":true,"href":"https:\/\/www.europesays.com\/fr\/wp-json\/wp\/v2\/users\/2"}],"replies":[{"embeddable":true,"href":"https:\/\/www.europesays.com\/fr\/wp-json\/wp\/v2\/comments?post=318669"}],"version-history":[{"count":0,"href":"https:\/\/www.europesays.com\/fr\/wp-json\/wp\/v2\/posts\/318669\/revisions"}],"wp:featuredmedia":[{"embeddable":true,"href":"https:\/\/www.europesays.com\/fr\/wp-json\/wp\/v2\/media\/318670"}],"wp:attachment":[{"href":"https:\/\/www.europesays.com\/fr\/wp-json\/wp\/v2\/media?parent=318669"}],"wp:term":[{"taxonomy":"category","embeddable":true,"href":"https:\/\/www.europesays.com\/fr\/wp-json\/wp\/v2\/categories?post=318669"},{"taxonomy":"post_tag","embeddable":true,"href":"https:\/\/www.europesays.com\/fr\/wp-json\/wp\/v2\/tags?post=318669"}],"curies":[{"name":"wp","href":"https:\/\/api.w.org\/{rel}","templated":true}]}}