{"id":31867,"date":"2025-04-17T14:30:10","date_gmt":"2025-04-17T14:30:10","guid":{"rendered":"https:\/\/www.europesays.com\/fr\/31867\/"},"modified":"2025-04-17T14:30:10","modified_gmt":"2025-04-17T14:30:10","slug":"ici-on-vend-des-materiaux-de-construction-doccasion","status":"publish","type":"post","link":"https:\/\/www.europesays.com\/fr\/31867\/","title":{"rendered":"ici, on vend des mat\u00e9riaux de construction d\u2019occasion"},"content":{"rendered":"<p class=\"insetTitle\">Pour l\u2019\u00c9pase, \u00ab\u00a0l\u2019objectif est d\u00e9j\u00e0 atteint\u00a0\u00bb<\/p>\n<p>L\u2019\u00c9pase (\u00c9tablissement public d\u2019am\u00e9nagement de Saint-\u00c9tienne) a pour objectif de transformer l\u2019ancienne zone d\u2019activit\u00e9s commerciales des Rochettes, d\u2019une surface de 2 hectares, \u00ab\u00a0en une entr\u00e9e de ville qualitative et productive\u00a0\u00bb. Il a d\u2019abord pour cela fallu engager sa destruction, pour un co\u00fbt financier de 2,1\u00a0millions d\u2019euros.<\/p>\n<p>Afin d\u2019all\u00e9ger le co\u00fbt environnemental de cette op\u00e9ration, l\u2019\u00e9tablissement, \u00ab\u00a0engag\u00e9 en faveur de la r\u00e9g\u00e9n\u00e9ration urbaine et de la r\u00e9silience des territoires\u00a0\u00bb, a envisag\u00e9 l\u2019ouverture de la mat\u00e9riauth\u00e8que.<\/p>\n<p>Le concept a trouv\u00e9 son public<\/p>\n<p>\u00ab\u00a0Pour aboutir \u00e0 cela, nos \u00e9quipes et les acteurs mobilis\u00e9s \u00e0 nos c\u00f4t\u00e9s ont d\u00fb r\u00e9fl\u00e9chir autrement, de la conception \u00e0 la mise en \u0153uvre op\u00e9rationnelle.\u00a0\u00bb Un premier curage a \u00e9t\u00e9 effectu\u00e9 pour retirer tout ce qui n\u2019\u00e9tait pas r\u00e9employable. Puis tous les \u00e9l\u00e9ments en bon \u00e9tat ont \u00e9t\u00e9 confi\u00e9s \u00e0 l\u2019association Aplomb et \u00e0 \u00c9comat, son p\u00f4le d\u00e9di\u00e9 au r\u00e9emploi. Soit 23 tonnes de mat\u00e9riaux en tous genres transf\u00e9r\u00e9s dans le magasin \u00e9ph\u00e9m\u00e8re\u00a0<a href=\"https:\/\/www.canva.com\/design\/DAGUM6RRTMw\/CUXUTxdnrf73r4uWc8ak3w\/view?utm_content=DAGUM6RRTMw&amp;utm_campaign=designshare&amp;utm_medium=link&amp;utm_source=editor\" target=\"_blank\" rel=\"noopener\">puis r\u00e9f\u00e9renc\u00e9s dans un catalogue en ligne.<\/a><\/p>\n<p>D\u00e8s les premiers jours apr\u00e8s l\u2019ouverture du 8\u00a0novembre 2024, plus de 8 de ces 23 tonnes avaient d\u00e9j\u00e0 \u00e9t\u00e9 vendues.<\/p>\n<p>\u00ab\u00a0Bien que l\u2019inscription dans une d\u00e9marche de r\u00e9emploi repr\u00e9sente un surco\u00fbt estim\u00e9 \u00e0 15\u00a0% par rapport \u00e0 une d\u00e9molition men\u00e9e de mani\u00e8re traditionnelle, le concept a trouv\u00e9 son public. Et l\u2019objectif initial de donner une seconde vie \u00e0 des mat\u00e9riaux issus des d\u00e9constructions, plut\u00f4t que de les int\u00e9grer au volume de d\u00e9chets du chantier, est d\u00e9j\u00e0 atteint pour l\u2019\u00c9pase.\u00a0\u00bb<\/p>\n<p>Apr\u00e8s cette ann\u00e9e d\u2019exp\u00e9rience, plus de 15\u00a0000\u00a0m\u00e8tres carr\u00e9s de foncier seront commercialis\u00e9s pour permettre \u00ab\u00a0la cr\u00e9ation d\u2019une zone d\u2019activit\u00e9s productives m\u00ealant artisanat et petite industrie\u00a0\u00bb.<\/p>\n","protected":false},"excerpt":{"rendered":"Pour l\u2019\u00c9pase, \u00ab\u00a0l\u2019objectif est d\u00e9j\u00e0 atteint\u00a0\u00bb L\u2019\u00c9pase (\u00c9tablissement public d\u2019am\u00e9nagement de Saint-\u00c9tienne) a pour objectif de transformer l\u2019ancienne&hellip;\n","protected":false},"author":2,"featured_media":31868,"comment_status":"","ping_status":"","sticky":false,"template":"","format":"standard","meta":{"footnotes":""},"categories":[9653],"tags":[1111,11,2430,7539,436,1777,674,107,1011,27,9588,3367,12,25,4001,10806],"class_list":{"0":"post-31867","1":"post","2":"type-post","3":"status-publish","4":"format-standard","5":"has-post-thumbnail","7":"category-saint-etienne","8":"tag-actu","9":"tag-actualites","10":"tag-auvergne-rhone-alpes","11":"tag-edition-loire-sud","12":"tag-environnement","13":"tag-eu","14":"tag-europe","15":"tag-fil-info","16":"tag-fr","17":"tag-france","18":"tag-ici-on-agit","19":"tag-loire","20":"tag-news","21":"tag-republique-francaise","22":"tag-saint-etienne","23":"tag-selection-de-la-redaction-42"},"share_on_mastodon":{"url":"https:\/\/pubeurope.com\/@fr\/114353787570811133","error":""},"_links":{"self":[{"href":"https:\/\/www.europesays.com\/fr\/wp-json\/wp\/v2\/posts\/31867","targetHints":{"allow":["GET"]}}],"collection":[{"href":"https:\/\/www.europesays.com\/fr\/wp-json\/wp\/v2\/posts"}],"about":[{"href":"https:\/\/www.europesays.com\/fr\/wp-json\/wp\/v2\/types\/post"}],"author":[{"embeddable":true,"href":"https:\/\/www.europesays.com\/fr\/wp-json\/wp\/v2\/users\/2"}],"replies":[{"embeddable":true,"href":"https:\/\/www.europesays.com\/fr\/wp-json\/wp\/v2\/comments?post=31867"}],"version-history":[{"count":0,"href":"https:\/\/www.europesays.com\/fr\/wp-json\/wp\/v2\/posts\/31867\/revisions"}],"wp:featuredmedia":[{"embeddable":true,"href":"https:\/\/www.europesays.com\/fr\/wp-json\/wp\/v2\/media\/31868"}],"wp:attachment":[{"href":"https:\/\/www.europesays.com\/fr\/wp-json\/wp\/v2\/media?parent=31867"}],"wp:term":[{"taxonomy":"category","embeddable":true,"href":"https:\/\/www.europesays.com\/fr\/wp-json\/wp\/v2\/categories?post=31867"},{"taxonomy":"post_tag","embeddable":true,"href":"https:\/\/www.europesays.com\/fr\/wp-json\/wp\/v2\/tags?post=31867"}],"curies":[{"name":"wp","href":"https:\/\/api.w.org\/{rel}","templated":true}]}}