{"id":318671,"date":"2025-08-14T13:19:13","date_gmt":"2025-08-14T13:19:13","guid":{"rendered":"https:\/\/www.europesays.com\/fr\/318671\/"},"modified":"2025-08-14T13:19:13","modified_gmt":"2025-08-14T13:19:13","slug":"27-points-de-suture-suite-a-une-violente-agression-au-cutter-pres-de-rennes","status":"publish","type":"post","link":"https:\/\/www.europesays.com\/fr\/318671\/","title":{"rendered":"\u00ab\u00a027 points de suture\u00a0\u00bb suite \u00e0 une violente agression au cutter, pr\u00e8s de Rennes"},"content":{"rendered":"<p>            Par<br \/>\n        <strong><br \/>\n            <a href=\"https:\/\/actu.fr\/auteur\/laurene-fertin\" title=\"Consulter tous les articles de Laur\u00e8ne Fertin\" rel=\"nofollow noopener\" target=\"_blank\">Laur\u00e8ne Fertin<\/a><br \/>\n        <\/strong><\/p>\n<p>        Publi\u00e9 le<\/p>\n<p>            14 ao\u00fbt 2025 \u00e0 10h36        <\/p>\n<p>Les faits se sont d\u00e9roul\u00e9s dans la commune de<strong> Vern-sur-Seiche<\/strong>, pr\u00e8s de Rennes, en Ille-et-Vilaine, mardi 12\u00a0ao\u00fbt 2025.<\/p>\n<p class=\" wall-content\">En d\u00e9but de soir\u00e9e, un homme de 36\u00a0ans s\u2019est fait agresser. \u00ab<strong>\u2009Un ou des coups de cutter<\/strong> au niveau du cou et de la joue\u2009\u00bb lui ont \u00e9t\u00e9 adress\u00e9s, indique Jean-Marie Blin, procureur adjoint de la R\u00e9publique de Rennes, \u00ab\u2009ayant n\u00e9cessit\u00e9 <strong>27 points de suture\u2009\u00bb<\/strong>.<\/p>\n<p>Connu des services<\/p>\n<p class=\" wall-content\">Selon Jean-Marie Blin, la personne mise en cause est un homme \u00e2g\u00e9 de <strong>38\u00a0ans<\/strong>. Ce dernier a d\u00e9j\u00e0 \u00e9t\u00e9 condamn\u00e9 pour des faits de violences. Il se trouve en \u00e9tat de <strong>r\u00e9cidive<\/strong> l\u00e9gale.<\/p>\n<p class=\" wall-content\">Il est d\u00e9f\u00e9r\u00e9 ce matin du jeudi 14\u00a0ao\u00fbt au parquet en vue <strong>d\u2019une comparution imm\u00e9diate.<\/strong><\/p>\n<p class=\" wall-content\">Suivez toute l\u2019actualit\u00e9 de vos villes et m\u00e9dias favoris en vous inscrivant \u00e0 <a href=\"https:\/\/moncompte.actu.fr\" title=\"D\u00e9couvez Mon Actu\" rel=\"nofollow noopener\" data-trk=\"{&quot;cta&quot;:{&quot;action&quot;:&quot;https:\\\/\\\/moncompte.actu.fr&quot;,&quot;category&quot;:&quot;mon compte&quot;,&quot;from&quot;:&quot;article footer&quot;,&quot;name&quot;:&quot;Mon actu&quot;,&quot;type&quot;:&quot;cta&quot;}}\" target=\"_blank\">Mon Actu<\/a>.<\/p>\n","protected":false},"excerpt":{"rendered":"Par Laur\u00e8ne Fertin Publi\u00e9 le 14 ao\u00fbt 2025 \u00e0 10h36 Les faits se sont d\u00e9roul\u00e9s dans la commune&hellip;\n","protected":false},"author":2,"featured_media":318672,"comment_status":"","ping_status":"","sticky":false,"template":"","format":"standard","meta":{"footnotes":""},"categories":[2821],"tags":[1111,11,829,1777,674,118,1011,27,303,12,584,25],"class_list":{"0":"post-318671","1":"post","2":"type-post","3":"status-publish","4":"format-standard","5":"has-post-thumbnail","7":"category-rennes","8":"tag-actu","9":"tag-actualites","10":"tag-bretagne","11":"tag-eu","12":"tag-europe","13":"tag-faits-divers","14":"tag-fr","15":"tag-france","16":"tag-justice","17":"tag-news","18":"tag-rennes","19":"tag-republique-francaise"},"share_on_mastodon":{"url":"https:\/\/pubeurope.com\/@fr\/115027323416322744","error":""},"_links":{"self":[{"href":"https:\/\/www.europesays.com\/fr\/wp-json\/wp\/v2\/posts\/318671","targetHints":{"allow":["GET"]}}],"collection":[{"href":"https:\/\/www.europesays.com\/fr\/wp-json\/wp\/v2\/posts"}],"about":[{"href":"https:\/\/www.europesays.com\/fr\/wp-json\/wp\/v2\/types\/post"}],"author":[{"embeddable":true,"href":"https:\/\/www.europesays.com\/fr\/wp-json\/wp\/v2\/users\/2"}],"replies":[{"embeddable":true,"href":"https:\/\/www.europesays.com\/fr\/wp-json\/wp\/v2\/comments?post=318671"}],"version-history":[{"count":0,"href":"https:\/\/www.europesays.com\/fr\/wp-json\/wp\/v2\/posts\/318671\/revisions"}],"wp:featuredmedia":[{"embeddable":true,"href":"https:\/\/www.europesays.com\/fr\/wp-json\/wp\/v2\/media\/318672"}],"wp:attachment":[{"href":"https:\/\/www.europesays.com\/fr\/wp-json\/wp\/v2\/media?parent=318671"}],"wp:term":[{"taxonomy":"category","embeddable":true,"href":"https:\/\/www.europesays.com\/fr\/wp-json\/wp\/v2\/categories?post=318671"},{"taxonomy":"post_tag","embeddable":true,"href":"https:\/\/www.europesays.com\/fr\/wp-json\/wp\/v2\/tags?post=318671"}],"curies":[{"name":"wp","href":"https:\/\/api.w.org\/{rel}","templated":true}]}}