{"id":318673,"date":"2025-08-14T13:20:11","date_gmt":"2025-08-14T13:20:11","guid":{"rendered":"https:\/\/www.europesays.com\/fr\/318673\/"},"modified":"2025-08-14T13:20:11","modified_gmt":"2025-08-14T13:20:11","slug":"jouer-comme-un-numero-10-et-marquer-comme-un-numero-9-de-zerbi-expose-ses-attentes-envers-gouiri","status":"publish","type":"post","link":"https:\/\/www.europesays.com\/fr\/318673\/","title":{"rendered":"\u00ab\u00a0Jouer comme un num\u00e9ro 10 et marquer comme un num\u00e9ro 9\u00a0\u00bb, De Zerbi expose ses attentes envers Gouiri"},"content":{"rendered":"<p>Roberto De Zerbi et Leonardo Balerdi se sont exprim\u00e9s devant les m\u00e9dias jeudi en amont de la premi\u00e8re journ\u00e9e de Ligue 1 et de leur match contre Rennes vendredi (20h45). Tous deux ont parl\u00e9 d&rsquo;Amine Gouiri, concurrenc\u00e9 \u00e0 son poste par le retour de Pierre-Emerick Aubameyang.<\/p>\n<p>Quel num\u00e9ro 9 \u00e0 l&rsquo;OM? Arriv\u00e9 sur la Canebi\u00e8re lors du dernier mercato hivernal, <a href=\"https:\/\/rmcsport.bfmtv.com\/football\/ligue-1\/le-club-parfait-pour-moi-pourquoi-amine-gouiri-a-rejoint-l-om_AV-202502030550.html\" title=\"&quot;Le club parfait pour moi&quot;, pourquoi Amine Gouiri a rejoint l\u2019OM\" class=\"internal_link\" rel=\"nofollow noopener\" target=\"_blank\">Amine Gouiri<\/a> se retrouve avec un concurrent de taille \u00e0 ce poste en la personne de <a href=\"https:\/\/rmcsport.bfmtv.com\/football\/clubs\/olympique-marseille\/om-faites-nous-rever-le-message-d-aubameyang-aux-supporters-pour-son-retour-a-marseille_AV-202508010277.html\" title=\"OM: &quot;Faites-nous r\u00eaver&quot;, le message d&#039;Aubameyang aux supporters pour son retour \u00e0 Marseille\" class=\"internal_link\" rel=\"nofollow noopener\" target=\"_blank\">Pierre-Emerick Aubameyang<\/a>, qui a fait son grand retour au club phoc\u00e9en cet \u00e9t\u00e9 apr\u00e8s une ann\u00e9e en Arabie saoudite. Interrog\u00e9 sur les attentes qu&rsquo;il avait envers l&rsquo;ex-Rennais pour la saison \u00e0 venir, Roberto De Zerbi s&rsquo;est montr\u00e9 cash.<\/p>\n<p>\u00ab\u00a0Je lui demande de jouer comme un num\u00e9ro 10 et de marquer comme un num\u00e9ro 9. Ce n&rsquo;est pas facile mais il a les qualit\u00e9s pour pouvoir jouer avec l&rsquo;\u00e9quipe, avec ses co\u00e9quipiers comme un num\u00e9ro 10\u00a0\u00bb, a lanc\u00e9 <a href=\"https:\/\/rmcsport.bfmtv.com\/football\/roberto-de-zerbi_DN-202508100322.html\" title=\"Roberto De Zerbi\" class=\"internal_link\" rel=\"nofollow noopener\" target=\"_blank\">le technicien italien<\/a> en conf\u00e9rence de presse jeudi. \u00ab\u00a0Mais il doit encore travailler, il faut que je l&rsquo;aide \u00e0 \u00eatre un joueur qui marque tout le temps.\u00a0\u00bb<\/p>\n<p>\u00ab\u00a0J&rsquo;aimerais que Gouiri s&rsquo;inspire d&rsquo;Aubameyang\u00a0\u00bb<\/p>\n<p>Prolifique avec Al-Qadsiah la saison derni\u00e8re (21 buts en 36 matchs), Pierre-Emerick Aubameyang a \u00e9t\u00e9 accueilli <a href=\"https:\/\/rmcsport.bfmtv.com\/football\/transferts\/om-aux-armes-fumigenes-les-images-de-l-arrivee-d-aubameyang-a-l-aeroport-dans-une-ambiance-de-feu_AV-202507300481.html\" title=\"OM: &quot;Aux Armes&quot;, fumig\u00e8nes\u2026 les images de l\u2019arriv\u00e9e d&#039;Aubameyang \u00e0 l&#039;a\u00e9roport dans une ambiance de feu\" class=\"internal_link\" rel=\"nofollow noopener\" target=\"_blank\">en rock-star<\/a> par les supporters marseillais apr\u00e8s sa signature pour deux ans, lui qui avait quitt\u00e9 le club la saison derni\u00e8re. Et l&rsquo;international gabonais a d\u00e9j\u00e0 fait parler la poudre en inscrivant <a href=\"https:\/\/rmcsport.bfmtv.com\/football\/clubs\/olympique-marseille\/direct-om-aston-villa-suivez-le-dernier-match-de-preparation-des-marseillais-au-velodrome-en-live_LS-202508090037.html\" title=\"OM-Aston Villa: Marseille finit parfaitement sa pr\u00e9paration avec un doubl\u00e9 d&#039;Aubameyang et une fin de match tendue\" class=\"internal_link\" rel=\"nofollow noopener\" target=\"_blank\">un doubl\u00e9<\/a> lors du match amical contre Aston Villa (3-1) le 9 ao\u00fbt. A l&rsquo;inverse, Amine Gouiri n&rsquo;a inscrit qu&rsquo;un petit but en pr\u00e9paration (sur penalty contre G\u00e9rone, le 26 juillet). De quoi relancer le d\u00e9bat pour d\u00e9terminer lequel est le num\u00e9ro un?<\/p>\n<p>Roberto De Zerbi esp\u00e8re plut\u00f4t que de leur rivalit\u00e9 va na\u00eetre une \u00e9mulation saine, notamment pour <a href=\"https:\/\/rmcsport.bfmtv.com\/football\/clubs\/olympique-marseille\/om-un-triple-scandale-gouiri-sidere-par-la-non-nomination-de-de-zerbi-greenwood-et-rabiot-aux-trophees-unfp_AV-202505230841.html\" title=\"OM: &quot;Un triple scandale&quot;, Gouiri sid\u00e9r\u00e9 par la non-nomination de De Zerbi, Greenwood et Rabiot aux troph\u00e9es UNFP\" class=\"internal_link\" rel=\"nofollow noopener\" target=\"_blank\">Amine Gouiri.<\/a> \u00ab\u00a0Il tire bien et j&rsquo;aimerais que cette ann\u00e9e, il r\u00e9ussisse \u00e0 &lsquo;voler&rsquo; des buts d&rsquo;Aubameyang. Il y a des buts d&rsquo;Aubameyang qui semblent faciles mais en r\u00e9alit\u00e9, toute la pr\u00e9paration que fait Aubameyang pour \u00eatre l\u00e0, c&rsquo;est digne d&rsquo;un tr\u00e8s grand champion. Ce n&rsquo;est pas seulement un grand joueur, c&rsquo;est un champion, et j&rsquo;aimerais que Gouiri s&rsquo;inspire de cela. Je pense qu&rsquo;Aubameyang, lui aussi, quand il \u00e9tait jeune, a essay\u00e9 de prendre des informations par-ci, par-l\u00e0 d&rsquo;attaquants qui \u00e9taient plus \u00e2g\u00e9s que lui\u00a0\u00bb, a expos\u00e9 l&rsquo;entra\u00eeneur des Marseillais.<\/p>\n<p>\u00ab\u00a0Je vais l&rsquo;aider \u00e0 \u00eatre calme, \u00e0 avoir confiance\u00a0\u00bb<\/p>\n<p>Le capitaine de l&rsquo;\u00e9quipe, <a href=\"https:\/\/rmcsport.bfmtv.com\/football\/transferts\/om-balerdi-deja-totalement-emballe-par-le-retour-d-aubameyang_AV-202507290531.html\" title=\"OM: Balerdi d\u00e9j\u00e0 totalement emball\u00e9 par le retour d&#039;Aubameyang\" class=\"internal_link\" rel=\"nofollow noopener\" target=\"_blank\">Leonardo Balerdi<\/a>, a abond\u00e9 dans ce sens. \u00ab\u00a0Avec Amine, j&rsquo;ai une tr\u00e8s bonne relation. Il est tr\u00e8s professionnel, j&rsquo;aime comment il travaille, sa mani\u00e8re de penser, ses ambitions. Je vais l&rsquo;aider \u00e0 \u00eatre calme, \u00e0 avoir confiance. Ce n&rsquo;est pas facile quand un attaquant comme Aubameyang arrive. Mais on va aussi aider &lsquo;Auba&rsquo;, &lsquo;Auba&rsquo; va l&rsquo;aider aussi. S&rsquo;il y a une saine comp\u00e9tition, \u00e7a va le faire grandir. On va lui parler, l&rsquo;aider\u00a0\u00bb, a d\u00e9clar\u00e9 l&rsquo;Argentin lui aussi pr\u00e9sent en conf\u00e9rence de presse jeudi.<\/p>\n<p><img decoding=\"async\" src=\"https:\/\/www.europesays.com\/fr\/wp-content\/uploads\/2025\/05\/principale-92_4.jpg\"  alt=\"Aubameyang ou Gouiri, quel 9 pour l\u2019OM ? Ils peuvent \u00eatre compatibles selon Walid et K\u00e9vin \u2013 10\/08\" title=\"Aubameyang ou Gouiri, quel 9 pour l\u2019OM ? Ils peuvent \u00eatre compatibles selon Walid et K\u00e9vin \u2013 10\/08\"\/>Aubameyang ou Gouiri, quel 9 pour l\u2019OM ? Ils peuvent \u00eatre compatibles selon Walid et K\u00e9vin \u2013 10\/08<\/p>\n<p>Quoi qu&rsquo;il en soit, l&rsquo;OM poss\u00e8de d\u00e9sormais deux grands atouts en attaque: Amine Gouiri avait fait des premiers mois canon la saison derni\u00e8re sous ses nouvelles couleurs (10 buts en 14 matchs de Ligue 1), tandis que Pierre-Emerick Aubameyang avait inscrit 30 buts lors de sa premi\u00e8re saison avec les Phoc\u00e9ens, en 2023-2024. Les deux joueurs pourraient m\u00eame <a href=\"https:\/\/rmcsport.bfmtv.com\/replay-emissions\/after-foot\/video-om-ramener-un-mec-qui-te-titille-quel-numero-9-entre-gouri-et-aubameyang_VN-202508110271.html\" title=\"OM : &quot;Ramener un mec qui te titille&quot;, quel num\u00e9ro 9 entre Gouri et Aubameyang ?\" class=\"internal_link\" rel=\"nofollow noopener\" target=\"_blank\">\u00eatre associ\u00e9s<\/a> et jouer ensemble. Reste \u00e0 savoir quel sera le premier choix que Roberto De Zerbi fera, vendredi lors du d\u00e9placement \u00e0 Rennes (20h45) pour ouvrir la saison de Ligue 1.<\/p>\n<p>LP avec F.Ge \u00e0 Marseille<\/p>\n","protected":false},"excerpt":{"rendered":"Roberto De Zerbi et Leonardo Balerdi se sont exprim\u00e9s devant les m\u00e9dias jeudi en amont de la premi\u00e8re&hellip;\n","protected":false},"author":2,"featured_media":318674,"comment_status":"","ping_status":"","sticky":false,"template":"","format":"standard","meta":{"footnotes":""},"categories":[2821],"tags":[1111,11,829,1777,674,1011,27,12,584,25],"class_list":{"0":"post-318673","1":"post","2":"type-post","3":"status-publish","4":"format-standard","5":"has-post-thumbnail","7":"category-rennes","8":"tag-actu","9":"tag-actualites","10":"tag-bretagne","11":"tag-eu","12":"tag-europe","13":"tag-fr","14":"tag-france","15":"tag-news","16":"tag-rennes","17":"tag-republique-francaise"},"share_on_mastodon":{"url":"https:\/\/pubeurope.com\/@fr\/115027327616904755","error":""},"_links":{"self":[{"href":"https:\/\/www.europesays.com\/fr\/wp-json\/wp\/v2\/posts\/318673","targetHints":{"allow":["GET"]}}],"collection":[{"href":"https:\/\/www.europesays.com\/fr\/wp-json\/wp\/v2\/posts"}],"about":[{"href":"https:\/\/www.europesays.com\/fr\/wp-json\/wp\/v2\/types\/post"}],"author":[{"embeddable":true,"href":"https:\/\/www.europesays.com\/fr\/wp-json\/wp\/v2\/users\/2"}],"replies":[{"embeddable":true,"href":"https:\/\/www.europesays.com\/fr\/wp-json\/wp\/v2\/comments?post=318673"}],"version-history":[{"count":0,"href":"https:\/\/www.europesays.com\/fr\/wp-json\/wp\/v2\/posts\/318673\/revisions"}],"wp:featuredmedia":[{"embeddable":true,"href":"https:\/\/www.europesays.com\/fr\/wp-json\/wp\/v2\/media\/318674"}],"wp:attachment":[{"href":"https:\/\/www.europesays.com\/fr\/wp-json\/wp\/v2\/media?parent=318673"}],"wp:term":[{"taxonomy":"category","embeddable":true,"href":"https:\/\/www.europesays.com\/fr\/wp-json\/wp\/v2\/categories?post=318673"},{"taxonomy":"post_tag","embeddable":true,"href":"https:\/\/www.europesays.com\/fr\/wp-json\/wp\/v2\/tags?post=318673"}],"curies":[{"name":"wp","href":"https:\/\/api.w.org\/{rel}","templated":true}]}}