{"id":318675,"date":"2025-08-14T13:21:12","date_gmt":"2025-08-14T13:21:12","guid":{"rendered":"https:\/\/www.europesays.com\/fr\/318675\/"},"modified":"2025-08-14T13:21:12","modified_gmt":"2025-08-14T13:21:12","slug":"eurometropole-de-strasbourg-collecte-des-dechets-la-canicule-bouscule-les-horaires","status":"publish","type":"post","link":"https:\/\/www.europesays.com\/fr\/318675\/","title":{"rendered":"Eurom\u00e9tropole de Strasbourg. Collecte des d\u00e9chets, la canicule bouscule les horaires"},"content":{"rendered":"<p>  <strong>Ouverture des d\u00e9ch\u00e8teries fixes jusqu\u2019au 18\u00a0ao\u00fbt<\/strong><\/p>\n<p>En raison de <a href=\"https:\/\/www.dna.fr\/environnement\/2025\/08\/14\/canicule-fin-de-la-vigilance-rouge-75-departements-en-alerte-orange-ce-jeudi\" target=\"_blank\" rel=\"nofollow noopener\">la vigilance orange canicule<\/a>, les horaires des d\u00e9ch\u00e8teries fixes et mobiles sont modifi\u00e9s jusqu\u2019au lundi 18\u00a0ao\u00fbt inclus.<\/p>\n<p><strong>&#8211; Vendredi 15\u00a0ao\u00fbt<\/strong> (f\u00e9ri\u00e9)\u00a0: ouverture de 8\u00a0h \u00e0 12\u00a0h (dernier acc\u00e8s \u00e0 11\u00a0h\u00a045). Strasbourg Robertsau, Koenigshoffen, Wacken et Meinau et Ostwald La Vigie.<\/p>\n<p><strong>&#8211; Samedi 16\u00a0ao\u00fbt\u00a0:<\/strong> ouverture de toutes les d\u00e9ch\u00e8teries de 7\u00a0h \u00e0 17\u00a0h (dernier acc\u00e8s \u00e0 16\u00a0h\u00a045). D\u00e9ch\u00e8terie de Breuschwickersheim\u00a0: horaires habituels 8\u00a0h\u00a030 \u2013 12\u00a0h et 13\u00a0h\u00a030 \u2013 17\u00a0h.<\/p>\n<p><strong>&#8211; Dimanche 17\u00a0ao\u00fbt\u00a0:<\/strong> ouverture de 8\u00a0h \u00e0 12\u00a0h (dernier acc\u00e8s \u00e0 11\u00a0h\u00a045). Strasbourg Robertsau, Koenigshoffen, Wacken et Meinau et Ostwald La Vigie.<\/p>\n<p><strong>&#8211; Lundi 18\u00a0ao\u00fbt\u00a0: <\/strong> ouverture de toutes les d\u00e9ch\u00e8teries de 7\u00a0h \u00e0 17\u00a0h (dernier acc\u00e8s \u00e0 16\u00a0h\u00a045).<\/p>\n<p>Horaires actualis\u00e9s sur\u00a0: www.strasbourg.eu\/horaires-des-decheteries<\/p>\n<p>  <strong>Ouverture des d\u00e9ch\u00e8teries mobiles, samedi 16\u00a0ao\u00fbt et lundi 18\u00a0ao\u00fbt<\/strong><\/p>\n<p>Changement d\u2019horaires pour les d\u00e9ch\u00e8teries mobiles pour les communes de Mittelhausbergen, Oberschaeffolsheim, Mundolsheim et Holtzheim.<\/p>\n<p><strong>&#8211; Samedi 16\u00a0ao\u00fbt\u00a0:<\/strong> d\u00e9ch\u00e8teries mobiles sp\u00e9ciales v\u00e9g\u00e9taux. Mittelhausbergen\/Oberschaeffolsheim\u00a0: ouverture de 8\u00a0h \u00e0 15\u00a0h (au lieu de 10\u00a0h \u00e0 17\u00a0h).<\/p>\n<p><strong>&#8211; Lundi 18\u00a0ao\u00fbt\u00a0:<\/strong> d\u00e9ch\u00e8teries mobiles. Mundolsheim et Holtzheim\u00a0: ouverture de 10\u00a0h \u00e0 15\u00a0h (au lieu de 11\u00a0h \u00e0 19\u00a0h).<\/p>\n<p>  <strong>Collecte des d\u00e9chets<\/strong><\/p>\n<p>En raison du jour f\u00e9ri\u00e9 vendredi 15\u00a0ao\u00fbt, la collecte des d\u00e9chets ne pourra \u00eatre effectu\u00e9e aux dates habituelles.<\/p>\n<p>Pour l\u2019ensemble des communes de l\u2019Eurom\u00e9tropole de Strasbourg, toutes les collectes du vendredi 15\u00a0ao\u00fbt sont report\u00e9es au samedi 16\u00a0ao\u00fbt.<\/p>\n<p>Afin de garantir le bon fonctionnement de la collecte des d\u00e9chets, les habitants sont invit\u00e9s \u00e0 se reporter \u00e0 leur calendrier de collecte 2025, \u00e0 consulter le site internet www.strasbourg.eu ou \u00e0 contacter le n\u00b0 info d\u00e9chet au 03.68.98.51.90.<\/p>\n","protected":false},"excerpt":{"rendered":"Ouverture des d\u00e9ch\u00e8teries fixes jusqu\u2019au 18\u00a0ao\u00fbt En raison de la vigilance orange canicule, les horaires des d\u00e9ch\u00e8teries fixes&hellip;\n","protected":false},"author":2,"featured_media":318676,"comment_status":"","ping_status":"","sticky":false,"template":"","format":"standard","meta":{"footnotes":""},"categories":[2820],"tags":[1111,11,2880,436,1777,674,107,1011,27,775,12,25,640,2879],"class_list":{"0":"post-318675","1":"post","2":"type-post","3":"status-publish","4":"format-standard","5":"has-post-thumbnail","7":"category-strasbourg","8":"tag-actu","9":"tag-actualites","10":"tag-edition-strasbourg","11":"tag-environnement","12":"tag-eu","13":"tag-europe","14":"tag-fil-info","15":"tag-fr","16":"tag-france","17":"tag-grand-est","18":"tag-news","19":"tag-republique-francaise","20":"tag-strasbourg","21":"tag-strasbourg-ville"},"share_on_mastodon":{"url":"https:\/\/pubeurope.com\/@fr\/115027331251188979","error":""},"_links":{"self":[{"href":"https:\/\/www.europesays.com\/fr\/wp-json\/wp\/v2\/posts\/318675","targetHints":{"allow":["GET"]}}],"collection":[{"href":"https:\/\/www.europesays.com\/fr\/wp-json\/wp\/v2\/posts"}],"about":[{"href":"https:\/\/www.europesays.com\/fr\/wp-json\/wp\/v2\/types\/post"}],"author":[{"embeddable":true,"href":"https:\/\/www.europesays.com\/fr\/wp-json\/wp\/v2\/users\/2"}],"replies":[{"embeddable":true,"href":"https:\/\/www.europesays.com\/fr\/wp-json\/wp\/v2\/comments?post=318675"}],"version-history":[{"count":0,"href":"https:\/\/www.europesays.com\/fr\/wp-json\/wp\/v2\/posts\/318675\/revisions"}],"wp:featuredmedia":[{"embeddable":true,"href":"https:\/\/www.europesays.com\/fr\/wp-json\/wp\/v2\/media\/318676"}],"wp:attachment":[{"href":"https:\/\/www.europesays.com\/fr\/wp-json\/wp\/v2\/media?parent=318675"}],"wp:term":[{"taxonomy":"category","embeddable":true,"href":"https:\/\/www.europesays.com\/fr\/wp-json\/wp\/v2\/categories?post=318675"},{"taxonomy":"post_tag","embeddable":true,"href":"https:\/\/www.europesays.com\/fr\/wp-json\/wp\/v2\/tags?post=318675"}],"curies":[{"name":"wp","href":"https:\/\/api.w.org\/{rel}","templated":true}]}}