{"id":318677,"date":"2025-08-14T13:22:14","date_gmt":"2025-08-14T13:22:14","guid":{"rendered":"https:\/\/www.europesays.com\/fr\/318677\/"},"modified":"2025-08-14T13:22:14","modified_gmt":"2025-08-14T13:22:14","slug":"appel-a-temoins-apres-un-accident-sur-lautoroute-m35-dans-le-sens-strasbourg-colmar","status":"publish","type":"post","link":"https:\/\/www.europesays.com\/fr\/318677\/","title":{"rendered":"Appel \u00e0 t\u00e9moins apr\u00e8s un accident sur l&rsquo;autoroute M35 dans le sens Strasbourg-Colmar"},"content":{"rendered":"<p>La police du Bas-Rhin lance un appel \u00e0 t\u00e9moins ce jeudi apr\u00e8s un accident de circulation survenu le vendredi 8 ao\u00fbt dans la soir\u00e9e sur la M35. Deux v\u00e9hicules se sont percut\u00e9s avant de s&rsquo;immobiliser sur la bande d&rsquo;arr\u00eat d&rsquo;urgence. <\/p>\n<p>\u00ab\u00a0Nous avons besoin de t\u00e9moins pour avoir le fin mot de l&rsquo;histoire.\u00a0\u00bb <strong>La police du Bas-Rhin lance jeudi 14 ao\u00fbt un appel \u00e0 t\u00e9moins<\/strong> pour d\u00e9terminer les circonstances d&rsquo;un accident survenu vendredi 8 ao\u00fbt \u00e0 21h55 sur l&rsquo;autoroute M35.<\/p>\n<p>Ce soir-l\u00e0, un v\u00e9hicule Peugeot 207 SW de couleur noire a percut\u00e9 un v\u00e9hicule\u00a0Citro\u00ebn Berlingo de couleur blanche (v\u00e9hicule utilitaire de soci\u00e9t\u00e9 s\u00e9rigraphi\u00e9). La collision, <strong>qui n&rsquo;a fait aucun bless\u00e9<\/strong>, est survenue\u00a0dans le sens Strasbourg-Colmar, entre la maison d&rsquo;arr\u00eat de l&rsquo;Elsau et la sortie \u00ab\u00a0Baggersee\u00a0\u00bb.<\/p>\n<p>Une enqu\u00eate est en cours pour d\u00e9terminer les circonstances de l&rsquo;accident. D&rsquo;apr\u00e8s la police du Bas-Rhin, ce soir-l\u00e0, la circulation \u00e9tait importante sur la M35. Les forces de l&rsquo;ordre esp\u00e8rent trouver des t\u00e9moins. Si c&rsquo;est votre cas, et que vous disposez d&rsquo;une quelconque information, vous pouvez contacter les services de police au 06.80.67.23.61.<\/p>\n<p>\u00c0 lire aussi   <img decoding=\"async\" src=\"https:\/\/www.europesays.com\/fr\/wp-content\/uploads\/2025\/08\/560x315_sc_526515030-1167593102065854-6792739373529126951-n.jpg\" alt=\"Une voiture tombe dans une rivi\u00e8re \u00e0 Colmar.\" style=\"--_image-preview:url('data:image\/jpeg;base64,\/9j\/2wBDACgcHiMeGSgjISMtKygwPGRBPDc3PHtYXUlkkYCZlo+AjIqgtObDoKrarYqMyP\/L2u71\/\/\/\/m8H\/\/\/\/6\/+b9\/\/j\/2wBDASstLTw1PHZBQXb4pYyl+Pj4+Pj4+Pj4+Pj4+Pj4+Pj4+Pj4+Pj4+Pj4+Pj4+Pj4+Pj4+Pj4+Pj4+Pj4+Pj4+Pj\/wAARCAAXACoDASIAAhEBAxEB\/8QAGAAAAwEBAAAAAAAAAAAAAAAAAAECAwT\/xAAWEAEBAQAAAAAAAAAAAAAAAAAAARH\/xAAWAQEBAQAAAAAAAAAAAAAAAAAAAQL\/xAAVEQEBAAAAAAAAAAAAAAAAAAAAAf\/aAAwDAQACEQMRAD8A55VSoOCKKw4eAzsLGmDEEYcAaFRUAKDDwBhX\/9k=');\" loading=\"lazy\" fetchpriority=\"low\" aria-hidden=\"true\" class=\"svelte-1pnmlwx rounded\" onload=\"this.__e=event\" onerror=\"this.__e=event\"\/><\/p>\n","protected":false},"excerpt":{"rendered":"La police du Bas-Rhin lance un appel \u00e0 t\u00e9moins ce jeudi apr\u00e8s un accident de circulation survenu le&hellip;\n","protected":false},"author":2,"featured_media":318678,"comment_status":"","ping_status":"","sticky":false,"template":"","format":"standard","meta":{"footnotes":""},"categories":[2820],"tags":[1111,11,1777,674,1011,27,775,12,25,640],"class_list":{"0":"post-318677","1":"post","2":"type-post","3":"status-publish","4":"format-standard","5":"has-post-thumbnail","7":"category-strasbourg","8":"tag-actu","9":"tag-actualites","10":"tag-eu","11":"tag-europe","12":"tag-fr","13":"tag-france","14":"tag-grand-est","15":"tag-news","16":"tag-republique-francaise","17":"tag-strasbourg"},"share_on_mastodon":{"url":"https:\/\/pubeurope.com\/@fr\/115027335117955357","error":""},"_links":{"self":[{"href":"https:\/\/www.europesays.com\/fr\/wp-json\/wp\/v2\/posts\/318677","targetHints":{"allow":["GET"]}}],"collection":[{"href":"https:\/\/www.europesays.com\/fr\/wp-json\/wp\/v2\/posts"}],"about":[{"href":"https:\/\/www.europesays.com\/fr\/wp-json\/wp\/v2\/types\/post"}],"author":[{"embeddable":true,"href":"https:\/\/www.europesays.com\/fr\/wp-json\/wp\/v2\/users\/2"}],"replies":[{"embeddable":true,"href":"https:\/\/www.europesays.com\/fr\/wp-json\/wp\/v2\/comments?post=318677"}],"version-history":[{"count":0,"href":"https:\/\/www.europesays.com\/fr\/wp-json\/wp\/v2\/posts\/318677\/revisions"}],"wp:featuredmedia":[{"embeddable":true,"href":"https:\/\/www.europesays.com\/fr\/wp-json\/wp\/v2\/media\/318678"}],"wp:attachment":[{"href":"https:\/\/www.europesays.com\/fr\/wp-json\/wp\/v2\/media?parent=318677"}],"wp:term":[{"taxonomy":"category","embeddable":true,"href":"https:\/\/www.europesays.com\/fr\/wp-json\/wp\/v2\/categories?post=318677"},{"taxonomy":"post_tag","embeddable":true,"href":"https:\/\/www.europesays.com\/fr\/wp-json\/wp\/v2\/tags?post=318677"}],"curies":[{"name":"wp","href":"https:\/\/api.w.org\/{rel}","templated":true}]}}