{"id":318683,"date":"2025-08-14T13:26:22","date_gmt":"2025-08-14T13:26:22","guid":{"rendered":"https:\/\/www.europesays.com\/fr\/318683\/"},"modified":"2025-08-14T13:26:22","modified_gmt":"2025-08-14T13:26:22","slug":"un-important-trafic-de-drogue-demantele-a-nantes","status":"publish","type":"post","link":"https:\/\/www.europesays.com\/fr\/318683\/","title":{"rendered":"un important trafic de drogue d\u00e9mantel\u00e9 \u00e0 Nantes"},"content":{"rendered":"<p>            Par<br \/>\n        <strong><br \/>\n            <a href=\"https:\/\/actu.fr\/auteur\/emma-derome\" title=\"Consulter tous les articles de Emma Derome\" rel=\"nofollow noopener\" target=\"_blank\">Emma Derome<\/a><br \/>\n        <\/strong><\/p>\n<p>        Publi\u00e9 le<\/p>\n<p>            14 ao\u00fbt 2025 \u00e0 12h40        <\/p>\n<p>Ils alimentaient le quartier de Doulon-Botti\u00e8re, \u00e0 Nantes, en <a href=\"https:\/\/actu.fr\/pays-de-la-loire\/nantes_44109\/les-ecolos-proposent-que-nantes-experimente-la-legalisation-du-cannabis_60911631.html\" rel=\"nofollow noopener\" target=\"_blank\">cannabis<\/a>. Un <strong>gros r\u00e9seau d\u2019approvisionnement en stup\u00e9fiants<\/strong> men\u00e9 par <strong>deux fr\u00e8res<\/strong> \u00e2g\u00e9s de 23 et 26 ans, a \u00e9t\u00e9 d\u00e9mantel\u00e9 par les forces de l\u2019ordre dans la nuit du dimanche 10 au lundi 11 ao\u00fbt, dans le quartier mais aussi \u00e0 Basse-Goulaine (Loire-Atlantique).<\/p>\n<p>Des valises pleines de cannabis et de billets<\/p>\n<p class=\" wall-content\">L\u2019information a \u00e9t\u00e9 confirm\u00e9e ce mardi 14\u00a0ao\u00fbt par le procureur de la R\u00e9publique, apr\u00e8s des r\u00e9v\u00e9lations de nos confr\u00e8res de <a href=\"https:\/\/www.ouest-france.fr\/societe\/faits-divers\/au-sud-de-nantes-350-kg-de-cannabis-saisis-en-flagrant-delit-par-loffice-antistupefiants-et-la-bri-d15b825c-7852-11f0-86b5-962552fd955f?utm_source=troove&amp;utm_medium=site\" rel=\"nofollow noopener\" target=\"_blank\">Presse Oc\u00e9an<\/a> et <a href=\"https:\/\/www.ouest-france.fr\/societe\/faits-divers\/350-kg-de-drogue-clan-familial-neutralise-la-police-frappe-fort-a-nantes-apres-un-an-denquete-fe2c7e56-78d6-11f0-86b5-962552fd955f\" rel=\"nofollow noopener\" target=\"_blank\">Ouest France<\/a>. Le magistrat, Antoine Leroy, rapporte que gr\u00e2ce \u00e0 un <strong>\u00ab\u2009remarquable travail d\u2019enqu\u00eate\u2009\u00bb<\/strong>, les services de la police judiciaire nantaise ont r\u00e9ussi \u00e0 <strong>intercepter une importante livraison de stup\u00e9fiants<\/strong>.<\/p>\n<p class=\" wall-content\">Pas moins de <strong>10 valises<\/strong>, contenant un total de <strong>350\u00a0kg de r\u00e9sine de cannabis, 12\u2009600\u00a0euros et 3 armes \u00e0 feu<\/strong>, ainsi qu\u2019un total de <strong>10\u00a0kg d\u2019herbe de cannabis et des \u00ab\u2009dizaines de doses de coca\u00efne\u2009\u00bb<\/strong>, ont \u00e9t\u00e9 saisies \u00e0 la fois \u00e0 Basse-Goulaine, o\u00f9 se situait le domicile familial de la fratrie, et dans un appartement de la Botti\u00e8re, situ\u00e9 \u00ab\u2009\u00e0 une centaine de m\u00e8tres d\u2019un point de deal majeur de cette cit\u00e9\u2009\u00bb, et servant \u00ab\u2009d\u2019appartement nourrice\u2009\u00bb.<\/p>\n<p class=\" wall-content\">Le chargement de drogues saisi dans le sud de Nantes dans la nuit provenait de l\u2019Essonne, en r\u00e9gion parisienne, selon le procureur, qui d\u00e9crit le mode op\u00e9ratoire des fr\u00e8res trafiquants.<\/p>\n<p>Des go-fast vers Paris, Brest, Toulouse ou Poitiers<\/p>\n<p class=\" wall-content\">\u00ab\u2009Ensemble et de nuit, au volant de <strong>puissants v\u00e9hicules<\/strong> (dont ils changeaient chaque semaine), roulant en convoi de type\u2009<strong> \u2018go-fast\u2019,<\/strong>\u2009ils se rendaient sur des aires de repos autorouti\u00e8res ou sur des sorties de p\u00e9age sur l\u2019ensemble du territoire m\u00e9tropolitain\u2009\u00bb, citant notamment Agen, Brest, Toulouse, Poitiers ou la r\u00e9gion parisienne.<\/p>\n<p class=\" wall-content\">\u00ab\u2009Sur place, ils r\u00e9cup\u00e9raient le chargement de r\u00e9sine de cannabis en quantit\u00e9 importante et faisaient retour sur l\u2019agglom\u00e9ration nantaise au cours de la m\u00eame nuit.\u2009\u00bb Le dispositif de surveillance des policiers a permis, cette nuit-l\u00e0, de suivre le d\u00e9placement des mis en cause et de proc\u00e9der<strong> au coup de filet<\/strong>.<\/p>\n<p class=\" wall-content\"><strong>Trois autres hommes<\/strong>, suspect\u00e9s d\u2019\u00eatre des complices, ont \u00e9galement \u00e9t\u00e9 interpell\u00e9s, et cinq v\u00e9hicules ont \u00e9t\u00e9 saisis dans le cadre de ce trafic, que suivaient les enqu\u00eateurs de l\u2019Office Anti Stup\u00e9fiants de Nantes (OFAST) depuis plusieurs mois. Les cinq individus sont d\u00e9f\u00e9r\u00e9s ce mardi devant le juge d\u2019instruction. Le parquet de Nantes a requis leur placement en d\u00e9tention provisoire.<\/p>\n<p class=\" wall-content\">Suivez toute l\u2019actualit\u00e9 de vos villes et m\u00e9dias favoris en vous inscrivant \u00e0 <a href=\"https:\/\/moncompte.actu.fr\" title=\"D\u00e9couvez Mon Actu\" rel=\"nofollow noopener\" data-trk=\"{&quot;cta&quot;:{&quot;action&quot;:&quot;https:\\\/\\\/moncompte.actu.fr&quot;,&quot;category&quot;:&quot;mon compte&quot;,&quot;from&quot;:&quot;article footer&quot;,&quot;name&quot;:&quot;Mon actu&quot;,&quot;type&quot;:&quot;cta&quot;}}\" target=\"_blank\">Mon Actu<\/a>.<\/p>\n","protected":false},"excerpt":{"rendered":"Par Emma Derome Publi\u00e9 le 14 ao\u00fbt 2025 \u00e0 12h40 Ils alimentaient le quartier de Doulon-Botti\u00e8re, \u00e0 Nantes,&hellip;\n","protected":false},"author":2,"featured_media":318684,"comment_status":"","ping_status":"","sticky":false,"template":"","format":"standard","meta":{"footnotes":""},"categories":[2818],"tags":[1111,11,1052,1777,674,118,1011,27,766,12,2636,1072,25],"class_list":{"0":"post-318683","1":"post","2":"type-post","3":"status-publish","4":"format-standard","5":"has-post-thumbnail","7":"category-nantes","8":"tag-actu","9":"tag-actualites","10":"tag-drogue","11":"tag-eu","12":"tag-europe","13":"tag-faits-divers","14":"tag-fr","15":"tag-france","16":"tag-nantes","17":"tag-news","18":"tag-pays-de-la-loire","19":"tag-police","20":"tag-republique-francaise"},"share_on_mastodon":{"url":"https:\/\/pubeurope.com\/@fr\/115027351577566514","error":""},"_links":{"self":[{"href":"https:\/\/www.europesays.com\/fr\/wp-json\/wp\/v2\/posts\/318683","targetHints":{"allow":["GET"]}}],"collection":[{"href":"https:\/\/www.europesays.com\/fr\/wp-json\/wp\/v2\/posts"}],"about":[{"href":"https:\/\/www.europesays.com\/fr\/wp-json\/wp\/v2\/types\/post"}],"author":[{"embeddable":true,"href":"https:\/\/www.europesays.com\/fr\/wp-json\/wp\/v2\/users\/2"}],"replies":[{"embeddable":true,"href":"https:\/\/www.europesays.com\/fr\/wp-json\/wp\/v2\/comments?post=318683"}],"version-history":[{"count":0,"href":"https:\/\/www.europesays.com\/fr\/wp-json\/wp\/v2\/posts\/318683\/revisions"}],"wp:featuredmedia":[{"embeddable":true,"href":"https:\/\/www.europesays.com\/fr\/wp-json\/wp\/v2\/media\/318684"}],"wp:attachment":[{"href":"https:\/\/www.europesays.com\/fr\/wp-json\/wp\/v2\/media?parent=318683"}],"wp:term":[{"taxonomy":"category","embeddable":true,"href":"https:\/\/www.europesays.com\/fr\/wp-json\/wp\/v2\/categories?post=318683"},{"taxonomy":"post_tag","embeddable":true,"href":"https:\/\/www.europesays.com\/fr\/wp-json\/wp\/v2\/tags?post=318683"}],"curies":[{"name":"wp","href":"https:\/\/api.w.org\/{rel}","templated":true}]}}