{"id":318687,"date":"2025-08-14T13:28:21","date_gmt":"2025-08-14T13:28:21","guid":{"rendered":"https:\/\/www.europesays.com\/fr\/318687\/"},"modified":"2025-08-14T13:28:21","modified_gmt":"2025-08-14T13:28:21","slug":"podcast-bordeaux-avranches-menace-de-report-en-raison-de-la-canicule-bruno-irles-hausse-le-ton","status":"publish","type":"post","link":"https:\/\/www.europesays.com\/fr\/318687\/","title":{"rendered":"[Podcast] Bordeaux-Avranches menac\u00e9 de report en raison de la canicule, Bruno Irl\u00e8s hausse le ton"},"content":{"rendered":"<p><img decoding=\"async\" src=\"https:\/\/www.europesays.com\/fr\/wp-content\/uploads\/2025\/08\/671_4f8fc1bb2146ffafe741e8a0a9f85ec3.jpg\" alt=\"[Podcast] Bordeaux-Avranches menac\u00e9 de report en raison de la canicule, Bruno Irl\u00e8s hausse le ton\" class=\"img-responsive mt-3\"\/><\/p>\n<p class=\"text-center mb-3\" style=\"font-size: 14px\">\u00a9 Iconsport<\/p>\n<p style=\"text-align: justify;\">Nous vous proposons notre \u00e9mission le Talk en replay : le <a href=\"https:\/\/podcasts.webgirondins.com\/\" target=\"_blank\" rel=\"noopener\">podcast<\/a> ou directement sur <a href=\"https:\/\/www.youtube.com\/channel\/UCkyRgJ6uhixmPRaSKiEI9aw?view_as=subscriber\" target=\"_blank\" rel=\"noopener\">notre cha\u00eene YouTube<\/a>.<\/p>\n<p>Le Podcast :<\/p>\n<p>\u00a0<\/p>\n<p>Sur YouTube :<\/p>\n<p>Ce navigateur ne supporte pas les iframes<\/p>\n<p>\u00a0<\/p>\n<p>\u00c0 lire aussi &gt;&gt; <strong>Entra\u00eenement :<a href=\"https:\/\/www.webgirondins.com\/actualite-girondins-girondins-irles-tres-ferme-etonde-present-bahassa-de-retour-130031\" target=\"_blank\" rel=\"noopener\"><strong> Irl\u00e8s<\/strong> tr\u00e8s ferme, Etonde pr\u00e9sent, Bahassa de retour<\/a><\/strong><\/p>\n<p style=\"text-align: justify;\">Restez Connect\u00e9 aux infos des Girondins de Bordeaux gr\u00e2ce \u00e0 WhatsApp. Ne ratez plus aucune information importante. Rejoignez la<strong> <a href=\"https:\/\/whatsapp.com\/channel\/0029VaDygopCRs1h8xNMgI1y\" target=\"_blank\" rel=\"noopener\">cha\u00eene d&rsquo;information WhatsApp de WebGirondins<\/a><\/strong>. C&rsquo;est gratuit, avec 2 \u00e0 3 infos maximum par jour, r\u00e9sultat, interview, analyses etc.<\/p>\n","protected":false},"excerpt":{"rendered":"\u00a9 Iconsport Nous vous proposons notre \u00e9mission le Talk en replay : le podcast ou directement sur notre&hellip;\n","protected":false},"author":2,"featured_media":318688,"comment_status":"","ping_status":"","sticky":false,"template":"","format":"standard","meta":{"footnotes":""},"categories":[2817],"tags":[1111,11,2863,9108,17295,6005,1997,3211,6698,6100,1777,674,1011,27,4508,3212,1147,11961,12,2219,3725,13637,362,24384,25,3679,3585,133],"class_list":{"0":"post-318687","1":"post","2":"type-post","3":"status-publish","4":"format-standard","5":"has-post-thumbnail","7":"category-bordeaux","8":"tag-actu","9":"tag-actualites","10":"tag-aout","11":"tag-audio","12":"tag-avranches","13":"tag-beau","14":"tag-bordeaux","15":"tag-bruno","16":"tag-canicule","17":"tag-chaud","18":"tag-eu","19":"tag-europe","20":"tag-fr","21":"tag-france","22":"tag-hausse","23":"tag-irles","24":"tag-menace","25":"tag-midi","26":"tag-news","27":"tag-nouvelle-aquitaine","28":"tag-podcast","29":"tag-raison","30":"tag-replay","31":"tag-report","32":"tag-republique-francaise","33":"tag-revivez","34":"tag-tout","35":"tag-video"},"share_on_mastodon":{"url":"https:\/\/pubeurope.com\/@fr\/115027358811185749","error":""},"_links":{"self":[{"href":"https:\/\/www.europesays.com\/fr\/wp-json\/wp\/v2\/posts\/318687","targetHints":{"allow":["GET"]}}],"collection":[{"href":"https:\/\/www.europesays.com\/fr\/wp-json\/wp\/v2\/posts"}],"about":[{"href":"https:\/\/www.europesays.com\/fr\/wp-json\/wp\/v2\/types\/post"}],"author":[{"embeddable":true,"href":"https:\/\/www.europesays.com\/fr\/wp-json\/wp\/v2\/users\/2"}],"replies":[{"embeddable":true,"href":"https:\/\/www.europesays.com\/fr\/wp-json\/wp\/v2\/comments?post=318687"}],"version-history":[{"count":0,"href":"https:\/\/www.europesays.com\/fr\/wp-json\/wp\/v2\/posts\/318687\/revisions"}],"wp:featuredmedia":[{"embeddable":true,"href":"https:\/\/www.europesays.com\/fr\/wp-json\/wp\/v2\/media\/318688"}],"wp:attachment":[{"href":"https:\/\/www.europesays.com\/fr\/wp-json\/wp\/v2\/media?parent=318687"}],"wp:term":[{"taxonomy":"category","embeddable":true,"href":"https:\/\/www.europesays.com\/fr\/wp-json\/wp\/v2\/categories?post=318687"},{"taxonomy":"post_tag","embeddable":true,"href":"https:\/\/www.europesays.com\/fr\/wp-json\/wp\/v2\/tags?post=318687"}],"curies":[{"name":"wp","href":"https:\/\/api.w.org\/{rel}","templated":true}]}}