{"id":31869,"date":"2025-04-17T14:31:35","date_gmt":"2025-04-17T14:31:35","guid":{"rendered":"https:\/\/www.europesays.com\/fr\/31869\/"},"modified":"2025-04-17T14:31:35","modified_gmt":"2025-04-17T14:31:35","slug":"ligue-1-gros-coup-dur-pour-lol-avant-le-deplacement-a-saint-etienne","status":"publish","type":"post","link":"https:\/\/www.europesays.com\/fr\/31869\/","title":{"rendered":"Ligue 1 : Gros coup dur pour l\u2019OL avant le d\u00e9placement \u00e0 Saint-Etienne"},"content":{"rendered":"<p data-testid=\"article-teaser\">Le derby tant attendu entre Saint-\u00c9tienne et l\u2019OL re\u00e7oit une tr\u00e8s mauvaise nouvelle. Une d\u00e9cision pr\u00e9fectorale fait d\u00e9bat\u2026<\/p>\n<p>\u00c0 quelques jours d\u2019un derby crucial pour les deux clubs, une annonce du pr\u00e9fet de la Loire vient bouleverser les plans de l\u2019Olympique Lyonnais. Ce choc de la 30e journ\u00e9e de Ligue 1 se d\u00e9roulera dans une ambiance in\u00e9dite, sans les supporters rhodaniens.<\/p>\n<p>L&rsquo;article continue ci-dessous<\/p>\n","protected":false},"excerpt":{"rendered":"Le derby tant attendu entre Saint-\u00c9tienne et l\u2019OL re\u00e7oit une tr\u00e8s mauvaise nouvelle. Une d\u00e9cision pr\u00e9fectorale fait d\u00e9bat\u2026&hellip;\n","protected":false},"author":2,"featured_media":24688,"comment_status":"","ping_status":"","sticky":false,"template":"","format":"standard","meta":{"footnotes":""},"categories":[9653],"tags":[1111,11,2430,10807,1777,674,1011,27,8897,66,2428,12,3811,25,4001,10808],"class_list":{"0":"post-31869","1":"post","2":"type-post","3":"status-publish","4":"format-standard","5":"has-post-thumbnail","7":"category-saint-etienne","8":"tag-actu","9":"tag-actualites","10":"tag-auvergne-rhone-alpes","11":"tag-e-horneland","12":"tag-eu","13":"tag-europe","14":"tag-fr","15":"tag-france","16":"tag-j-maciel","17":"tag-ligue-1","18":"tag-lyon","19":"tag-news","20":"tag-p-fonseca","21":"tag-republique-francaise","22":"tag-saint-etienne","23":"tag-saint-etienne-vs-lyon"},"share_on_mastodon":{"url":"https:\/\/pubeurope.com\/@fr\/114353791548575271","error":""},"_links":{"self":[{"href":"https:\/\/www.europesays.com\/fr\/wp-json\/wp\/v2\/posts\/31869","targetHints":{"allow":["GET"]}}],"collection":[{"href":"https:\/\/www.europesays.com\/fr\/wp-json\/wp\/v2\/posts"}],"about":[{"href":"https:\/\/www.europesays.com\/fr\/wp-json\/wp\/v2\/types\/post"}],"author":[{"embeddable":true,"href":"https:\/\/www.europesays.com\/fr\/wp-json\/wp\/v2\/users\/2"}],"replies":[{"embeddable":true,"href":"https:\/\/www.europesays.com\/fr\/wp-json\/wp\/v2\/comments?post=31869"}],"version-history":[{"count":0,"href":"https:\/\/www.europesays.com\/fr\/wp-json\/wp\/v2\/posts\/31869\/revisions"}],"wp:featuredmedia":[{"embeddable":true,"href":"https:\/\/www.europesays.com\/fr\/wp-json\/wp\/v2\/media\/24688"}],"wp:attachment":[{"href":"https:\/\/www.europesays.com\/fr\/wp-json\/wp\/v2\/media?parent=31869"}],"wp:term":[{"taxonomy":"category","embeddable":true,"href":"https:\/\/www.europesays.com\/fr\/wp-json\/wp\/v2\/categories?post=31869"},{"taxonomy":"post_tag","embeddable":true,"href":"https:\/\/www.europesays.com\/fr\/wp-json\/wp\/v2\/tags?post=31869"}],"curies":[{"name":"wp","href":"https:\/\/api.w.org\/{rel}","templated":true}]}}